{"id":741084,"date":"2026-08-31T23:16:23","date_gmt":"2026-08-31T23:16:23","guid":{"rendered":"https:\/\/www.europesays.com\/es\/741084\/"},"modified":"2026-08-31T23:16:23","modified_gmt":"2026-08-31T23:16:23","slug":"salvados-anuncia-su-fecha-de-regreso-a-lasexta-y-desvela-los-primeros-4-protagonistas-de-su-nueva-temporada","status":"publish","type":"post","link":"https:\/\/www.europesays.com\/es\/741084\/","title":{"rendered":"&#8216;Salvados&#8217; anuncia su fecha de regreso a laSexta y desvela los primeros 4 protagonistas de su nueva temporada"},"content":{"rendered":"<p class=\"article-text\">\n        <strong>Salvados<\/strong> ya tiene fecha para estrenar su nueva temporada en <strong>laSexta<\/strong>. Y tambi\u00e9n su mayor\u00eda de edad, pues el nuevo curso coincidir\u00e1 con el 18\u00ba aniversario del veterano programa de reportajes. <strong>Gonzo<\/strong> y su equipo volver\u00e1n este <strong>domingo 6 de septiembre<\/strong> (21:30 horas) a la acci\u00f3n con una doble entrega dedicada a <strong>Rita Barber\u00e1<\/strong>. Otros protagonistas de la temporada <a href=\"https:\/\/www.eldiario.es\/vertele\/temas\/joaquin-reyes\/\" data-mrf-recirculation=\"links-noticia\" class=\"link\" rel=\"nofollow noopener\" target=\"_blank\">Joaqu\u00edn Reyes<\/a>, <strong>Miguel R\u00edos<\/strong> y <a href=\"https:\/\/www.eldiario.es\/vertele\/temas\/almudena-cid\/\" data-mrf-recirculation=\"links-noticia\" class=\"link\" rel=\"nofollow noopener\" target=\"_blank\">Almudena Cid<\/a>.\n    <\/p>\n<p>    <a href=\"https:\/\/www.eldiario.es\/vertele\/noticias\/incendio-plato-masterchef-madrid-maestros-de-la-costura-nonstop-studios_1_13475142.html\" data-mrf-recirculation=\"saber-mas\" data-dl-event=\"saber-mas\" rel=\"nofollow noopener\" target=\"_blank\"><\/p>\n<p class=\"know-more__title\">El plat\u00f3 de &#8216;MasterChef&#8217; se salva del incendio que ha arrasado parte de un complejo audiovisual de Madrid<\/p>\n<p>            <img decoding=\"async\" class=\"lazy\" loading=\"lazy\" data-src=\"https:\/\/static.eldiario.es\/clip\/9661b8af-f380-4466-9214-1347b9dbd8e2_16-9-aspect-ratio_default_0.jpg\" src=\"data:image\/svg+xml,%3Csvg xmlns=\" http:=\"\" viewbox=\"0 0 880 495\" alt=\"El plat\u00f3 de 'MasterChef' se salva del incendio que ha arrasado parte de un complejo audiovisual de Madrid\"\/><\/p>\n<p>                        <\/a><\/p>\n<p class=\"article-text\">\n        La nueva tanda mantendr\u00e1 la apuesta por los reportajes y las entrevistas en profundidad, aunque <strong>introducir\u00e1 distintas f\u00f3rmulas narrativas en funci\u00f3n de cada historia. <\/strong>La pol\u00edtica y los asuntos sociales volver\u00e1n a ocupar parte de sus entregas, junto a perfiles que buscar\u00e1n aproximarse a personajes conocidos desde terrenos menos habituales.\n    <\/p>\n<p class=\"article-text\">\n        El regreso se produce despu\u00e9s de que Salvados firmara su mejor temporada en sharede las \u00faltimas cinco. Seg\u00fan los datos facilitados por <a href=\"https:\/\/www.eldiario.es\/vertele\/temas\/atresmedia\/\" data-mrf-recirculation=\"links-noticia\" class=\"link\" rel=\"nofollow noopener\" target=\"_blank\">Atresmedia<\/a>, <strong>el programa cerr\u00f3 el curso con un 6,5% de cuota y cerca de 800.000 espectadores de media.<\/strong>\n    <\/p>\n<blockquote class=\"twitter-tweet\" data-lang=\"es\"><p><a href=\"https:\/\/twitter.com\/X\/status\/2094139061434732752?ref_src=twsrc%5Etfw\" rel=\"nofollow noopener\" target=\"_blank\"><\/p><\/blockquote>\n<p>    Rita Barber\u00e1 protagoniza el regreso de \u2018Salvados\u2019<\/p>\n<p class=\"article-text\">\n        <strong>La primera historia de la temporada estar\u00e1 dedicada a Rita Barber\u00e1 <\/strong>cuando se aproxima el<strong> d\u00e9cimo aniversario de su muerte.<\/strong> Salvados reconstruir\u00e1 la trayectoria de quien fue alcaldesa de Val\u00e8ncia durante 24 a\u00f1os a trav\u00e9s de un programa doble que abordar\u00e1 su recorrido pol\u00edtico y algunos de los episodios que marcaron su etapa en primera l\u00ednea.\n    <\/p>\n<p class=\"article-text\">\n        Para hacerlo, Gonzo <strong>conversar\u00e1 con personas que conocieron a Barber\u00e1 desde posiciones muy diferentes.<\/strong> El programa reunir\u00e1 antiguos compa\u00f1eros de partido, adversarios pol\u00edticos, periodistas y representantes de la sociedad civil valenciana con el objetivo de ofrecer distintas miradas sobre una de las figuras m\u00e1s reconocibles del PP durante varias d\u00e9cadas.\n    <\/p>\n<p>            <img decoding=\"async\" class=\"lazy\" loading=\"lazy\" data-src=\"https:\/\/static.eldiario.es\/clip\/45ad0555-3a5a-46d7-9c04-cd60c5e50274_16-9-discover-aspect-ratio_default_0.jpg\" src=\"data:image\/svg+xml,%3Csvg xmlns=\" http:=\"\" viewbox=\"0 0 1200 675\" alt=\"Imagen promocional de la nueva temporada de 'Salvados' presentada por Gozno\"\/><\/p>\n<p class=\"article-text\">\n        Entre los participantes estar\u00e1n el expresidente de la Generalitat Valenciana <strong>Francisco Camps, el exministro Jos\u00e9 Manuel Garc\u00eda-Margallo y Joan Rib\u00f3<\/strong>, que sucedi\u00f3 a Barber\u00e1 al frente del Ayuntamiento de Val\u00e8ncia. Tambi\u00e9n aportar\u00e1n sus testimonios <strong>Consuelo Reyna<\/strong>, exdirectora de Las Provincias, y <strong>Beatriz Garrote<\/strong>, de la Asociaci\u00f3n de V\u00edctimas del Metro 3 de julio.\n    <\/p>\n<p class=\"article-text\">\n        La entrega repasar\u00e1 diferentes momentos de la trayectoria de Barber\u00e1 y completar\u00e1 ese recorrido con testimonios de quienes compartieron con ella distintos \u00e1mbitos de su vida pol\u00edtica. El especial incorporar\u00e1 recuerdos personales, episodios ocurridos fuera de los focos y revelaciones in\u00e9ditas sobre la exalcaldesa.\n    <\/p>\n<p>    Otros protagonistas de la temporada<\/p>\n<p class=\"article-text\">\n        Tras su estreno, Salvados <strong>continuar\u00e1 ofreciendo una nueva historia cada semana<\/strong> y alternar\u00e1 asuntos de actualidad pol\u00edtica y social con entrevistas centradas en figuras p\u00fablicas. El programa pretende que el planteamiento visual y narrativo pueda variar dependiendo del personaje o del tema elegido para cada emisi\u00f3n.\n    <\/p>\n<p>            <img decoding=\"async\" class=\"lazy\" loading=\"lazy\" data-src=\"https:\/\/static.eldiario.es\/clip\/409db219-4c8c-4746-8033-bd9bd6162e07_16-9-discover-aspect-ratio_default_0.jpg\" src=\"data:image\/svg+xml,%3Csvg xmlns=\" http:=\"\" viewbox=\"0 0 1200 675\" alt=\"Joaqu\u00edn Reyes en 'El Hormiguero'\"\/><\/p>\n<p class=\"article-text\">\n        Uno de los pr\u00f3ximos protagonistas ser\u00e1 Joaqu\u00edn Reyes. Gonzo viajar\u00e1 con el humorista hasta el pueblo de la costa murciana en el que pasa sus veranos para <strong>mostrar una faceta alejada de los personajes y la comedia por los que es conocido<\/strong>. La entrega se plantea como una aproximaci\u00f3n a su terreno m\u00e1s personal.\n    <\/p>\n<p class=\"article-text\">\n        El programa tambi\u00e9n dedicar\u00e1 una emisi\u00f3n a Miguel R\u00edos, con un <strong>recorrido por su trayectoria personal y profesional y por su papel dentro de la m\u00fasica espa\u00f1ola<\/strong>. El cantante se convierte as\u00ed en otro de los nombres confirmados para una temporada que combinar\u00e1 perfiles individuales con investigaciones sobre cuestiones de car\u00e1cter social.\n    <\/p>\n<p>    <a href=\"https:\/\/www.eldiario.es\/vertele\/analisis\/nuestros-7-deseos-temporada-2026-2027-tv-adelanto-prime-time-claves-ganar-audiencia_1_13470322.html\" data-mrf-recirculation=\"saber-mas-abajo\" data-dl-event=\"saber-mas-abajo\" rel=\"nofollow noopener\" target=\"_blank\"><\/p>\n<p class=\"know-more__title\">Nuestros 7 deseos para la temporada 2026-2027 en TV: del adelanto del prime time a otras claves para ganar audiencia\n<\/p>\n<p>            <img decoding=\"async\" class=\"lazy\" loading=\"lazy\" data-src=\"https:\/\/static.eldiario.es\/clip\/8ad776eb-fe09-4bf7-ae95-98b17703a888_16-9-aspect-ratio_default_0.jpg\" src=\"data:image\/svg+xml,%3Csvg xmlns=\" http:=\"\" viewbox=\"0 0 880 495\" alt=\"Nuestros 7 deseos para la temporada 2026-2027 en TV: del adelanto del prime time a otras claves para ganar audiencia\"\/><\/p>\n<p>                        <\/a><\/p>\n<p class=\"article-text\">\n        Otra entrega de la temporada est\u00e1 centrada <strong>en las condiciones laborales de los deportistas de \u00e9lite<\/strong>, para la que Salvados contar\u00e1 con Almudena Cid. A partir de la experiencia de la exgimnasta, el programa pondr\u00e1 el foco en la <strong>desprotecci\u00f3n y la lucha por los derechos laborales de profesionales que no cotizaron durante sus cortas carreras deportivas<\/strong> y en las dificultades que afrontan cuando termina su etapa de competici\u00f3n.\n    <\/p>\n<p>                                        <script async src=\"https:\/\/platform.twitter.com\/widgets.js\" charset=\"utf-8\"><\/script><\/p>\n","protected":false},"excerpt":{"rendered":"Salvados ya tiene fecha para estrenar su nueva temporada en laSexta. Y tambi\u00e9n su mayor\u00eda de edad, pues&hellip;\n","protected":false},"author":2,"featured_media":741085,"comment_status":"","ping_status":"","sticky":false,"template":"","format":"standard","meta":{"footnotes":""},"categories":[171],"tags":[5881,56009,7537,146,147,25,24,5622,795,2145,12995,31487,23,1152,214,118621,739],"class_list":["post-741084","post","type-post","status-publish","format-standard","has-post-thumbnail","category-tv","tag-arranca","tag-barbera","tag-doble","tag-entertainment","tag-entretenimiento","tag-es","tag-espana","tag-lasexta","tag-nueva","tag-programa","tag-rita","tag-salvados","tag-spain","tag-temporada","tag-tv","tag-vt","tag-vuelve"],"share_on_mastodon":{"url":"https:\/\/pubeurope.com\/@es\/117192673841394993","error":""},"_links":{"self":[{"href":"https:\/\/www.europesays.com\/es\/wp-json\/wp\/v2\/posts\/741084","targetHints":{"allow":["GET"]}}],"collection":[{"href":"https:\/\/www.europesays.com\/es\/wp-json\/wp\/v2\/posts"}],"about":[{"href":"https:\/\/www.europesays.com\/es\/wp-json\/wp\/v2\/types\/post"}],"author":[{"embeddable":true,"href":"https:\/\/www.europesays.com\/es\/wp-json\/wp\/v2\/users\/2"}],"replies":[{"embeddable":true,"href":"https:\/\/www.europesays.com\/es\/wp-json\/wp\/v2\/comments?post=741084"}],"version-history":[{"count":0,"href":"https:\/\/www.europesays.com\/es\/wp-json\/wp\/v2\/posts\/741084\/revisions"}],"wp:featuredmedia":[{"embeddable":true,"href":"https:\/\/www.europesays.com\/es\/wp-json\/wp\/v2\/media\/741085"}],"wp:attachment":[{"href":"https:\/\/www.europesays.com\/es\/wp-json\/wp\/v2\/media?parent=741084"}],"wp:term":[{"taxonomy":"category","embeddable":true,"href":"https:\/\/www.europesays.com\/es\/wp-json\/wp\/v2\/categories?post=741084"},{"taxonomy":"post_tag","embeddable":true,"href":"https:\/\/www.europesays.com\/es\/wp-json\/wp\/v2\/tags?post=741084"}],"curies":[{"name":"wp","href":"https:\/\/api.w.org\/{rel}","templated":true}]}}