{"id":741098,"date":"2026-08-31T23:23:31","date_gmt":"2026-08-31T23:23:31","guid":{"rendered":"https:\/\/www.europesays.com\/es\/741098\/"},"modified":"2026-08-31T23:23:31","modified_gmt":"2026-08-31T23:23:31","slug":"de-keler-a-koipe-de-elgorriaga-a-zahor-el-recorrido-de-las-marcas-guipuzcoanas-que-siempre-seran-de-casa-aunque-ya-no-existan","status":"publish","type":"post","link":"https:\/\/www.europesays.com\/es\/741098\/","title":{"rendered":"De Keler a Koipe, de Elgorriaga a Zahor: el recorrido de las marcas guipuzcoanas que siempre ser\u00e1n de casa aunque ya no existan"},"content":{"rendered":"<p>01\/09\/2026<\/p>\n<p>Actualizado a las 00:21h.<\/p>\n<p class=\"v-d-p\" style=\"\">En Gipuzkoa hay marcas que uno da por ser de &#8216;casa&#8217; sin pensarlo dos veces. La cerveza Keler se pide en cualquier bar, el aceite Koipe lleva toda la vida en la despensa, el chocolate Elgorriaga ha dejado buen sabor de boca a miles y miles de ni\u00f1os guipuzcoanos, etc. Pocos saben que detr\u00e1s de esas marcas tan nuestras hay hoy grandes grupos nacionales, fondos de inversi\u00f3n extranjeros o f\u00e1bricas que se mudaron lejos. Muchas nacieron aqu\u00ed, con nombre y apellidos de ganaderos, cerveceros y obreros de la tierra, y el paso de los a\u00f1os las fue llevando a otras manos. La f\u00e1brica pudo cambiar de due\u00f1o, a veces hasta de provincia o pa\u00eds, pero la marca se qued\u00f3 arraigada en el imaginario colectivo de la tierra que la vio nacer.<\/p>\n<p class=\"v-d-p\" style=\"\">El camino tambi\u00e9n funciona al rev\u00e9s. Marcas que llegaron de fuera acabaron formando parte del paisaje guipuzcoano, tanto que cuesta creer que no nacieran aqu\u00ed. Dieron trabajo a miles de familias, sostuvieron pueblos enteros y se ganaron el cari\u00f1o que normalmente se reserva a lo propio. En este gr\u00e1fico repasamos algunas de esas historias: de ida y vuelta, de f\u00e1bricas que todav\u00eda resisten y de nombres que no han perdido su sitio en Gipuzkoa.<\/p>\n<p class=\"v-d-p\" style=\"\">Detr\u00e1s de los apellidos de las f\u00e1bricas y multinacionales hay objetos que cualquier guipuzcoano de cierta edad reconoce con solo verlos. El jab\u00f3n Lagarto que hab\u00eda en todas las casas, las boinas Elosegui, los discos Columbia que sonaban en los salones, la m\u00e1quina de coser Alfa que todav\u00eda guarda alguna amona. Repasamos algunos de estos productos, d\u00f3nde nacieron y qu\u00e9 fue de ellos. <\/p>\n<p><img decoding=\"async\" id=\"g-2productos-L-img\" class=\"g-2productos-L-img g-aiImg\" alt=\"\" src=\"https:\/\/www.europesays.com\/es\/wp-content\/uploads\/2026\/08\/2productos-L.jpg\"\/><\/p>\n<p class=\"g-pstyle3\">Bilore S.A (1897)- Grupo Colmar (actualidad)<\/p>\n<p>La emblem\u00e1tica f\u00e1brica de jabones y detergentes fue fundada en Ordizia por Jos\u00e9 Gregorio Arana Goikoetxea. M\u00e1s adelante, la f\u00e1brica se traslad\u00f3 a Zaldibia. Cerr\u00f3 en 2003 y fue demolida en 2021. Hoy se f\u00e1brica fuera de Gipuzkoa. <\/p>\n<p>Elgorriaga Chocolates S.A (fundaci\u00f3n) Urbasa Global Brands (hoy)<\/p>\n<p>Sus inicios est\u00e1n ligados a la apertura de una tienda de chocolates por la familia Elgorriaga en Ir\u00fan. En 1838 comenz\u00f3 la fabricaci\u00f3n artesanal de estos chocolates y en 1954 se cre\u00f3 la primera f\u00e1brica. Su producto estrella era el Chocolate la Campana. La f\u00e1brica de Ir\u00fan cerro en 1997 y hoy su planta est\u00e1 en \u00c1vila.<\/p>\n<p class=\"g-pstyle4\">Olave Solozabal y C\u00eda (1920) Tuncalya S.L (actualidad)<\/p>\n<p>Esta marca de art\u00edculos de escritorio fue fundada por Jos\u00e9 Enrique Aranz\u00e1bal y Juan Soloz\u00e1bal. Se conoc\u00eda como El Casco, por la firma que las manufacturaba. Hoy la grapadora M-E es considerada un cl\u00e1sico del dise\u00f1o. La f\u00e1brica se traslad\u00f3 al pol\u00edgono de Elgeta en 2010, pero su producci\u00f3n est\u00e1 paralizada y las puertas de la f\u00e1brica cerradas<\/p>\n<p>En sus inicios, esta empresa industrial metal\u00fargica se dedicaba a la producci\u00f3n de armas de fuego, pero a partir de 1925 introdujeron el que ser\u00eda su producto estrella: la m\u00e1quina de coser. Alfa fue la primera cooperativa de Espa\u00f1a. A finales del siglo XX, la f\u00e1brica en el Paseo San Andr\u00e9s dej\u00f3 de funcionar y se demoli\u00f3 en 2004. Hoy se producen bajo la firma Poessa.<\/p>\n<p><img decoding=\"async\" id=\"g-2productos-XS-img\" class=\"g-2productos-XS-img g-aiImg\" alt=\"\" src=\"https:\/\/www.europesays.com\/es\/wp-content\/uploads\/2026\/08\/2productos-XS.jpg\"\/><\/p>\n<p class=\"g-pstyle3\">Bilore S.A (1897)- Grupo Colmar (actualidad)<\/p>\n<p>La emblem\u00e1tica f\u00e1brica de jabones y detergentes fue fundada en Ordizia por Jos\u00e9 Gregorio Arana Goikoetxea. M\u00e1s adelante, la f\u00e1brica se traslad\u00f3 a Zaldibia. Cerr\u00f3 en 2003 y fue demolida en 2021. Hoy se f\u00e1brica fuera de Gipuzkoa.<\/p>\n<p>Elgorriaga Chocolates S.A (fundaci\u00f3n) Urbasa Global Brands (hoy)<\/p>\n<p>Sus inicios est\u00e1n ligados a la apertura de una tienda de chocolates por la familia Elgorriaga en Ir\u00fan. En 1838 comenz\u00f3 la fabricaci\u00f3n artesanal de estos chocolates y en 1954 se cre\u00f3 la primera f\u00e1brica. Su producto estrella era el Chocolate la Campana. La f\u00e1brica de Ir\u00fan cerro en 1997 y hoy su planta est\u00e1 en \u00c1vila.<\/p>\n<p class=\"g-pstyle6\">Olave Solozabal y C\u00eda (1920) Tuncalya S.L (actualidad)<\/p>\n<p>Esta marca de art\u00edculos de escritorio fue fundada por Jos\u00e9 Enrique Aranz\u00e1bal y Juan Soloz\u00e1bal. Se conoc\u00eda como El Casco, por la firma que las manufacturaba. Hoy la grapadora M-E es considerada un cl\u00e1sico del dise\u00f1o. La f\u00e1brica se traslad\u00f3 al pol\u00edgono de Elgeta en 2010, pero su producci\u00f3n est\u00e1 paralizada y las puertas de la f\u00e1brica cerradas<\/p>\n<p>En sus inicios, esta empresa industrial metal\u00fargica se dedicaba a la producci\u00f3n de armas de fuego, pero a partir de 1925 introdujeron el que ser\u00eda su producto estrella: la m\u00e1quina de coser. Alfa fue la primera cooperativa de Espa\u00f1a. A finales del siglo XX, la f\u00e1brica en el Paseo San Andr\u00e9s dej\u00f3 de funcionar y se demoli\u00f3 en 2004. Hoy se producen bajo la firma Poessa.<\/p>\n<p><img decoding=\"async\" id=\"g-2productos-S-img\" class=\"g-2productos-S-img g-aiImg\" alt=\"\" src=\"https:\/\/www.europesays.com\/es\/wp-content\/uploads\/2026\/08\/2productos-S.jpg\"\/><\/p>\n<p class=\"g-pstyle3\">Bilore S.A (1897)- Grupo Colmar (actualidad)<\/p>\n<p>La emblem\u00e1tica f\u00e1brica de jabones y detergentes fue fundada en Ordizia por Jos\u00e9 Gregorio Arana Goikoetxea. M\u00e1s adelante, la f\u00e1brica se traslad\u00f3 a Zaldibia. Cerr\u00f3 en 2003 y fue demolida en 2021. Hoy se f\u00e1brica fuera de Gipuzkoa.<\/p>\n<p>Elgorriaga Chocolates S.A (fundaci\u00f3n) Urbasa Global Brands (hoy)<\/p>\n<p>Sus inicios est\u00e1n ligados a la apertura de una tienda de chocolates por la familia Elgorriaga en Ir\u00fan. En 1838 comenz\u00f3 la fabricaci\u00f3n artesanal de estos chocolates y en 1954 se cre\u00f3 la primera f\u00e1brica. Su producto estrella era el Chocolate la Campana. La f\u00e1brica de Ir\u00fan cerro en 1997 y hoy su planta est\u00e1 en \u00c1vila.<\/p>\n<p class=\"g-pstyle6\">Olave Solozabal y C\u00eda (1920) Tuncalya S.L (actualidad)<\/p>\n<p>Esta marca de art\u00edculos de escritorio fue fundada por Jos\u00e9 Enrique Aranz\u00e1bal y Juan Soloz\u00e1bal. Se conoc\u00eda como El Casco, por la firma que las manufacturaba. Hoy la grapadora M-E es considerada un cl\u00e1sico del dise\u00f1o. La f\u00e1brica se traslad\u00f3 al pol\u00edgono de Elgeta en 2010, pero su producci\u00f3n est\u00e1 paralizada y las puertas de la f\u00e1brica cerradas<\/p>\n<p>En sus inicios, esta empresa industrial metal\u00fargica se dedicaba a la producci\u00f3n de armas de fuego, pero a partir de 1925 introdujeron el que ser\u00eda su producto estrella: la m\u00e1quina de coser. Alfa fue la primera cooperativa de Espa\u00f1a. A finales del siglo XX, la f\u00e1brica en el Paseo San Andr\u00e9s dej\u00f3 de funcionar y se demoli\u00f3 en 2004. Hoy se producen bajo la firma Poessa.<\/p>\n<p><img decoding=\"async\" id=\"g-2productos-M-img\" class=\"g-2productos-M-img g-aiImg\" alt=\"\" src=\"https:\/\/www.europesays.com\/es\/wp-content\/uploads\/2026\/08\/2productos-M.jpg\"\/><\/p>\n<p>La emblem\u00e1tica f\u00e1brica de jabones y detergentes fue fundada en Ordizia por Jos\u00e9 Gregorio Arana Goikoetxea. M\u00e1s adelante, la f\u00e1brica se traslad\u00f3 a Zaldibia. Cerr\u00f3 en 2003 y fue demolida en 2021. Hoy se f\u00e1brica fuera de Gipuzkoa.<\/p>\n<p class=\"g-pstyle4\">Bilore S.A (1897)- Grupo Colmar (actualidad)<\/p>\n<p>Sus inicios est\u00e1n ligados a la apertura de una tienda de chocolates por la familia Elgorriaga en Ir\u00fan. En 1838 comenz\u00f3 la fabricaci\u00f3n artesanal de estos chocolates y en 1954 se cre\u00f3 la primera f\u00e1brica. Su producto estrella era el Chocolate la Campana. La f\u00e1brica de Ir\u00fan cerro en 1997 y hoy su planta est\u00e1 en \u00c1vila.<\/p>\n<p>Elgorriaga Chocolates S.A (fundaci\u00f3n) Urbasa Global Brands (hoy)<\/p>\n<p>Esta marca de art\u00edculos de escritorio fue fundada por Jos\u00e9 Enrique Aranz\u00e1bal y Juan Soloz\u00e1bal. Se conoc\u00eda como El Casco, por la firma que las manufacturaba. Hoy la grapadora M-E es considerada un cl\u00e1sico del dise\u00f1o. La f\u00e1brica se traslad\u00f3 al pol\u00edgono de Elgeta en 2010, pero su producci\u00f3n est\u00e1 paralizada y las puertas de la f\u00e1brica cerradas<\/p>\n<p class=\"g-pstyle6\">Olave Solozabal y C\u00eda (1920) Tuncalya S.L (actualidad)<\/p>\n<p>En sus inicios, esta empresa industrial metal\u00fargica se dedicaba a la producci\u00f3n de armas de fuego, pero a partir de 1925 introdujeron el que ser\u00eda su producto estrella: la m\u00e1quina de coser. Alfa fue la primera cooperativa de Espa\u00f1a. A finales del siglo XX, la f\u00e1brica en el Paseo San Andr\u00e9s dej\u00f3 de funcionar y se demoli\u00f3 en 2004. Hoy se producen bajo la firma Poessa.<\/p>\n<p>\nColoca el rat\u00f3n sobre el producto para m\u00e1s informaci\u00f3n    <\/p>\n<p>       \u2039 \u203a  \u00d7    <img decoding=\"async\" id=\"objeto-modal-img\" src=\"\" alt=\"\"\/>             <\/p>\n<p><img decoding=\"async\" id=\"g-productos-XS-img\" class=\"g-productos-XS-img g-aiImg\" alt=\"\" src=\"https:\/\/www.europesays.com\/es\/wp-content\/uploads\/2026\/08\/productos-XS.jpg\"\/><\/p>\n<p class=\"g-pstyle0\">Las f\u00e1bricas, municipio a municipio<\/p>\n<p class=\"g-pstyle6\">Keler y cervezas El Le\u00f3n<\/p>\n<p>La f\u00e1brica de la marca de los hermanos Kutz estaba en el barrio Benta Berri. Ah\u00ed se produc\u00edan las cervezas El Le\u00f3n y, posteriormente, la cerveza Keler<\/p>\n<p>Planta de Lizariturry y Rezola, ubicada en el barrio del Antiguo <\/p>\n<p>Barrio de Benta Berri (demolida en la d\u00e9cada de 1990)<\/p>\n<p>Las oficinas estaban en la Plaza de Julio Caro Baroja. Sus instalaciones en Martutene sufrieron un atentado en 1985<\/p>\n<p>Ubicada en el barrio El Antiguo, en la actual calle Maestro Guridi <\/p>\n<p>Antes de ser comprada por Coca Cola, se fabricaba en el distrito de Antxo<\/p>\n<p>Ubicada en el actual barrio de Olibet<\/p>\n<p>Estaba ubicada en las inmediaciones de lo que hoy es el espacio Palmera-Montero<\/p>\n<p>La f\u00e1brica estaba ubicada en el barrio de Aneka<\/p>\n<p>A comienzos del siglo XX Francisco Elgorriaga abri\u00f3 una f\u00e1brica para su negocio familiar en Mend\u00edbil<\/p>\n<p>Durante a\u00f1os, oper\u00f3 en Eibar. En su \u00faltima etapa, se traslad\u00f3 al pol\u00edgono industrial de Elgeta<\/p>\n<p>El primer taller se encontraba en la Calle Vista Alegre. La planta dedicada a las m\u00e1quinas de coser se encontraba en el Paseo de San Andr\u00e9s. Hoy, la sede de la empresa est\u00e1 en la calle Torrekua <\/p>\n<p>La f\u00e1brica estaba en la avenida Otaola, junto a la antigua carretera de Donostia a Bilbao<\/p>\n<p>Naci\u00f3 en Donostia pero la f\u00e1brica principal se estaba en O\u00f1ati <\/p>\n<p class=\"g-pstyle8\">La sede central est\u00e1 ubicada en el pol\u00edgono industrial de Legazpi<\/p>\n<p>Aunque fue creada en Ordizia, la f\u00e1brica principal se traslad\u00f3 pronto a Zaldibia<\/p>\n<p>La empresa comenz\u00f3 en un peque\u00f1o taller en el centro urbano. Luego se traslad\u00f3 a su sede actual en la zona de Usabal <\/p>\n<p><img decoding=\"async\" id=\"g-productos-S-img\" class=\"g-productos-S-img g-aiImg\" alt=\"\" src=\"https:\/\/www.europesays.com\/es\/wp-content\/uploads\/2026\/08\/productos-S.jpg\"\/><\/p>\n<p class=\"g-pstyle0\">Las f\u00e1bricas, municipio a municipio<\/p>\n<p class=\"g-pstyle7\">Keler y cervezas El Le\u00f3n<\/p>\n<p>La f\u00e1brica de la marca de los hermanos Kutz estaba en el barrio Benta Berri. Ah\u00ed se produc\u00edan las cervezas El Le\u00f3n y, posteriormente, la cerveza Keler<\/p>\n<p>Planta de Lizariturry y Rezola, ubicada en el barrio del Antiguo <\/p>\n<p>Barrio de Benta Berri (demolida en la d\u00e9cada de 1990)<\/p>\n<p>Las oficinas estaban en la Plaza de Julio Caro Baroja. Sus instalaciones en Martutene sufrieron un atentado en 1985<\/p>\n<p>Ubicada en el barrio El Antiguo, en la actual calle Maestro Guridi <\/p>\n<p>Antes de ser comprada por Coca Cola, se fabricaba en el distrito de Antxo<\/p>\n<p>Ubicada en el actual barrio de Olibet<\/p>\n<p>Estaba ubicada en las inmediaciones de lo que hoy es el espacio Palmera-Montero<\/p>\n<p>La f\u00e1brica estaba ubicada en el barrio de Aneka<\/p>\n<p>A comienzos del siglo XX Francisco Elgorriaga abri\u00f3 una f\u00e1brica para su negocio familiar en Mend\u00edbil<\/p>\n<p>Durante a\u00f1os, oper\u00f3 en Eibar. En su \u00faltima etapa, se traslad\u00f3 al pol\u00edgono industrial de Elgeta<\/p>\n<p>El primer taller se encontraba en la Calle Vista Alegre. La planta dedicada a las m\u00e1quinas de coser se encontraba en el Paseo de San Andr\u00e9s. Hoy, la sede de la empresa est\u00e1 en la calle Torrekua <\/p>\n<p>La f\u00e1brica estaba en la avenida Otaola, junto a la antigua carretera de Donostia a Bilbao<\/p>\n<p>Naci\u00f3 en Donostia pero la f\u00e1brica principal se estaba en O\u00f1ati <\/p>\n<p class=\"g-pstyle9\">La sede central est\u00e1 ubicada en el pol\u00edgono industrial de Legazpi<\/p>\n<p>Aunque fue creada en Ordizia, la f\u00e1brica principal se traslad\u00f3 pronto a Zaldibia<\/p>\n<p>La empresa comenz\u00f3 en un peque\u00f1o taller en el centro urbano. Luego se traslad\u00f3 a su sede actual en la zona de Usabal <\/p>\n<p><img decoding=\"async\" id=\"g-productos-M-img\" class=\"g-productos-M-img g-aiImg\" alt=\"\" src=\"https:\/\/www.europesays.com\/es\/wp-content\/uploads\/2026\/08\/productos-M.jpg\"\/><\/p>\n<p class=\"g-pstyle0\">Las f\u00e1bricas, municipio a municipio<\/p>\n<p class=\"g-pstyle6\">Keler y cervezas El Le\u00f3n<\/p>\n<p>La f\u00e1brica de la marca de los hermanos Kutz estaba en el barrio Benta Berri. Ah\u00ed se produc\u00edan las cervezas El Le\u00f3n y, posteriormente, la cerveza Keler<\/p>\n<p>Planta de Lizariturry y Rezola, ubicada en el barrio del Antiguo <\/p>\n<p>Barrio de Benta Berri (demolida en la d\u00e9cada de 1990)<\/p>\n<p>Las oficinas estaban en la Plaza de Julio Caro Baroja. Sus instalaciones en Martutene sufrieron un atentado en 1985<\/p>\n<p>Ubicada en el barrio El Antiguo, en la actual calle Maestro Guridi <\/p>\n<p>Antes de ser comprada por Coca Cola, se fabricaba en el distrito de Antxo<\/p>\n<p>Ubicada en el actual barrio de Olibet<\/p>\n<p>Estaba ubicada en las inmediaciones de lo que hoy es el espacio Palmera-Montero<\/p>\n<p>La f\u00e1brica estaba ubicada en el barrio de Aneka<\/p>\n<p>A comienzos del siglo XX Francisco Elgorriaga abri\u00f3 una f\u00e1brica para su negocio familiar en Mend\u00edbil<\/p>\n<p>Durante a\u00f1os, oper\u00f3 en Eibar. En su \u00faltima etapa, se traslad\u00f3 al pol\u00edgono industrial de Elgeta<\/p>\n<p>El primer taller se encontraba en la Calle Vista Alegre. La planta dedicada a las m\u00e1quinas de coser se encontraba en el Paseo de San Andr\u00e9s. Hoy, la sede de la empresa est\u00e1 en la calle Torrekua <\/p>\n<p>La f\u00e1brica estaba en la avenida Otaola, junto a la antigua carretera de Donostia a Bilbao<\/p>\n<p>Naci\u00f3 en Donostia pero la f\u00e1brica principal se estaba en O\u00f1ati <\/p>\n<p class=\"g-pstyle8\">La sede central est\u00e1 ubicada en el pol\u00edgono industrial de Legazpi<\/p>\n<p>Aunque fue creada en Ordizia, la f\u00e1brica principal se traslad\u00f3 pronto a Zaldibia<\/p>\n<p>La empresa comenz\u00f3 en un peque\u00f1o taller en el centro urbano. Luego se traslad\u00f3 a su sede actual en la zona de Usabal <\/p>\n<p><img decoding=\"async\" id=\"g-productos-L-img\" class=\"g-productos-L-img g-aiImg\" alt=\"\" src=\"https:\/\/www.europesays.com\/es\/wp-content\/uploads\/2026\/08\/productos-L.jpg\"\/><\/p>\n<p class=\"g-pstyle0\">Las f\u00e1bricas, municipio a municipio<\/p>\n<p class=\"g-pstyle1\">Keler y cervezas El Le\u00f3n<\/p>\n<p>La f\u00e1brica de la marca de los hermanos Kutz estaba en el barrio Benta Berri. Ah\u00ed se produc\u00edan las cervezas El Le\u00f3n y, posteriormente, la cerveza Keler<\/p>\n<p>Estaba ubicada en las inmediaciones de lo que hoy es el espacio Palmera-Montero<\/p>\n<p>Las oficinas estaban en la Plaza de Julio Caro Baroja. Sus instalaciones en Martutene sufrieron un atentado en 1985<\/p>\n<p>La planta de Lizariturry y Rezola estaba en el barrio del Antiguo <\/p>\n<p>La f\u00e1brica estaba en el barrio de Aneka<\/p>\n<p>A comienzos del siglo XX Francisco Elgorriaga abri\u00f3 una f\u00e1brica para su negocio familiar en Mend\u00edbil<\/p>\n<p>Barrio de Benta Berri (demolida en la d\u00e9cada de 1990)<\/p>\n<p>Ubicada en el barrio El Antiguo, en la actual calle Maestro Guridi <\/p>\n<p>Durante a\u00f1os, oper\u00f3 en Eibar. En su \u00faltima etapa, se traslad\u00f3 al pol\u00edgono industrial de Elgeta<\/p>\n<p>Antes de ser comprada por Coca Cola, se fabricaba en el distrito de Antxo<\/p>\n<p>Ubicada en el actual barrio de Olibet<\/p>\n<p>La sede central est\u00e1 ubicada en el pol\u00edgono industrial de Legazpi<\/p>\n<p>El primer taller se encontraba en la Calle Vista Alegre. La planta dedicada a las m\u00e1quinas de coser se encontraba en el Paseo de San Andr\u00e9s. Hoy, la sede de la empresa est\u00e1 en la calle Torrekua <\/p>\n<p>La empresa comenz\u00f3 en un peque\u00f1o taller en el centro urbano. Luego se traslad\u00f3 a su sede actual en la zona de Usabal <\/p>\n<p>Aunque fue creada en Ordizia, la f\u00e1brica principal se traslad\u00f3 pronto a Zaldibia<\/p>\n<p>La f\u00e1brica estaba en la avenida Otaola, junto a la antigua carretera de Donostia a Bilbao<\/p>\n<p>Naci\u00f3 en Donostia pero la f\u00e1brica principal estaba en O\u00f1ati <\/p>\n<p>\nAs\u00ed se publicitaban los productos\n<\/p>\n<p class=\"v-d-p\" style=\"\">Casi tan importante como la calidad del producto era la publicidad que se hac\u00eda en la \u00e9poca. Cada una cuenta su historia. Un lim\u00f3n sonriente para vender un refresco, anuncios de m\u00e1quinas de coser dirigidos siempre a las amas de casa, un jab\u00f3n que debe su nombre a una superstici\u00f3n de f\u00e1brica. Peque\u00f1as an\u00e9cdotas que explican, mejor que cualquier dato, c\u00f3mo estas marcas conquistaron el coraz\u00f3n de los guipuzcoanos.<\/p>\n<p><img decoding=\"async\" id=\"g-1productos-L-img\" class=\"g-1productos-L-img g-aiImg\" alt=\"\" src=\"https:\/\/www.europesays.com\/es\/wp-content\/uploads\/2026\/08\/1productos-L.jpg\"\/><\/p>\n<p>El logotipo de Schuss era un lim\u00f3n sonriente, ya que los refrescos eran reconocidos por su caracter\u00edstico sabor \u00e1cido<\/p>\n<p>Olibet fue pionera en la fabricaci\u00f3n de la galleta Mar\u00eda en Espa\u00f1a, aunque luego se produjeron masivamente por la marca Fontaneda<\/p>\n<p>Se dice que el lagarto, \u00edcono y nombre del jab\u00f3n, surgi\u00f3 de una an\u00e9cdota en la propia f\u00e1brica. Los operarios tem\u00edan que la maquinaria pudiera fallar y dec\u00edan supersticiosamente \u00a1lagarto, lagarto! Despu\u00e9s del \u00e9xito del producto, decidieron bautizarlo con ese nombre<\/p>\n<p>Como era com\u00fan en la \u00e9poca, los anuncios de las m\u00e1quinas de coser iban dirigidos a las amas de casa <\/p>\n<p><img decoding=\"async\" id=\"g-1productos-XS-img\" class=\"g-1productos-XS-img g-aiImg\" alt=\"\" src=\"https:\/\/www.europesays.com\/es\/wp-content\/uploads\/2026\/08\/1productos-XS.jpg\"\/><\/p>\n<p>El logotipo de Schuss era un lim\u00f3n sonriente, ya que los refrescos eran reconocidos por su caracter\u00edstico sabor \u00e1cido<\/p>\n<p>Olibet fue pionera en la fabricaci\u00f3n de la galleta Mar\u00eda en Espa\u00f1a, aunque luego se produjeron masivamente por la marca Fontaneda<\/p>\n<p>Se dice que el lagarto, \u00edcono y nombre del jab\u00f3n, surgi\u00f3 de una an\u00e9cdota en la propia f\u00e1brica. Los operarios tem\u00edan que la maquinaria pudiera fallar y dec\u00edan supersticiosamente \u00a1lagarto, lagarto! Despu\u00e9s del \u00e9xito del producto, decidieron bautizarlo con ese nombre<\/p>\n<p>Como era com\u00fan en la \u00e9poca, los anuncios de las m\u00e1quinas de coser iban dirigidos a las amas de casa <\/p>\n<p><img decoding=\"async\" id=\"g-1productos-S-img\" class=\"g-1productos-S-img g-aiImg\" alt=\"\" src=\"https:\/\/www.europesays.com\/es\/wp-content\/uploads\/2026\/08\/1productos-S.jpg\"\/><\/p>\n<p>El logotipo de Schuss era un lim\u00f3n sonriente, ya que los refrescos eran reconocidos por su caracter\u00edstico sabor \u00e1cido<\/p>\n<p>Olibet fue pionera en la fabricaci\u00f3n de la galleta Mar\u00eda en Espa\u00f1a, aunque luego se produjeron masivamente por la marca Fontaneda<\/p>\n<p>Se dice que el lagarto, \u00edcono y nombre del jab\u00f3n, surgi\u00f3 de una an\u00e9cdota en la propia f\u00e1brica. Los operarios tem\u00edan que la maquinaria pudiera fallar y dec\u00edan supersticiosamente \u00a1lagarto, lagarto! Despu\u00e9s del \u00e9xito del producto, decidieron bautizarlo con ese nombre<\/p>\n<p>Como era com\u00fan en la \u00e9poca, los anuncios de las m\u00e1quinas de coser iban dirigidos a las amas de casa <\/p>\n<p><img decoding=\"async\" id=\"g-1productos-M-img\" class=\"g-1productos-M-img g-aiImg\" alt=\"\" src=\"https:\/\/www.europesays.com\/es\/wp-content\/uploads\/2026\/08\/1productos-M.jpg\"\/><\/p>\n<p>El logotipo de Schuss era un lim\u00f3n sonriente, ya que los refrescos eran reconocidos por su caracter\u00edstico sabor \u00e1cido<\/p>\n<p>Olibet fue pionera en la fabricaci\u00f3n de la galleta Mar\u00eda en Espa\u00f1a, aunque luego se produjeron masivamente por la marca Fontaneda<\/p>\n<p>Se dice que el lagarto, \u00edcono y nombre del jab\u00f3n, surgi\u00f3 de una an\u00e9cdota en la propia f\u00e1brica. Los operarios tem\u00edan que la maquinaria pudiera fallar y dec\u00edan supersticiosamente \u00a1lagarto, lagarto! Despu\u00e9s del \u00e9xito del producto, decidieron bautizarlo con ese nombre<\/p>\n<p>Como era com\u00fan en la \u00e9poca, los anuncios de las m\u00e1quinas de coser iban dirigidos a las amas de casa <\/p>\n<p>Anuncio de los chocolates Zahor de la d\u00e9cada de 1970.<\/p>\n","protected":false},"excerpt":{"rendered":"01\/09\/2026 Actualizado a las 00:21h. En Gipuzkoa hay marcas que uno da por ser de &#8216;casa&#8217; sin pensarlo&hellip;\n","protected":false},"author":2,"featured_media":741099,"comment_status":"","ping_status":"","sticky":false,"template":"","format":"standard","meta":{"footnotes":""},"categories":[80],"tags":[82,385,95,94,131530,25,24,131532,97285,131529,48021,9614,1786,369,23,131531],"class_list":["post-741098","post","type-post","status-publish","format-standard","has-post-thumbnail","category-economia","tag-business","tag-casa","tag-economia","tag-economy","tag-elgorriaga","tag-es","tag-espana","tag-existan","tag-guipuzcoanas","tag-keler","tag-koipe","tag-marcas","tag-recorrido","tag-siempre","tag-spain","tag-zahor"],"share_on_mastodon":{"url":"https:\/\/pubeurope.com\/@es\/117192702784678505","error":""},"_links":{"self":[{"href":"https:\/\/www.europesays.com\/es\/wp-json\/wp\/v2\/posts\/741098","targetHints":{"allow":["GET"]}}],"collection":[{"href":"https:\/\/www.europesays.com\/es\/wp-json\/wp\/v2\/posts"}],"about":[{"href":"https:\/\/www.europesays.com\/es\/wp-json\/wp\/v2\/types\/post"}],"author":[{"embeddable":true,"href":"https:\/\/www.europesays.com\/es\/wp-json\/wp\/v2\/users\/2"}],"replies":[{"embeddable":true,"href":"https:\/\/www.europesays.com\/es\/wp-json\/wp\/v2\/comments?post=741098"}],"version-history":[{"count":0,"href":"https:\/\/www.europesays.com\/es\/wp-json\/wp\/v2\/posts\/741098\/revisions"}],"wp:featuredmedia":[{"embeddable":true,"href":"https:\/\/www.europesays.com\/es\/wp-json\/wp\/v2\/media\/741099"}],"wp:attachment":[{"href":"https:\/\/www.europesays.com\/es\/wp-json\/wp\/v2\/media?parent=741098"}],"wp:term":[{"taxonomy":"category","embeddable":true,"href":"https:\/\/www.europesays.com\/es\/wp-json\/wp\/v2\/categories?post=741098"},{"taxonomy":"post_tag","embeddable":true,"href":"https:\/\/www.europesays.com\/es\/wp-json\/wp\/v2\/tags?post=741098"}],"curies":[{"name":"wp","href":"https:\/\/api.w.org\/{rel}","templated":true}]}}