{"id":741100,"date":"2026-08-31T23:24:12","date_gmt":"2026-08-31T23:24:12","guid":{"rendered":"https:\/\/www.europesays.com\/es\/741100\/"},"modified":"2026-08-31T23:24:12","modified_gmt":"2026-08-31T23:24:12","slug":"muere-el-ex-primer-ministro-frances-edouard-balladur-a-los-97-anos-france-24","status":"publish","type":"post","link":"https:\/\/www.europesays.com\/es\/741100\/","title":{"rendered":"Muere el ex primer ministro franc\u00e9s \u00c9douard Balladur a los 97 a\u00f1os &#8211; France 24"},"content":{"rendered":"<ol>\n<li><a href=\"https:\/\/news.google.com\/rss\/articles\/CBMizwFBVV95cUxNUm9idngzMTE1c0FIYXlOOFBYNjZXZkQ2RF9oaFl1WFZBQTBjZXFuRFBCMUVTM2NaVmx6bDd4Q216S2NIQzk5OFpBZGNQM1Z3M2Q1RVI0bFBNQ0g3TVduWXVwQXJQbzNQWU1JZnZjbkh4RzFmR2pWc1JmT2pfNVp2UkR2SThQZVpaNHNsZ0djYlBRNnViVWdnZjdPbVJuc3V6aDdmQ0M3cHA2Uk9xV3FETXREZkNlaHpuVm5RRUJaV2NJVllxaElORF9hUGZvTUk?oc=5\" target=\"_blank\" rel=\"nofollow noopener\">Muere el ex primer ministro franc\u00e9s \u00c9douard Balladur a los 97 a\u00f1os<\/a>&nbsp;&nbsp;France 24<\/li>\n<li><a href=\"https:\/\/news.google.com\/rss\/articles\/CBMigwFBVV95cUxQSFZxbk0yUDJoWG9JbWZSUkNYVHhNa1RXSXFfN2hjOVFQZWZjMURKZnpjb3RZWE9iTklSZXcxYVJPRE9RUGM1WlBYdEt0OTdVWmdjQUZpMjJ1OFFzMV9vVEstcXRaSXVldGxTaGtsVENGT1RPUHpoR1NfOUNBQWJJaWdTb9IBgwFBVV95cUxPYmtuc2tvWGtSZDhranZuQjlMTFF0MFRVQmdpaEVsMG9xTGZiVFdpSEVoeXdkSm1LME9FRzJKQTlMUlpYRGdvWUQ1d2FzTF8zMU9CYmpGS2dpcmcyMFRCVThCUExqdDJoV05vY3lQM0hvaUhDQlB6TWdqVFhLWkloREJUUQ?oc=5\" target=\"_blank\" rel=\"nofollow noopener\">Muere a los 97 a\u00f1os \u00c9douard Balladur, ex primer ministro franc\u00e9s<\/a>&nbsp;&nbsp;El Mundo<\/li>\n<li><a href=\"https:\/\/news.google.com\/rss\/articles\/CBMiqwFBVV95cUxOR084Umo5dk9TSC1kdVZ3cnN5RUQycXI1cjRlT0tqMjU2VlJyVTFwS1JTNS1JbE1lYzQ5WGNDUFlpVmJEaFBvMUxiUDVBS1F1RVhPdjNFMzBhZGVsbDA0Y2NuY0dkV2xpQjdBRHB1TWlYRmxSa0ZVZjBCLU5NWi1nM2ZvSVFxYW5NYS1URmRKbXpnNGczVFFEMWl6d0htclBrcExzYktBVTJVdDA?oc=5\" target=\"_blank\" rel=\"nofollow noopener\">Muere el ex primer ministro franc\u00e9s Edouard Balladur a los 97 a\u00f1os<\/a>&nbsp;&nbsp;ABC<\/li>\n<li><a href=\"https:\/\/news.google.com\/rss\/articles\/CBMi8gFBVV95cUxQLWphSUFERmNMbU1aWmMwcG14MjlsdURGRE43aEhTbWtuTjBVVjFNRklhNENuQkttWXBoek5BQS0yWGhIS1J1bURhaEVBcHhrT0hUYk4wT1BCOWlqTXpqcVg5amdfZy1aQ25pWHIxU2R2UjhkN0stTUEyX3hCb1lsbGpaVnA4NGlyZElQdEx0bnhSbmo3UE83aExuclllWGFta1lDM2N6NlBVai1HWTBQZWFzTE9BaUpFRExNYVoxT3U3eGhhb21vVDk2X1hRaHJqOGxwWjZrUUgwSm9wVS01aDhnTG1hazJBQTlsVHJ3QWczUdIB9wFBVV95cUxQbjVWTWl4VTVZTXBadmVUWjBQb1NKZXEwQTRISkJaT2dEbzZ4QUxJZndRRDlEczVybHdqRmx5dWZIVzRPSTgyYVZpZHE1SVNPZ3ZlN3hGcUJMMkRBSWVNQTlyeGxBbUtxdjBQOVVXREVzbUZhZ0lUdE9KYVkzMTBYZTZHYkJ2ZmpWektUTkc4YXVtMTRVZjVYTHNnWFFyY1hnOEExVmZkRFp3Q1dBWllkZEFlU2VXZHJLakd3bUtZRW1pdzFVX0lRdFlRb1g1Zi1xTEFuQUVmMVFyWHVaczZyMmhleDkwU2dYWGN1My1ZcXI4SDJWd0xV?oc=5\" target=\"_blank\" rel=\"nofollow noopener\">Muri\u00f3 el expremier franc\u00e9s Edouard Balladur<\/a>&nbsp;&nbsp;ANSA Latina<\/li>\n<li><a href=\"https:\/\/news.google.com\/rss\/articles\/CBMixwFBVV95cUxQZDJObDUtSEt3MXA1dFM3MmhOV2RUYzVVR3lEZFRWSFhnQlpDbm1iYjFhNGlKSS1wUHEteTM0Z2QwZGJvT1g4amx0aVVQdTBSSDc0aXpwa0R2RTZ5R1pXQlVXd2ZBT0tKRWZOY1RqbXdoTTN5dG9BZTNadzd6Y1l2bDRLV0NIeXEzYmE2SXl4M214ckl5VVNRSU4yNll5TlY5WktTTEpHRUFVbmVWVHFWdGotSExVWnlxU3ZXWllqcXVxSmRHc3R3?oc=5\" target=\"_blank\" rel=\"nofollow noopener\">\u00c9douard Balladur, el eterno rival de Jacques Chirac, fallece a los 97 a\u00f1os.<\/a>&nbsp;&nbsp;Sortir \u00e0 Paris<\/li>\n<\/ol>\n","protected":false},"excerpt":{"rendered":"Muere el ex primer ministro franc\u00e9s \u00c9douard Balladur a los 97 a\u00f1os&nbsp;&nbsp;France 24 Muere a los 97 a\u00f1os&hellip;\n","protected":false},"author":2,"featured_media":741101,"comment_status":"","ping_status":"","sticky":false,"template":"","format":"standard","meta":{"footnotes":""},"categories":[42],"tags":[517,3830,2744,17,18,13,14,11,1667,61,62,63,64,19,20,9,10,15,16,12,1529,21,22,23923,20924,10157,65,66,67],"class_list":["post-741100","post","type-post","status-publish","format-standard","has-post-thumbnail","category-internacional","tag-actualidad","tag-alerta","tag-breaking","tag-breaking-news","tag-breakingnews","tag-featured-news","tag-featurednews","tag-headlines","tag-informacion","tag-internacional","tag-international","tag-international-news","tag-internationalnews","tag-latest-news","tag-latestnews","tag-news","tag-noticias","tag-noticias-destacadas","tag-noticiasdestacadas","tag-titulares","tag-ultima-hora","tag-ultimas-noticias","tag-ultimasnoticias","tag-ultimo-minuto","tag-ultimo-momento","tag-urgente","tag-world","tag-world-news","tag-worldnews"],"share_on_mastodon":{"url":"https:\/\/pubeurope.com\/@es\/117192704945290764","error":""},"_links":{"self":[{"href":"https:\/\/www.europesays.com\/es\/wp-json\/wp\/v2\/posts\/741100","targetHints":{"allow":["GET"]}}],"collection":[{"href":"https:\/\/www.europesays.com\/es\/wp-json\/wp\/v2\/posts"}],"about":[{"href":"https:\/\/www.europesays.com\/es\/wp-json\/wp\/v2\/types\/post"}],"author":[{"embeddable":true,"href":"https:\/\/www.europesays.com\/es\/wp-json\/wp\/v2\/users\/2"}],"replies":[{"embeddable":true,"href":"https:\/\/www.europesays.com\/es\/wp-json\/wp\/v2\/comments?post=741100"}],"version-history":[{"count":0,"href":"https:\/\/www.europesays.com\/es\/wp-json\/wp\/v2\/posts\/741100\/revisions"}],"wp:featuredmedia":[{"embeddable":true,"href":"https:\/\/www.europesays.com\/es\/wp-json\/wp\/v2\/media\/741101"}],"wp:attachment":[{"href":"https:\/\/www.europesays.com\/es\/wp-json\/wp\/v2\/media?parent=741100"}],"wp:term":[{"taxonomy":"category","embeddable":true,"href":"https:\/\/www.europesays.com\/es\/wp-json\/wp\/v2\/categories?post=741100"},{"taxonomy":"post_tag","embeddable":true,"href":"https:\/\/www.europesays.com\/es\/wp-json\/wp\/v2\/tags?post=741100"}],"curies":[{"name":"wp","href":"https:\/\/api.w.org\/{rel}","templated":true}]}}