{"id":741112,"date":"2026-08-31T23:39:21","date_gmt":"2026-08-31T23:39:21","guid":{"rendered":"https:\/\/www.europesays.com\/es\/741112\/"},"modified":"2026-08-31T23:39:21","modified_gmt":"2026-08-31T23:39:21","slug":"grand-prix-anuncia-a-sus-invitados-para-hoy-lunes-31-de-agosto","status":"publish","type":"post","link":"https:\/\/www.europesays.com\/es\/741112\/","title":{"rendered":"Grand Prix anuncia a sus invitados para hoy, lunes 31 de agosto"},"content":{"rendered":"<p>Faltan solo dos programas para saber <strong>qu\u00e9 pueblo se lleva el t\u00edtulo de campe\u00f3n del\u00a0Grand Prix del Verano 2026<\/strong>, y esta noche se juega una de las plazas m\u00e1s disputadas de toda la temporada. <strong>Poliny\u00e0 (Barcelona)<\/strong> ya espera rival en la gran final del pr\u00f3ximo mi\u00e9rcoles, despu\u00e9s de certificar su pase con 36 puntos en el casillero, y esta noche sabremos si se medir\u00e1 a Altura o a Quintanar del Rey, el pueblo que llega como gran favorito de toda la edici\u00f3n. <strong>\u00bfQui\u00e9n ayudar\u00e1 hoy a los pueblos a dar el salto a la gran final?<\/strong><\/p>\n<p>La segunda semifinal del programa enfrenta esta noche,<strong> a partir de las 21:45 horas, a Altura (Castell\u00f3n) y Quintanar del Rey (Cuenca)<\/strong>, en un duelo por hacerse con el \u00faltimo billete disponible para la gran final del mi\u00e9rcoles 2 de septiembre. Quintanar del Rey llega como favorito tras completar la fase clasificatoria en lo m\u00e1s alto de la tabla, con 42 puntos, mientras que Altura buscar\u00e1 dar la sorpresa con el impulso de su equipo.<\/p>\n<p>Melani Olivares y Galder Varas, los invitados de esta noche<\/p>\n<p><img loading=\"lazy\" decoding=\"async\" class=\"size-medium wp-image-20203441\" alt=\"Melani Olivares y Galder Varas en el plat\u00f3 del Grand Prix (RTVE).\" width=\"620\" height=\"349\"  src=\"https:\/\/www.europesays.com\/es\/wp-content\/uploads\/2026\/08\/melanie-y-galder-620x349.jpg\" \/> Melani Olivares y Galder Varas en el plat\u00f3 del \u2018Grand Prix\u2019 (RTVE).<\/p>\n<p>La actriz Melani Olivares vestir\u00e1 la camiseta azul para animar al equipo de Altura. Nacida en Badalona en 1973, Olivares se dio a conocer como <strong>presentadora del programa juvenil Le\u00f1a al mono que es de goma en 1993 (junto a Tony Aguilar)<\/strong>, aunque su gran salto a la popularidad lleg\u00f3 como Paz Bermejo en la m\u00edtica serie A\u00edda, de Telecinco, papel que interpret\u00f3 durante casi una d\u00e9cada. Con m\u00e1s de 30 a\u00f1os de trayectoria, ha compaginado la televisi\u00f3n (Bajo sospecha, La Embajada, Benvinguts a la fam\u00edlia) con el teatro y el cine, y en 2020 concurs\u00f3 tambi\u00e9n en MasterChef Celebrity.<\/p>\n<p>Quintanar del Rey, de amarillo, contar\u00e1 con el c\u00f3mico Galder Varas, bilba\u00edno de nacimiento pero criado en Alicante, donde estudi\u00f3 Comunicaci\u00f3n Audiovisual antes de completar un m\u00e1ster en Ficci\u00f3n de cine y televisi\u00f3n. Aunque su idea inicial era dedicarse al cine, termin\u00f3 encontrando su vocaci\u00f3n en la comedia de improvisaci\u00f3n, un giro profesional que \u00e9l mismo ha reconocido en varias entrevistas como algo que ni siquiera buscaba. <strong>Hoy recorre Espa\u00f1a con su espect\u00e1culo Esto no es un show,<\/strong> agotando entradas en teatros de toda Espa\u00f1a y sumando ya m\u00e1s de 2,2 millones de seguidores en Instagram, adem\u00e1s de haber escrito para programas como La Resistencia y Comedy Central.<\/p>\n<p><strong>El ganador de este duelo se medir\u00e1 en la gran final a Poliny\u00e0 (Barcelona)<\/strong>, que ya certific\u00f3 su pase tras imponerse a Pradej\u00f3n (La Rioja) en la primera semifinal del pasado 24 de agosto, apadrinado en aquella ocasi\u00f3n por el periodista Javi de Hoyos. La localidad vallesana llega adem\u00e1s como uno de los grandes favoritos de toda la edici\u00f3n, con 36 puntos acumulados en su casillero, solo por detr\u00e1s de los 42 de Quintanar del Rey.<\/p>\n<p>La gran <strong>final del Grand Prix del Verano 2026 se emitir\u00e1 el mi\u00e9rcoles 2 de septiembre, tambi\u00e9n a partir de las 21:45 horas<\/strong>, en La 1, apenas 48 horas despu\u00e9s de esta segunda semifinal.<\/p>\n<p>Una bajada de audiencia preocupante con el paso de las semanas<\/p>\n<p>El programa afronta su recta final tras un verano de altibajos en las cifras: arranc\u00f3 el 13 de julio con su mejor dato de la temporada, un 16,8% de cuota y 1.427.000 espectadores, pero ha ido moderando su tir\u00f3n con el paso de las semanas, hasta firmar un 13,8% el 17 de agosto y <a href=\"https:\/\/okdiario.com\/happyfm\/audiencias-ayer-lunes-24-agosto-grand-prix-hunde-chiringuito-destaca-20168235\" rel=\"nofollow noopener\" target=\"_blank\">tocar m\u00ednimos el pasado 24 de agosto<\/a>, con un <strong>10,7% de cuota y 837.000 espectadores en la primera semifinal<\/strong>.<\/p>\n<p>Se trata, hay que aclararlo, de un descenso que es habitual cada a\u00f1o. El programa comienza con grandes audiencias, pero el inter\u00e9s se va perdiendo con el paso de las semanas y de las rondas. Es algo complicado de entender, pero ya es <strong>una tradici\u00f3n que con la llegada de las rondas decisivas las audiencias se desplomen<\/strong>, como ocurri\u00f3 la semana pasada. Estos datos deber\u00edan hacer que TVE se tenga que plantear el papel de los copresentadores, que no hacen m\u00e1s que espantar a una audiencia que busca la tradici\u00f3n de Ram\u00f3n Garc\u00eda, pero no entiende la funci\u00f3n de sus compa\u00f1eros de plat\u00f3. Prueba de que no se termina de encontrar a las personas que encajen bien es que desde que se prescindi\u00f3 de <a href=\"https:\/\/okdiario.com\/happyfm\/cristinini-rompe-silencio-quedarse-fuera-del-grand-prix-este-verano-15123856\" rel=\"nofollow noopener\" target=\"_blank\">Cristinini<\/a> -la streamer a la que la audiencia se rindi\u00f3 en el regreso del programa- no han parado los cambios en el equipo de copresentadores.<\/p>\n","protected":false},"excerpt":{"rendered":"Faltan solo dos programas para saber qu\u00e9 pueblo se lleva el t\u00edtulo de campe\u00f3n del\u00a0Grand Prix del Verano&hellip;\n","protected":false},"author":2,"featured_media":741113,"comment_status":"","ping_status":"","sticky":false,"template":"","format":"standard","meta":{"footnotes":""},"categories":[171],"tags":[146,147,25,24,23,214],"class_list":["post-741112","post","type-post","status-publish","format-standard","has-post-thumbnail","category-tv","tag-entertainment","tag-entretenimiento","tag-es","tag-espana","tag-spain","tag-tv"],"share_on_mastodon":{"url":"https:\/\/pubeurope.com\/@es\/117192765058688903","error":""},"_links":{"self":[{"href":"https:\/\/www.europesays.com\/es\/wp-json\/wp\/v2\/posts\/741112","targetHints":{"allow":["GET"]}}],"collection":[{"href":"https:\/\/www.europesays.com\/es\/wp-json\/wp\/v2\/posts"}],"about":[{"href":"https:\/\/www.europesays.com\/es\/wp-json\/wp\/v2\/types\/post"}],"author":[{"embeddable":true,"href":"https:\/\/www.europesays.com\/es\/wp-json\/wp\/v2\/users\/2"}],"replies":[{"embeddable":true,"href":"https:\/\/www.europesays.com\/es\/wp-json\/wp\/v2\/comments?post=741112"}],"version-history":[{"count":0,"href":"https:\/\/www.europesays.com\/es\/wp-json\/wp\/v2\/posts\/741112\/revisions"}],"wp:featuredmedia":[{"embeddable":true,"href":"https:\/\/www.europesays.com\/es\/wp-json\/wp\/v2\/media\/741113"}],"wp:attachment":[{"href":"https:\/\/www.europesays.com\/es\/wp-json\/wp\/v2\/media?parent=741112"}],"wp:term":[{"taxonomy":"category","embeddable":true,"href":"https:\/\/www.europesays.com\/es\/wp-json\/wp\/v2\/categories?post=741112"},{"taxonomy":"post_tag","embeddable":true,"href":"https:\/\/www.europesays.com\/es\/wp-json\/wp\/v2\/tags?post=741112"}],"curies":[{"name":"wp","href":"https:\/\/api.w.org\/{rel}","templated":true}]}}