{"id":741128,"date":"2026-08-31T23:48:13","date_gmt":"2026-08-31T23:48:13","guid":{"rendered":"https:\/\/www.europesays.com\/es\/741128\/"},"modified":"2026-08-31T23:48:13","modified_gmt":"2026-08-31T23:48:13","slug":"sanchez-y-el-rey-se-reunen-durante-tres-horas-y-media-en-zarzuela-en-plena-crisis-por-ceuta","status":"publish","type":"post","link":"https:\/\/www.europesays.com\/es\/741128\/","title":{"rendered":"S\u00e1nchez y el Rey se re\u00fanen durante tres horas y media en Zarzuela en plena crisis por Ceuta"},"content":{"rendered":"<p>El presidente del Gobierno, <a href=\"https:\/\/theobjective.com\/etiqueta\/pedro-sanchez\/\" rel=\"nofollow noopener\" target=\"_blank\">Pedro S\u00e1nchez<\/a>, y el <a href=\"https:\/\/theobjective.com\/etiqueta\/felipe-vi\/\" rel=\"nofollow noopener\" target=\"_blank\">rey Felipe VI<\/a> han mantenido este lunes <strong>un encuentro de tres horas y media en el Palacio de la Zarzuela, en Madrid<\/strong>. La cita ha comenzado a las 16 horas y se ha prolongado hasta las 19.35, seg\u00fan han confirmado a <a href=\"https:\/\/theobjective.com\/\" type=\"link\" id=\"https:\/\/theobjective.com\/\" rel=\"nofollow noopener\" target=\"_blank\">THE OBJECTIVE<\/a> testigos presenciales. La reuni\u00f3n, de car\u00e1cter reservado y que no hab\u00eda sido comunicada previamente ni constaba en las agendas oficiales, se ha producido en <strong>un momento especialmente delicado por la crisis en Ceuta<\/strong>, ya que este mismo lunes el presidente ha <a href=\"https:\/\/theobjective.com\/espana\/politica\/2026-08-31\/sanchez-felipe-vi-rey-20-anos-ceuta\/\" type=\"post\" id=\"4295169\" rel=\"nofollow noopener\" target=\"_blank\">reprochado la ausencia del monarca en la ciudad aut\u00f3noma<\/a> durante los \u00faltimos <strong>\u00ab20 a\u00f1os\u00bb<\/strong>.<\/p>\n<p>El encuentro entre ambos se produce en un contexto de creciente tensi\u00f3n en torno a la situaci\u00f3n de <a href=\"https:\/\/theobjective.com\/etiqueta\/ceuta\/\" rel=\"nofollow noopener\" target=\"_blank\">Ceuta<\/a> y al papel de la Corona en la ciudad aut\u00f3noma. <strong>La duraci\u00f3n de la reuni\u00f3n es especialmente at\u00edpica<\/strong>, pues los despachos habituales entre el presidente y el Rey suelen prolongarse menos. La cita, habitual tras las vacaciones estivales, estaba agendada desde antes del verano. No obstante, coincide con las declaraciones realizadas por S\u00e1nchez en la Cadena Ser este lunes sobre la presencia del Rey en Ceuta, en las que ha confirmado que Felipe VI visitar\u00e1 la ciudad aut\u00f3noma cuando <strong>\u00abse den las condiciones\u00bb<\/strong>.<\/p>\n<p>Las palabras del presidente del Gobierno sobre el Rey han sido interpretadas como un reproche a la Corona, ya que ha llegado a se\u00f1alar que Felipe VI no ha visitado la ciudad desde su coronaci\u00f3n mientras \u00e9l lo ha hecho en cuatro ocasiones en dos legislaturas. Existen <strong>\u00abargumentos y razones para que el jefe del Estado visite por fin, despu\u00e9s de 20 a\u00f1os, Ceuta y Melilla\u00bb<\/strong>. Probablemente, el l\u00edder socialista se refer\u00eda a que la \u00faltima y \u00fanica vez que un monarca visit\u00f3 Ceuta fue <a href=\"https:\/\/theobjective.com\/etiqueta\/juan-carlos-i\/\" rel=\"nofollow noopener\" target=\"_blank\">Juan Carlos I<\/a> en 2007. El Em\u00e9rito ya hab\u00eda estado en 1970, entonces como pr\u00edncipe y con motivo del 50 aniversario de la Legi\u00f3n.<\/p>\n<p>S\u00e1nchez se\u00f1ala al Rey<\/p>\n<p><a href=\"https:\/\/theobjective.com\/espana\/politica\/2026-08-10\/torres-eleva-personas-ceuta-emergencia\/\" rel=\"nofollow noopener\" target=\"_blank\">Las declaraciones tienen lugar cuando se cumple un mes de la llegada de 80.000 inmigrantes a Ceuta<\/a>. S\u00e1nchez ha confirmado que Felipe VI viajar\u00e1 a Ceuta y Melilla, ya que <strong>tanto el Gobierno como la Casa del Rey est\u00e1n a favor de la visita<\/strong>. Las condiciones de este viaje tendr\u00e1n que ser coordinadas entre ambas instituciones. El periodista Aimar Bretos ha preguntado al l\u00edder socialista si el monarca quer\u00eda viajar a la ciudad aut\u00f3noma. El presidente ha rechazado desvelar sus conversaciones en los despachos privados, pero ha indicado que si no ha viajado antes es porque ni \u00e9l ni otros gobiernos lo han considerado oportuno. <strong>\u00abEl Rey lleva reinando m\u00e1s de 20 a\u00f1os, \u00bfcu\u00e1ntas veces ha ido a Ceuta y Melilla?\u00bb<\/strong>, se ha preguntado ret\u00f3ricamente S\u00e1nchez.<\/p>\n<p>La afirmaci\u00f3n llega despu\u00e9s de que durante los d\u00edas m\u00e1s cr\u00edticos de la crisis migratoria se conociera que Felipe VI hab\u00eda contemplado la posibilidad de desplazarse a la ciudad aut\u00f3noma. Seg\u00fan las informaciones publicadas, <strong>el monarca quiso acudir a Ceuta para trasladar un mensaje de apoyo a sus habitantes<\/strong>, pero el viaje no se produjo. Aunque la Casa del Rey gestiona su agenda, sus actos deben estar refrendados por el Gobierno, seg\u00fan el <a href=\"https:\/\/www.boe.es\/buscar\/act.php?id=BOE-A-1978-31229\" target=\"_blank\" rel=\"noreferrer noopener nofollow\">art\u00edculo 64 de la Constituci\u00f3n<\/a>.<\/p>\n<p>El Gobierno habr\u00eda considerado que <strong>la situaci\u00f3n en Ceuta desaconsejaba el desplazamiento<\/strong>, lo que abri\u00f3 un pulso entre Zarzuela y Moncloa. La prioridad del Ejecutivo se centraba en gestionar la crisis y sus relaciones con <a href=\"https:\/\/theobjective.com\/etiqueta\/marruecos\/\" rel=\"nofollow noopener\" target=\"_blank\">Marruecos<\/a>. Como ha explicado S\u00e1nchez durante la entrevista, el reino alauita est\u00e1 colaborando activamente, descartando incluso que Rabat est\u00e9 detr\u00e1s de la entrada masiva de inmigrantes. <strong>La visita del monarca a Ceuta qued\u00f3 aparcada<\/strong>.<\/p>\n<p>Durante la entrevista de esta ma\u00f1ana, <a href=\"https:\/\/theobjective.com\/espana\/politica\/2026-08-31\/sanchez-marruecos-asalto-ceuta-informacion\/\" rel=\"nofollow noopener\" target=\"_blank\">S\u00e1nchez ha rechazado que Marruecos est\u00e9 detr\u00e1s de la entrada masiva<\/a> asegurando que <strong>\u00abno hay ninguna informaci\u00f3n\u00bb<\/strong> al respecto. En cambio, ha dirigido sus sospechas hacia otros actores pol\u00edticos, como\u00a0Rusia e Israel y <strong>\u00abuna internacional ultraderechista\u00bb<\/strong>. El presidente del Gobierno ha alabado la cooperaci\u00f3n con el reino alauita y afirmado que, si no existe, <strong>\u00abesta crisis no se solucionar\u00e1, se agravar\u00eda\u00bb<\/strong>.<\/p>\n<p>El reproche de Puente<\/p>\n<p>La figura del Rey ha estado en el candelero en las \u00faltimas semanas, despu\u00e9s de <a href=\"https:\/\/theobjective.com\/espana\/politica\/2026-08-24\/ataques-puente-rey-psoe-republica\/\" rel=\"nofollow noopener\" target=\"_blank\">que se fotografiara con el periodista Javier Negre<\/a> durante la investidura del nuevo presidente de Colombia, <a href=\"https:\/\/theobjective.com\/etiqueta\/abelardo-de-la-espriella\/\" rel=\"nofollow noopener\" target=\"_blank\">Adelardo de la Espriella<\/a>. El ministro de Transportes <a href=\"https:\/\/theobjective.com\/etiqueta\/oscar-puente\/\" rel=\"nofollow noopener\" target=\"_blank\">\u00d3scar Puente<\/a> calific\u00f3 la escena de <strong>\u00ababsoluta ignominia\u00bb<\/strong>. En el PSOE lo consideran una estrategia que busca desviar la atenci\u00f3n de la crisis migratoria que vive Ceuta, aunque <strong>otros hacen una lectura en clave electoral<\/strong>. Explican que el partido lleva el republicanismo en su ADN, pero que cedieron en sus principios durante la Transici\u00f3n para favorecer la restauraci\u00f3n de la democracia.<\/p>\n<p><strong>El \u00faltimo encuentro entre S\u00e1nchez y Felipe VI se produjo el pasado 29 de julio<\/strong>, un d\u00eda antes de la entrada masiva de inmigrantes en Ceuta, en el Palacio Real de la Almudaina, en Palma. La reuni\u00f3n se alarg\u00f3 durante casi dos horas, ante un hecho tan grave se reuni\u00f3 menos tiempo que la cita de este lunes que se ha alargado de manera prolongada e inusual. Estos despachos veraniegos entre los presidentes del Gobierno y el Rey son habituales y se repiten desde 1977, cuando <a href=\"https:\/\/theobjective.com\/etiqueta\/adolfo-suarez-gonzalez\/\" rel=\"nofollow noopener\" target=\"_blank\">Adolfo Su\u00e1rez<\/a> y Juan Carlos I comenzaron a abordar los asuntos pol\u00edticos, normalmente en el Palacio de Marivent.<\/p>\n","protected":false},"excerpt":{"rendered":"El presidente del Gobierno, Pedro S\u00e1nchez, y el rey Felipe VI han mantenido este lunes un encuentro de&hellip;\n","protected":false},"author":2,"featured_media":741129,"comment_status":"","ping_status":"","sticky":false,"template":"","format":"standard","meta":{"footnotes":""},"categories":[8],"tags":[17,18,4486,25,24,13,14,11,19,20,9,10,15,16,2959,1699,8140,23,12,21,22,65909],"class_list":["post-741128","post","type-post","status-publish","format-standard","has-post-thumbnail","category-espana","tag-breaking-news","tag-breakingnews","tag-ceuta","tag-es","tag-espana","tag-featured-news","tag-featurednews","tag-headlines","tag-latest-news","tag-latestnews","tag-news","tag-noticias","tag-noticias-destacadas","tag-noticiasdestacadas","tag-pedro-sanchez","tag-psoe","tag-rey-felipe-vi","tag-spain","tag-titulares","tag-ultimas-noticias","tag-ultimasnoticias","tag-zarzuela"],"share_on_mastodon":{"url":"https:\/\/pubeurope.com\/@es\/117192799766653638","error":""},"_links":{"self":[{"href":"https:\/\/www.europesays.com\/es\/wp-json\/wp\/v2\/posts\/741128","targetHints":{"allow":["GET"]}}],"collection":[{"href":"https:\/\/www.europesays.com\/es\/wp-json\/wp\/v2\/posts"}],"about":[{"href":"https:\/\/www.europesays.com\/es\/wp-json\/wp\/v2\/types\/post"}],"author":[{"embeddable":true,"href":"https:\/\/www.europesays.com\/es\/wp-json\/wp\/v2\/users\/2"}],"replies":[{"embeddable":true,"href":"https:\/\/www.europesays.com\/es\/wp-json\/wp\/v2\/comments?post=741128"}],"version-history":[{"count":0,"href":"https:\/\/www.europesays.com\/es\/wp-json\/wp\/v2\/posts\/741128\/revisions"}],"wp:featuredmedia":[{"embeddable":true,"href":"https:\/\/www.europesays.com\/es\/wp-json\/wp\/v2\/media\/741129"}],"wp:attachment":[{"href":"https:\/\/www.europesays.com\/es\/wp-json\/wp\/v2\/media?parent=741128"}],"wp:term":[{"taxonomy":"category","embeddable":true,"href":"https:\/\/www.europesays.com\/es\/wp-json\/wp\/v2\/categories?post=741128"},{"taxonomy":"post_tag","embeddable":true,"href":"https:\/\/www.europesays.com\/es\/wp-json\/wp\/v2\/tags?post=741128"}],"curies":[{"name":"wp","href":"https:\/\/api.w.org\/{rel}","templated":true}]}}