{"id":741138,"date":"2026-08-31T23:59:23","date_gmt":"2026-08-31T23:59:23","guid":{"rendered":"https:\/\/www.europesays.com\/es\/741138\/"},"modified":"2026-08-31T23:59:23","modified_gmt":"2026-08-31T23:59:23","slug":"jesus-calleja-sobre-sus-estudios-no-fui-a-la-universidad-porque-mi-universidad-ha-sido-la-vida-pero-me-hice-piloto-de-aviones-y-helicopteros","status":"publish","type":"post","link":"https:\/\/www.europesays.com\/es\/741138\/","title":{"rendered":"Jes\u00fas Calleja, sobre sus estudios: \u00abNo fui a la universidad porque mi universidad ha sido la vida, pero me hice piloto de aviones y helic\u00f3pteros\u00bb"},"content":{"rendered":"<p>31\/08\/2026<\/p>\n<p>Actualizado a las 18:04h.<\/p>\n<p class=\"v-d-p\" style=\"\">A estas alturas puede sonar ya a t\u00f3pico, pero la formaci\u00f3n acad\u00e9mica no es el \u00fanico camino para construir una carrera profesional. <strong>Jes\u00fas Calleja <\/strong>es un buen ejemplo: antes de convertirse en uno de los aventureros m\u00e1s conocidos de la televisi\u00f3n espa\u00f1ola, pas\u00f3 por numerosos oficios y fue aprendiendo de manera autodidacta.<\/p>\n<p class=\"v-d-p\" style=\"\">El presentador habl\u00f3 sobre su trayectoria en una entrevista publicada por <strong>Forbes Espa\u00f1a <\/strong>en diciembre de 2022. Durante la conversaci\u00f3n repas\u00f3 sus estudios, sus primeros trabajos y el camino que sigui\u00f3 hasta convertir los viajes y la aventura en su profesi\u00f3n.<\/p>\n<p>\nUna trayectoria autodidacta\n<\/p>\n<p class=\"v-d-p\" style=\"\">Calleja explic\u00f3 que desde muy joven tuvo claro c\u00f3mo quer\u00eda orientar su vida, aunque fue aplazando su formaci\u00f3n<strong>. \u00abNo fui a la universidad, porque mi universidad ha sido la vida.<\/strong> Pero me hice piloto de aviones y de helic\u00f3pteros\u00bb, se\u00f1al\u00f3.<\/p>\n<p class=\"v-d-p\" style=\"\">Ahora bien, antes de eso el leon\u00e9s desempe\u00f1\u00f3 numerosos trabajos para conseguir dinero y financiar sus viajes. Calleja recuerda haber sido<strong> \u00abpeluquero, mec\u00e1nico, vendedor de coches, gu\u00eda de alta monta\u00f1a\u00bb,<\/strong> empleos que fue compaginando con su inter\u00e9s por conocer otros pa\u00edses y vivir nuevas aventuras.<\/p>\n<ul class=\"v-cmp-rld__u\">\n<li class=\"v-cmp-rld__l\">\n<p><a class=\"v-a-lnk\" href=\"http:\/\/www.abc.es\/gente\/jesus-calleja-envia-mensaje-apoyo-riada-nepal-20260829100313-nt.html#vtm_modulosEngag=noticiasrelacionadas-cmp-uno:gente:noticia:1\" data-voc-vtm-id=\"in-text-traffic\" rel=\"nofollow noopener\" target=\"_blank\"><br \/>\n<img decoding=\"async\" loading=\"lazy\" src=\"https:\/\/www.europesays.com\/es\/wp-content\/uploads\/2026\/08\/U596546_013-U74711007580SbV-366x256@diario_abc.jpg\" class=\"v-a-img\" width=\"258\" height=\"180\" alt=\"Jes\u00fas Calleja env\u00eda un mensaje de apoyo por la riada en Nepal, pa\u00eds de nacimiento de su hijo: \u00abMi segunda casa\u00bb\"\/><br \/>\n<\/a><\/p>\n<p>Gabriel Samaniego \/ Europa Press<\/p>\n<\/li>\n<\/ul>\n<p class=\"v-d-p\" style=\"\">El presentador tambi\u00e9n cont\u00f3 que procuraba implicarse incluso en aquellas profesiones que no le gustaban. En el caso de la peluquer\u00eda, asegura que \u00abintent\u00e9 ser el mejor peluquero posible\u00bb. Para conseguirlo se form\u00f3 en <strong>Par\u00eds y Mil\u00e1n<\/strong>, pas\u00f3 por Estados Unidos, abri\u00f3 su propio negocio y lleg\u00f3 a proclamarse campe\u00f3n de Espa\u00f1a.<\/p>\n<p class=\"v-d-p\" style=\"\">Con el paso de los a\u00f1os, Calleja consigui\u00f3 unir su pasi\u00f3n por los viajes con su trabajo en televisi\u00f3n. Sus expediciones terminaron convirti\u00e9ndose en el eje de programas como &#8216;Desaf\u00edo extremo&#8217;, &#8216;Planeta Calleja&#8217; y &#8216;Volando voy&#8217;. \u00abSiempre intento hacer algo que sea <strong>diferenciador<\/strong>\u00bb, explica sobre sus proyectos.<\/p>\n","protected":false},"excerpt":{"rendered":"31\/08\/2026 Actualizado a las 18:04h. A estas alturas puede sonar ya a t\u00f3pico, pero la formaci\u00f3n acad\u00e9mica no&hellip;\n","protected":false},"author":2,"featured_media":741139,"comment_status":"","ping_status":"","sticky":false,"template":"","format":"standard","meta":{"footnotes":""},"categories":[174],"tags":[4483,16585,255,146,147,25,24,1084,256,14122,80167,5782,14725,57,23,2845,2606],"class_list":["post-741138","post","type-post","status-publish","format-standard","has-post-thumbnail","category-famosos","tag-aviones","tag-calleja","tag-celebrities","tag-entertainment","tag-entretenimiento","tag-es","tag-espana","tag-estudios","tag-famosos","tag-helicopteros","tag-hice","tag-jesus","tag-piloto","tag-sobre","tag-spain","tag-universidad","tag-vida"],"share_on_mastodon":{"url":"https:\/\/pubeurope.com\/@es\/117192842770491108","error":""},"_links":{"self":[{"href":"https:\/\/www.europesays.com\/es\/wp-json\/wp\/v2\/posts\/741138","targetHints":{"allow":["GET"]}}],"collection":[{"href":"https:\/\/www.europesays.com\/es\/wp-json\/wp\/v2\/posts"}],"about":[{"href":"https:\/\/www.europesays.com\/es\/wp-json\/wp\/v2\/types\/post"}],"author":[{"embeddable":true,"href":"https:\/\/www.europesays.com\/es\/wp-json\/wp\/v2\/users\/2"}],"replies":[{"embeddable":true,"href":"https:\/\/www.europesays.com\/es\/wp-json\/wp\/v2\/comments?post=741138"}],"version-history":[{"count":0,"href":"https:\/\/www.europesays.com\/es\/wp-json\/wp\/v2\/posts\/741138\/revisions"}],"wp:featuredmedia":[{"embeddable":true,"href":"https:\/\/www.europesays.com\/es\/wp-json\/wp\/v2\/media\/741139"}],"wp:attachment":[{"href":"https:\/\/www.europesays.com\/es\/wp-json\/wp\/v2\/media?parent=741138"}],"wp:term":[{"taxonomy":"category","embeddable":true,"href":"https:\/\/www.europesays.com\/es\/wp-json\/wp\/v2\/categories?post=741138"},{"taxonomy":"post_tag","embeddable":true,"href":"https:\/\/www.europesays.com\/es\/wp-json\/wp\/v2\/tags?post=741138"}],"curies":[{"name":"wp","href":"https:\/\/api.w.org\/{rel}","templated":true}]}}