{"id":741140,"date":"2026-09-01T00:02:35","date_gmt":"2026-09-01T00:02:35","guid":{"rendered":"https:\/\/www.europesays.com\/es\/741140\/"},"modified":"2026-09-01T00:02:35","modified_gmt":"2026-09-01T00:02:35","slug":"roberto-gomez-fernandez-anuncia-pelicula-de-el-chapulin-colorado-esto-se-sabe","status":"publish","type":"post","link":"https:\/\/www.europesays.com\/es\/741140\/","title":{"rendered":"Roberto G\u00f3mez Fern\u00e1ndez anuncia pel\u00edcula de \u2018El Chapul\u00edn Colorado\u2019. Esto se sabe"},"content":{"rendered":"<p class=\"font--secondary\">El Chapul\u00edn Colorado, un ic\u00f3nico personaje, creado y personificado por <b>Roberto G\u00f3mez Bola\u00f1os,<\/b> conocido como <b>\u2018Chespirito\u2019,<\/b> hizo su debut a principios de los a\u00f1os 70 como parte de los sketches del programa Chespirito. Su popularidad fue tan grande que en 1973 se le otorg\u00f3 su propia serie de televisi\u00f3n. La producci\u00f3n se convirti\u00f3 en una divertida parodia de los superh\u00e9roes tradicionales: a diferencia de los invencibles, el Chapul\u00edn era torpe, miedoso y poco preparado, pero siempre se lanzaba al peligro para ayudar a quienes lo necesitaban. Con su distintivo traje rojo, las antenitas de vinil, el Chipote Chill\u00f3n y las pastillas de chiquitolina, este h\u00e9roe mexicano protagoniz\u00f3 historias que se desarrollaban en diversas \u00e9pocas y escenarios. <\/p>\n<p class=\"font--secondary\">Junto a Roberto G\u00f3mez Bola\u00f1os, brillaron figuras como Ram\u00f3n Vald\u00e9s, Carlos Villagr\u00e1n, Florinda Meza, Rub\u00e9n Aguirre, \u00c9dgar Vivar y Mar\u00eda Antonieta de las Nieves. Despu\u00e9s del \u00e9xito de su serie independiente, el personaje sigui\u00f3 apareciendo en el programa Chespirito, consolid\u00e1ndose como una de las creaciones m\u00e1s queridas y reconocidas de su autor en M\u00e9xico y Am\u00e9rica Latina. <\/p>\n<p><b>\u2018El Chapul\u00edn Colorado\u2019 ser\u00e1 una pel\u00edcula<\/b> <\/p>\n<p class=\"font--secondary\"><b>Roberto G\u00f3mez Fern\u00e1ndez, <\/b>el hijo de Roberto G\u00f3mez Bola\u00f1os, confirm\u00f3 que ya est\u00e1n en marcha los planes para una pel\u00edcula basada en este entra\u00f1able y recordado personaje que su padre cre\u00f3. La gran sorpresa es que esta historia se adentrar\u00e1 en un aspecto que casi no se explor\u00f3 en la serie original: el origen del ic\u00f3nico h\u00e9roe de las antenitas de vinil y el Chipote Chill\u00f3n. <\/p>\n<p class=\"font--secondary\"><a href=\"https:\/\/www.elespectador.com\/revista-vea\/\" rel=\"nofollow noopener\" title=\"https:\/\/www.elespectador.com\/revista-vea\/\" target=\"_blank\"><b>Descubre las principales noticias del entretenimiento en Colombia y el mundo dando clic aqu\u00ed<\/b><\/a> <b> <\/b> <\/p>\n<p class=\"font--secondary\">G\u00f3mez Fern\u00e1ndez hizo el anuncio mientras desfilaba por la alfombra roja de los Premios CANACINE, donde comparti\u00f3 que el proyecto est\u00e1 en marcha y podr\u00eda entrar en producci\u00f3n muy pronto. Aunque el productor ha mantenido en secreto muchos detalles, dej\u00f3 claro que la pel\u00edcula explorar\u00e1 el origen del personaje. <b>\u201cDe ah\u00ed venimos, se est\u00e1 trabajando en eso y pues ya pronto lista para entrar a producirse\u201d, <\/b>coment\u00f3 al hablar sobre la trama de esta esperada producci\u00f3n. <\/p>\n<p><img alt=\"El productor mexicano Roberto G\u00f3mez Fern\u00e1ndez.  EFE\/ S\u00e1shenka Guti\u00e9rrez&#10;\" class=\"ImageArticle-Image\" src=\"https:\/\/www.europesays.com\/es\/wp-content\/uploads\/2026\/09\/YIMLXCTZHRB43BRHXSS62NTB4I.jpg\" width=\"1920\" height=\"1280\" loading=\"eager\" decoding=\"async\" fetchpriority=\"high\"\/><\/p>\n<p>El productor mexicano Roberto G\u00f3mez Fern\u00e1ndez.  EFE\/ S\u00e1shenka Guti\u00e9rrez\n<\/p>\n<p>Fotograf\u00eda por: S\u00e1shenka Guti\u00e9rrez<\/p>\n<p class=\"font--secondary\">Por el momento, todo indica que no ser\u00e1 una pel\u00edcula animada. Roberto G\u00f3mez Fern\u00e1ndez ha mencionado que la idea es llevar a El Chapul\u00edn Colorado a la pantalla grande en una pel\u00edcula de acci\u00f3n real, lo que significa que habr\u00e1 que encontrar a un nuevo actor que se haga cargo de uno de los personajes m\u00e1s ic\u00f3nicos que interpret\u00f3 Roberto G\u00f3mez Bola\u00f1os.<b> \u201cEs el origen (del h\u00e9roe), creo que no ser\u00e1 animaci\u00f3n y (el int\u00e9rprete) ser\u00e1 alguien que sea merecedor de ese puesto\u201d, <\/b>agreg\u00f3 G\u00f3mez Fern\u00e1ndez. Sin embargo, hasta ahora no se ha revelado qui\u00e9n se pondr\u00e1 ese famoso traje rojo. La elecci\u00f3n del protagonista ser\u00e1, sin duda, uno de los mayores desaf\u00edos del proyecto. Por ahora, <\/p>\n","protected":false},"excerpt":{"rendered":"El Chapul\u00edn Colorado, un ic\u00f3nico personaje, creado y personificado por Roberto G\u00f3mez Bola\u00f1os, conocido como \u2018Chespirito\u2019, hizo su&hellip;\n","protected":false},"author":2,"featured_media":741141,"comment_status":"","ping_status":"","sticky":false,"template":"","format":"standard","meta":{"footnotes":""},"categories":[171],"tags":[3005,131534,146,147,25,24,3668,131535,23,214,13788],"class_list":["post-741140","post","type-post","status-publish","format-standard","has-post-thumbnail","category-tv","tag-chespirito","tag-el-chapulin-colorado","tag-entertainment","tag-entretenimiento","tag-es","tag-espana","tag-roberto-gomez-bolanos","tag-roberto-gomez-fernandez","tag-spain","tag-tv","tag-vea"],"share_on_mastodon":{"url":"https:\/\/pubeurope.com\/@es\/117192855273759197","error":""},"_links":{"self":[{"href":"https:\/\/www.europesays.com\/es\/wp-json\/wp\/v2\/posts\/741140","targetHints":{"allow":["GET"]}}],"collection":[{"href":"https:\/\/www.europesays.com\/es\/wp-json\/wp\/v2\/posts"}],"about":[{"href":"https:\/\/www.europesays.com\/es\/wp-json\/wp\/v2\/types\/post"}],"author":[{"embeddable":true,"href":"https:\/\/www.europesays.com\/es\/wp-json\/wp\/v2\/users\/2"}],"replies":[{"embeddable":true,"href":"https:\/\/www.europesays.com\/es\/wp-json\/wp\/v2\/comments?post=741140"}],"version-history":[{"count":0,"href":"https:\/\/www.europesays.com\/es\/wp-json\/wp\/v2\/posts\/741140\/revisions"}],"wp:featuredmedia":[{"embeddable":true,"href":"https:\/\/www.europesays.com\/es\/wp-json\/wp\/v2\/media\/741141"}],"wp:attachment":[{"href":"https:\/\/www.europesays.com\/es\/wp-json\/wp\/v2\/media?parent=741140"}],"wp:term":[{"taxonomy":"category","embeddable":true,"href":"https:\/\/www.europesays.com\/es\/wp-json\/wp\/v2\/categories?post=741140"},{"taxonomy":"post_tag","embeddable":true,"href":"https:\/\/www.europesays.com\/es\/wp-json\/wp\/v2\/tags?post=741140"}],"curies":[{"name":"wp","href":"https:\/\/api.w.org\/{rel}","templated":true}]}}