{"id":741170,"date":"2026-09-01T00:25:10","date_gmt":"2026-09-01T00:25:10","guid":{"rendered":"https:\/\/www.europesays.com\/es\/741170\/"},"modified":"2026-09-01T00:25:10","modified_gmt":"2026-09-01T00:25:10","slug":"cihan-suena-con-formar-una-familia-con-alya-quisiera-que-fuera-contigo","status":"publish","type":"post","link":"https:\/\/www.europesays.com\/es\/741170\/","title":{"rendered":"Cihan sue\u00f1a con formar una familia con Alya: \u201cQuisiera que fuera contigo\u201d"},"content":{"rendered":"<p>El empresario no ha podido evitar recordar la charla que tuvieron en el hospital cuando Alya le pregunt\u00f3 si no se planteaba volver a ser padre. \u00c9l le hab\u00eda hecho una promesa a Cihan Deniz y<b> se hab\u00eda jurado a s\u00ed mismo no tener m\u00e1s descendencia.<\/b> Sin embargo, todo salt\u00f3 por los aires cuand<a title=\"o Mine le solt\u00f3 la noticia de su embarazo.\" href=\"https:\/\/www.antena3.com\/videos\/embarazo-mine-destroza-cihan-deniz-tierra-lejana_202608126a7c37a0a5690f047375a3d1.html\" target=\"_blank\" rel=\"nofollow noopener\"><b>o Mine le solt\u00f3 la noticia de su embarazo.<\/b><\/a><\/p>\n<p>\u201cCuando me dijo que estaba esperando un hijo m\u00edo, sent\u00ed algo distinto\u201d, ha reconocido Cihan. Pero ahora se da cuenta de la realidad: <b>jam\u00e1s se imagin\u00f3 creando un hogar junto a Mine<\/b>. Su deseo de ser padre ha cambiado por completo porque la persona a la que ama es otra.<\/p>\n<p>Mirando a Alya, <b>Cihan se ha desnudado emocionalmente:<\/b> \u201cSi alg\u00fan d\u00eda llegase a engendrar a mi propio hijo, quisiera que fuera contigo\u201d. La doctora ha intentado de inmediato quitarle la losa de remordimientos que arrastra tras la tragedia de Mine, dej\u00e1ndole claro que no puede seguir machac\u00e1ndose por lo que pas\u00f3: \u201cNo eres culpable de nada\u201d, le ha asegurado.<\/p>\n<p>Pero Cihan ha ido m\u00e1s all\u00e1 al explicarle por qu\u00e9 lo suyo es indestructible. No se enamor\u00f3 de ella cuando las cosas iban sobre ruedas, sino precisamente cuando su mundo se ca\u00eda a pedazos. \u201cPor eso este amor es tan especial para m\u00ed. Si alg\u00fan d\u00eda me soltases la mano, jam\u00e1s se la dar\u00eda a otra mujer\u201d.<\/p>\n<p><a title=\"Una confidencia que demuestra que Cihan ha dejado atr\u00e1s los miedos.\" href=\"https:\/\/www.antena3.com\/series\/tierra-lejana\/miedo-quererte-beso-alya-que-libera-cihan-sus-fantasmas_202608266a8e106dae2f3735da138ad1.html\" target=\"_blank\" rel=\"nofollow noopener\"><b>Una confidencia que demuestra que Cihan ha dejado atr\u00e1s los miedos.<\/b><\/a> Por primera vez, se atreve a so\u00f1ar con un ma\u00f1ana junto a Alya y con la idea de formar, esta vez s\u00ed, la familia con la que siempre ha so\u00f1ado.<\/p>\n<p>| <a title=\"A\u00f1ade Antena3 como tu medio de referencia en Google y no te pierdas nada de tus programas y series favoritas\" href=\"https:\/\/www.google.com\/preferences\/source?q=antena3.com\" target=\"_blank\" rel=\"nofollow noopener\"><b>A\u00f1ade Antena3 como tu medio de referencia en Google y no te pierdas nada de tus programas y series favoritas<\/b><\/a><\/p>\n","protected":false},"excerpt":{"rendered":"El empresario no ha podido evitar recordar la charla que tuvieron en el hospital cuando Alya le pregunt\u00f3&hellip;\n","protected":false},"author":2,"featured_media":741171,"comment_status":"","ping_status":"","sticky":false,"template":"","format":"standard","meta":{"footnotes":""},"categories":[171],"tags":[146,147,25,24,23,214],"class_list":["post-741170","post","type-post","status-publish","format-standard","has-post-thumbnail","category-tv","tag-entertainment","tag-entretenimiento","tag-es","tag-espana","tag-spain","tag-tv"],"share_on_mastodon":{"url":"https:\/\/pubeurope.com\/@es\/117192944706110898","error":""},"_links":{"self":[{"href":"https:\/\/www.europesays.com\/es\/wp-json\/wp\/v2\/posts\/741170","targetHints":{"allow":["GET"]}}],"collection":[{"href":"https:\/\/www.europesays.com\/es\/wp-json\/wp\/v2\/posts"}],"about":[{"href":"https:\/\/www.europesays.com\/es\/wp-json\/wp\/v2\/types\/post"}],"author":[{"embeddable":true,"href":"https:\/\/www.europesays.com\/es\/wp-json\/wp\/v2\/users\/2"}],"replies":[{"embeddable":true,"href":"https:\/\/www.europesays.com\/es\/wp-json\/wp\/v2\/comments?post=741170"}],"version-history":[{"count":0,"href":"https:\/\/www.europesays.com\/es\/wp-json\/wp\/v2\/posts\/741170\/revisions"}],"wp:featuredmedia":[{"embeddable":true,"href":"https:\/\/www.europesays.com\/es\/wp-json\/wp\/v2\/media\/741171"}],"wp:attachment":[{"href":"https:\/\/www.europesays.com\/es\/wp-json\/wp\/v2\/media?parent=741170"}],"wp:term":[{"taxonomy":"category","embeddable":true,"href":"https:\/\/www.europesays.com\/es\/wp-json\/wp\/v2\/categories?post=741170"},{"taxonomy":"post_tag","embeddable":true,"href":"https:\/\/www.europesays.com\/es\/wp-json\/wp\/v2\/tags?post=741170"}],"curies":[{"name":"wp","href":"https:\/\/api.w.org\/{rel}","templated":true}]}}