{"id":741174,"date":"2026-09-01T00:28:22","date_gmt":"2026-09-01T00:28:22","guid":{"rendered":"https:\/\/www.europesays.com\/es\/741174\/"},"modified":"2026-09-01T00:28:22","modified_gmt":"2026-09-01T00:28:22","slug":"guille-fernandez-se-va-traspasado-al-mallorca","status":"publish","type":"post","link":"https:\/\/www.europesays.com\/es\/741174\/","title":{"rendered":"Guille Fern\u00e1ndez se va traspasado al Mallorca"},"content":{"rendered":"<p class=\"ft-text\">Era uno de los casos que faltaban por decidir en el apartado de salidas del Bar\u00e7a.<a class=\"ft-link ft-link--decoration\" href=\"https:\/\/www.sport.es\/es\/noticias\/barca\/guille-fernandez-apunta-final-mercado-133766153\" rel=\"nofollow noopener\" target=\"_blank\"> Guille Fern\u00e1ndez<\/a> se marcha del FC Barcelona y lo hace traspasado. El de la Zona Franca llevaba entrenando al margen ya un par de semanas esperando que su agente, Jorge Mendes, llegara a un acuerdo con el Bar\u00e7a para encontrar el destino adecuado para proseguir su carrera.<\/p>\n<p><img decoding=\"async\" src=\"https:\/\/www.europesays.com\/es\/wp-content\/uploads\/2026\/09\/f9825a8a-b9b9-47b1-80ca-33b5aae8e69a_alta-libre-aspect-ratio_default_0_x600y225.jpg\" width=\"1200\" height=\"675\" alt=\"Guille Fern\u00e1ndez.\" class=\"ft-helper-img-rd\" loading=\"lazy\" fetchpriority=\"auto\"\/><\/p>\n<p class=\"ft-helper-fontColor-quaternary ft-helper-fontSize-body-S ft-helper-spacer-t-xxs\">Guille Fern\u00e1ndez.  \/ Sport<\/p>\n<p class=\"ft-text\">Pues bien, seg\u00fan ha adelantado &#8216;Jijantes&#8217; y <strong>puede confirmar SPORT, Guille Fern\u00e1ndez se va traspasado al Mallorca<\/strong>. El club bermell\u00f3n se lleva el gato al agua en unas negociaciones que se han acelerado en las \u00faltimas horas despu\u00e9s de que irrumpiera la entidad balear, que acaba de descender a Segunda A y que busca recuperar la m\u00e1xima categor\u00eda. <\/p>\n<p>Apuesta firme<\/p>\n<p class=\"ft-text\">A sus 18 a\u00f1os, Guille tendr\u00e1 una gran oportunidad de crecer a las \u00f3rdenes de Luis Garcia y junto a excompa\u00f1eros como Pablo Torre. El Bar\u00e7a se guardar\u00e1 un porcentaje de futura venta y el Mallorca abona una cantidad de dinero para firmar a una de las apuestas del verano. <\/p>\n<p class=\"ft-text\"><strong> Guille Fern\u00e1ndez ha estado ejercit\u00e1ndose de manera individualizada<\/strong> junto a otros compa\u00f1eros en situaciones similares, como Marc Casad\u00f3, H\u00e9ctor Fort, Tommy Marqu\u00e9s o el propio Jofre Torrents, compartiendo una rutina enfocada a preservar su integridad f\u00edsica antes de cerrar sus traspasos.<\/p>\n<p class=\"ft-text\">El centrocampista, considerado una de las grandes promesas de La Masia de los \u00faltimos a\u00f1os, cuenta con <strong>un perfil de f\u00fatbol moderno, despliegue f\u00edsico, capacidad de llegada a \u00e1rea rival y cambio de ritmo<\/strong>, atributos que han despertado el inter\u00e9s de varios clubes, especialmente en ligas como la Premier League o la Bundesliga.<\/p>\n","protected":false},"excerpt":{"rendered":"Era uno de los casos que faltaban por decidir en el apartado de salidas del Bar\u00e7a. Guille Fern\u00e1ndez&hellip;\n","protected":false},"author":2,"featured_media":741175,"comment_status":"","ping_status":"","sticky":false,"template":"","format":"standard","meta":{"footnotes":""},"categories":[93],"tags":[882,168,25,24,10994,14054,2457,23,167,83458],"class_list":["post-741174","post","type-post","status-publish","format-standard","has-post-thumbnail","category-deportes","tag-deco","tag-deportes","tag-es","tag-espana","tag-fernandez","tag-guille","tag-mallorca","tag-spain","tag-sports","tag-traspasado"],"share_on_mastodon":{"url":"https:\/\/pubeurope.com\/@es\/117192957724564436","error":""},"_links":{"self":[{"href":"https:\/\/www.europesays.com\/es\/wp-json\/wp\/v2\/posts\/741174","targetHints":{"allow":["GET"]}}],"collection":[{"href":"https:\/\/www.europesays.com\/es\/wp-json\/wp\/v2\/posts"}],"about":[{"href":"https:\/\/www.europesays.com\/es\/wp-json\/wp\/v2\/types\/post"}],"author":[{"embeddable":true,"href":"https:\/\/www.europesays.com\/es\/wp-json\/wp\/v2\/users\/2"}],"replies":[{"embeddable":true,"href":"https:\/\/www.europesays.com\/es\/wp-json\/wp\/v2\/comments?post=741174"}],"version-history":[{"count":0,"href":"https:\/\/www.europesays.com\/es\/wp-json\/wp\/v2\/posts\/741174\/revisions"}],"wp:featuredmedia":[{"embeddable":true,"href":"https:\/\/www.europesays.com\/es\/wp-json\/wp\/v2\/media\/741175"}],"wp:attachment":[{"href":"https:\/\/www.europesays.com\/es\/wp-json\/wp\/v2\/media?parent=741174"}],"wp:term":[{"taxonomy":"category","embeddable":true,"href":"https:\/\/www.europesays.com\/es\/wp-json\/wp\/v2\/categories?post=741174"},{"taxonomy":"post_tag","embeddable":true,"href":"https:\/\/www.europesays.com\/es\/wp-json\/wp\/v2\/tags?post=741174"}],"curies":[{"name":"wp","href":"https:\/\/api.w.org\/{rel}","templated":true}]}}