{"id":741182,"date":"2026-09-01T00:32:13","date_gmt":"2026-09-01T00:32:13","guid":{"rendered":"https:\/\/www.europesays.com\/es\/741182\/"},"modified":"2026-09-01T00:32:13","modified_gmt":"2026-09-01T00:32:13","slug":"mercadona-mercadona-estrena-nuevo-modelo-de-supermercado-en-una-capital-inedita-de-provincia-tras-invertir-19-millones-de-euros","status":"publish","type":"post","link":"https:\/\/www.europesays.com\/es\/741182\/","title":{"rendered":"Mercadona | Mercadona estrena nuevo modelo de supermercado en una capital in\u00e9dita de provincia tras invertir 1,9 millones de euros"},"content":{"rendered":"<p style=\"\">Mercadona ha dado un paso m\u00e1s en su estrategia de <a href=\"https:\/\/www.lasprovincias.es\/economia\/mercadona-estrena-nuevo-modelo-supermercado-capital-provincia-20260820200743-nt.html\" data-voc-vtm-id=\"in-text-traffic\" rel=\"nofollow noopener\" target=\"_blank\">renovaci\u00f3n de la red de supermercados<\/a> de la geograf\u00eda nacional con la transformaci\u00f3n en  &#8230; Vizcaya de un antiguo establecimiento hacia el anunciado nuevo modelo &#8216;Tienda 9&#8217; que pretende mejorar la experiencia de compra de los &#8216;jefes&#8217;, denominaci\u00f3n de la compa\u00f1\u00eda a sus propios clientes. <\/p>\n<p class=\"v-d-p\" style=\"\">El propio presidente Juan Roig ya anunci\u00f3 el pasado mes de marzo en la presentaci\u00f3n de resultados de la compa\u00f1\u00eda que el objetivo es renovar todos los establecimientos hacia una versi\u00f3n &#8216;premium&#8217; donde la eficiencia y mejora de los procesos internos son otros de los grandes objetivos. Ahora le ha llegado el turno a uno de los barrios residenciales m\u00e1s conocidos de Bilbao: Miribilla. <\/p>\n<p class=\"v-d-p\" style=\"\">Tras acometer una reforma integral que ha supuesto una inversi\u00f3n de 1,9 millones de euros, la cadena valenciana ha estrenado en este local su nuevo concepto &#8216;Tienda 9&#8217;, el primero de estas caracter\u00edsticas en el territorio hist\u00f3rico.<\/p>\n<p class=\"v-d-p\" style=\"\">El proyecto de remodelaci\u00f3n, en el que han participado 39 proveedores de obra y un equipo de 150 trabajadores, supone una profunda reestructuraci\u00f3n del espacio comercial situado en la calle Doctor Espinosa Orive. El establecimiento mantendr\u00e1 su horario habitual, de 9.00 a 21.00 horas de lunes a s\u00e1bado, y pone a disposici\u00f3n de sus clientes un aparcamiento con 67 plazas, dos de ellas dotadas con puntos de recarga para veh\u00edculos el\u00e9ctricos.<\/p>\n<p class=\"v-d-p\" style=\"\">Cabe recordar que la actuaci\u00f3n en Miribilla forma parte del plan global de la compa\u00f1\u00eda para renovar su red comercial. Mercadona prev\u00e9 finalizar el a\u00f1o 2026 con unas 60 &#8216;Tiendas 9&#8217; operativas en toda Espa\u00f1a, dentro de un plan de inversiones que contempla destinar 3.700 millones de euros hasta 2033 para la <a href=\"https:\/\/www.lasprovincias.es\/economia\/mercadona-estrena-nuevo-modelo-supermercado-madrid-pleno-20260826205143-nt.html\" data-voc-vtm-id=\"in-text-traffic\" rel=\"nofollow noopener\" target=\"_blank\">conversi\u00f3n progresiva de sus supermercados<\/a>.<\/p>\n<ul class=\"v-cmp-rld__u\">\n<li class=\"v-cmp-rld__l\">\n<p><a class=\"v-a-lnk\" href=\"http:\/\/www.lasprovincias.es\/economia\/mercadona-aclara-sucedera-devolucion-dinero-retorno-botellas-20260822195025-nt.html#vtm_modulosEngag=noticiasrelacionadas-cmp-uno:economia:noticia:1\" data-voc-vtm-id=\"in-text-traffic\" rel=\"nofollow noopener\" target=\"_blank\"><br \/>\n<img decoding=\"async\" loading=\"lazy\" src=\"https:\/\/www.europesays.com\/es\/wp-content\/uploads\/2026\/09\/mercadona-kXy--366x256@Las Provincias.jpg\" class=\"v-a-img\" width=\"258\" height=\"180\" alt=\"Mercadona aclara qu\u00e9 suceder\u00e1 con la devoluci\u00f3n de dinero por el retorno de envases en sus supermercados\"\/><br \/>\n<\/a><\/p>\n<\/li>\n<\/ul>\n<p>\nEficiencia energ\u00e9tica y mejora de procesos internos\n<\/p>\n<p class=\"v-d-p\" style=\"\">Una de las grandes novedades del supermercado es la reorganizaci\u00f3n integral del espacio, al evolucionar de ser una tienda organizada por negocios a estar organizada por procesos. De esta forma, la cadena de supermercados da \u00abun paso m\u00e1s\u00bb en la optimizaci\u00f3n del acto de compra, haciendo que sea \u00abm\u00e1s \u00e1gil y sencillo\u00bb, gracias a una \u00aborganizaci\u00f3n m\u00e1s intuitiva del surtido\u00bb. <\/p>\n<p class=\"v-d-p\" style=\"\">Adem\u00e1s, favorece la actividad de su plantilla, al reducir desplazamientos a la hora de reponer y mejorar la coordinaci\u00f3n del equipo.<\/p>\n<p class=\"v-d-p\" style=\"\">De la reestructuraci\u00f3n del espacio nace el Obrador Central, la zona donde se unen todas las \u00e1reas de preparaci\u00f3n de productos frescos que se realizan en la tienda. Esta centralizaci\u00f3n de los procesos de corte, cocci\u00f3n y envasado en un mismo punto \u00abpermite reforzar el compromiso que la compa\u00f1\u00eda mantiene por la m\u00e1xima calidad y frescura\u00bb, dando m\u00e1s espacio para estos productos en el libre servicio. <\/p>\n<p class=\"v-d-p\" style=\"\">A nivel de innovaci\u00f3n, la tienda cuenta con una serie de dispositivos electr\u00f3nicos y herramientas colaborativas que facilitan la autogesti\u00f3n del supermercado, optimizan la toma de decisiones, y agilizan los procesos de toda la cadena.<\/p>\n<p class=\"v-d-p\" style=\"\">En las neveras, los murales de fr\u00edo incorporan sistemas Aerofoil que minimizan la p\u00e9rdida de fr\u00edo hacia los pasillos, mejorando as\u00ed la eficiencia energ\u00e9tica del refrigerador y el confort t\u00e9rmico en tienda. <\/p>\n<p class=\"v-d-p\" style=\"\">Adem\u00e1s, la compa\u00f1\u00eda apuesta por el CO2 como refrigerante, que reduce el impacto ambiental y permite generar fr\u00edo de forma m\u00e1s eficiente y sostenible. A todo esto, se suma la actualizaci\u00f3n t\u00e9cnica de las salas de m\u00e1quinas y la renovaci\u00f3n de equipos, \u00abgarantizando un mejor mantenimiento y una mayor eficiencia operativa a largo plazo\u00bb.<\/p>\n","protected":false},"excerpt":{"rendered":"Mercadona ha dado un paso m\u00e1s en su estrategia de renovaci\u00f3n de la red de supermercados de la&hellip;\n","protected":false},"author":2,"featured_media":741183,"comment_status":"","ping_status":"","sticky":false,"template":"","format":"standard","meta":{"footnotes":""},"categories":[80],"tags":[82,7264,95,94,25,24,1719,1557,14464,12048,4973,4724,3431,524,6436,23,38670,575],"class_list":["post-741182","post","type-post","status-publish","format-standard","has-post-thumbnail","category-economia","tag-business","tag-capital","tag-economia","tag-economy","tag-es","tag-espana","tag-estrena","tag-euros","tag-inedita","tag-invertir","tag-mercadona","tag-millones","tag-modelo","tag-nuevo","tag-provincia","tag-spain","tag-supermercado","tag-tras"],"share_on_mastodon":{"url":"https:\/\/pubeurope.com\/@es\/117192973556088611","error":""},"_links":{"self":[{"href":"https:\/\/www.europesays.com\/es\/wp-json\/wp\/v2\/posts\/741182","targetHints":{"allow":["GET"]}}],"collection":[{"href":"https:\/\/www.europesays.com\/es\/wp-json\/wp\/v2\/posts"}],"about":[{"href":"https:\/\/www.europesays.com\/es\/wp-json\/wp\/v2\/types\/post"}],"author":[{"embeddable":true,"href":"https:\/\/www.europesays.com\/es\/wp-json\/wp\/v2\/users\/2"}],"replies":[{"embeddable":true,"href":"https:\/\/www.europesays.com\/es\/wp-json\/wp\/v2\/comments?post=741182"}],"version-history":[{"count":0,"href":"https:\/\/www.europesays.com\/es\/wp-json\/wp\/v2\/posts\/741182\/revisions"}],"wp:featuredmedia":[{"embeddable":true,"href":"https:\/\/www.europesays.com\/es\/wp-json\/wp\/v2\/media\/741183"}],"wp:attachment":[{"href":"https:\/\/www.europesays.com\/es\/wp-json\/wp\/v2\/media?parent=741182"}],"wp:term":[{"taxonomy":"category","embeddable":true,"href":"https:\/\/www.europesays.com\/es\/wp-json\/wp\/v2\/categories?post=741182"},{"taxonomy":"post_tag","embeddable":true,"href":"https:\/\/www.europesays.com\/es\/wp-json\/wp\/v2\/tags?post=741182"}],"curies":[{"name":"wp","href":"https:\/\/api.w.org\/{rel}","templated":true}]}}