{"id":741190,"date":"2026-09-01T00:41:08","date_gmt":"2026-09-01T00:41:08","guid":{"rendered":"https:\/\/www.europesays.com\/es\/741190\/"},"modified":"2026-09-01T00:41:08","modified_gmt":"2026-09-01T00:41:08","slug":"etapa-10-de-la-vuelta-a-espana-alcaraz-elche-de-la-sierra-1847-km-es-ciclismo","status":"publish","type":"post","link":"https:\/\/www.europesays.com\/es\/741190\/","title":{"rendered":"Etapa 10 de la Vuelta a Espa\u00f1a, Alcaraz &#8211; Elche de la Sierra \/ 184,7 Km. &#8211; Es Ciclismo"},"content":{"rendered":"<ol>\n<li><a href=\"https:\/\/news.google.com\/rss\/articles\/CBMiakFVX3lxTE5hMzBZdXR3NmxUaWRoYjJ4aVEtbU1IZ2k0eVdZWF9IaWVrbU9KeUZHOTVGVlNJT3ZXNFpfaWRIWWhHSE1WODJrcXNrNE11Q0xaWHVtNENNVl9vNXFyQnFMUG1sQXVhcWNTc3c?oc=5\" target=\"_blank\" rel=\"nofollow noopener\">Etapa 10 de la Vuelta a Espa\u00f1a, Alcaraz &#8211; Elche de la Sierra \/ 184,7 Km.<\/a>&nbsp;&nbsp;Es Ciclismo<\/li>\n<li><a href=\"https:\/\/news.google.com\/rss\/articles\/CBMiuwFBVV95cUxPQlRhV3NyLVhUZ1UwMzFiUTdscDlHU2g1Zk10XzFlRkNBNDFlS1NjcTZEOXVFbkszQVdCRTdJMlRkVDJmVGsyVExGSllWOW54OE4tZ25pWlloWVViUFlueVhOcEJRclV5cUhlSVlrRG9Hd29KNU9qaWM3cUg1bUU0SVhUYlZjVV9OVkRwZG9ZQjhtY1dtUmpzZ0t5V2FvalBnTC1RY0pfdS1nMXQ5djVhNWJmbWVKT3ZPVTVR?oc=5\" target=\"_blank\" rel=\"nofollow noopener\">La Vuelta 2026: perfil, recorrido, hora, d\u00f3nde ver y claves de la etapa 10 entre Alcaraz y Elche de la Sierra<\/a>&nbsp;&nbsp;RTVE.es<\/li>\n<li><a href=\"https:\/\/news.google.com\/rss\/articles\/CBMiowFBVV95cUxNTXROdVQxd3ZQQl95ZUVuZkZhM3FfR19aenRuMWJENndSQTJvd25NYmFwbkdpZTZrejludFdidjJDbEw0dndFcWF2WnFkdU0yRmltb2dtYTh0Z1dPRmFJS2pRa1oxTFZBNlppdHZMQkYwM3hURDlKaXdmSHVqMXhlb1BfWVR5cFl4TU92NUNqNkpKLUI4VnVMLWppUzB6T2dRckZ30gG3AUFVX3lxTE1UaS1XV3g1T25EZnJQMDFVcHdvVTlLajBZRjJVN0hqYXZKMDBOam1HZ2ttdWJIRVdGelRjLV9ZcVY3YW9HV1BiVnFMeTNZMlFJSkt3N3RMVy1XLV9HUzZRMkV2NHNhZl8tb2tZWDJ5QWZjUFJjQk1QNmZWNTZHc1hFVnpHbm1SWFdpZHZGWDNpb0dKZUZvTWs4YVF3b1NCWDFxQmFNeWlBdFdtMWJwZGdOdlprWGRHQQ?oc=5\" target=\"_blank\" rel=\"nofollow noopener\">Vuelta a Espa\u00f1a 2026 hoy, etapa 10: perfil y recorrido<\/a>&nbsp;&nbsp;Diario AS<\/li>\n<li><a href=\"https:\/\/news.google.com\/rss\/articles\/CBMi9AFBVV95cUxQdjFza1Faczk3VWczdjdSVzJQUlpjeGZVeDdIS09rSDJwNWI3dXFSdUotb05mUVRsM25nWHktQkgtWWRQUVkzWGN6a194ZGFSLWNkUDI5S052MUUxWE4zSTRVVHV5WGJFbWxZUGhlWEdsa2NmVnFoejM3S1l3cWdOcmJpcm8tVjlwSHJDSno5ZzVxWUhqaXdhZFNVdk8yeHRYMUNCeGxhWHN5Qkp6alhxSUZsTDRFb1pZeHp2SnpSckVheXZkSnIwNzloOHd3cFhUdHN0ZUpzdTVLbjVPTnFjOTBISE1nUVFUVFJzeU1lVC1OOVdo?oc=5\" target=\"_blank\" rel=\"nofollow noopener\">Con \u00abcalor asfixiante\u00bb y acompa\u00f1ada por \u00abchiquillos\u00bb: as\u00ed fueron las otras veces que la Vuelta Ciclista a Espa\u00f1a visit\u00f3 Albacete<\/a>&nbsp;&nbsp;elDiario.es<\/li>\n<li><a href=\"https:\/\/news.google.com\/rss\/articles\/CBMiwgFBVV95cUxPdUxRZklxbExWcDVwRlAwUnhKUmxPa3FZM2Q1MnNscEpjOTBfV3lmTzAxLXlwcFM2MVBjYlcxWkNIVUJ6QnpXQXZCM0pPN2hFSTU4N2VhSlgtZjhaQTlSOVdWWU40ekVNRTZQTWhHUXppSzRPZmVaTmlWU3lhalhZckh2azNSeTBoT3lnY0VDVThjT2VCWmszVGI4emJ4d3djWHdPQjI1R2l0RjdfdFlHWWlLUE9MckJhemNEdTNhcklTUdIBwgFBVV95cUxPbEl5aG1kRW5WNTdZZURUWDNBNHRhcVdBZlcxM1FVb3J5WlRtbkFBQ1N3bU5FVU80M0ItWVE5ZXg5TUV4SXJEZTdWU0ZxazM3SFYwcS03M1F0TnB5R0E4ZVo2X3J6c3EyUVR3Z2w5Ql9TRmhnWllwdlBHSXI0SUNTbWpoWjhpeVhUSWNSX3N5WFNDNUtyNnNwbkl1RDVKamw2aE5SUXZyc0R3cU9jdzRhVWpCcGZnVC1ZZVVQZHZyOEJZUQ?oc=5\" target=\"_blank\" rel=\"nofollow noopener\">Perfil de la Vuelta a Espa\u00f1a, etapa 10: recorrido, horario y d\u00f3nde ver en TV y online<\/a>&nbsp;&nbsp;marca.com<\/li>\n<\/ol>\n","protected":false},"excerpt":{"rendered":"Etapa 10 de la Vuelta a Espa\u00f1a, Alcaraz &#8211; Elche de la Sierra \/ 184,7 Km.&nbsp;&nbsp;Es Ciclismo La&hellip;\n","protected":false},"author":2,"featured_media":741191,"comment_status":"","ping_status":"","sticky":false,"template":"","format":"standard","meta":{"footnotes":""},"categories":[273],"tags":[313,312,168,25,24,1783,23,167,1357],"class_list":["post-741190","post","type-post","status-publish","format-standard","has-post-thumbnail","category-ciclismo","tag-ciclismo","tag-cycling","tag-deportes","tag-es","tag-espana","tag-la","tag-spain","tag-sports","tag-vuelta"],"share_on_mastodon":{"url":"https:\/\/pubeurope.com\/@es\/117193007811144983","error":""},"_links":{"self":[{"href":"https:\/\/www.europesays.com\/es\/wp-json\/wp\/v2\/posts\/741190","targetHints":{"allow":["GET"]}}],"collection":[{"href":"https:\/\/www.europesays.com\/es\/wp-json\/wp\/v2\/posts"}],"about":[{"href":"https:\/\/www.europesays.com\/es\/wp-json\/wp\/v2\/types\/post"}],"author":[{"embeddable":true,"href":"https:\/\/www.europesays.com\/es\/wp-json\/wp\/v2\/users\/2"}],"replies":[{"embeddable":true,"href":"https:\/\/www.europesays.com\/es\/wp-json\/wp\/v2\/comments?post=741190"}],"version-history":[{"count":0,"href":"https:\/\/www.europesays.com\/es\/wp-json\/wp\/v2\/posts\/741190\/revisions"}],"wp:featuredmedia":[{"embeddable":true,"href":"https:\/\/www.europesays.com\/es\/wp-json\/wp\/v2\/media\/741191"}],"wp:attachment":[{"href":"https:\/\/www.europesays.com\/es\/wp-json\/wp\/v2\/media?parent=741190"}],"wp:term":[{"taxonomy":"category","embeddable":true,"href":"https:\/\/www.europesays.com\/es\/wp-json\/wp\/v2\/categories?post=741190"},{"taxonomy":"post_tag","embeddable":true,"href":"https:\/\/www.europesays.com\/es\/wp-json\/wp\/v2\/tags?post=741190"}],"curies":[{"name":"wp","href":"https:\/\/api.w.org\/{rel}","templated":true}]}}