{"id":741192,"date":"2026-09-01T00:43:27","date_gmt":"2026-09-01T00:43:27","guid":{"rendered":"https:\/\/www.europesays.com\/es\/741192\/"},"modified":"2026-09-01T00:43:27","modified_gmt":"2026-09-01T00:43:27","slug":"la-lesion-de-nzosa-acelera-el-fichaje-de-un-ultimo-pivot-para-cerrar-la-plantilla-cajista","status":"publish","type":"post","link":"https:\/\/www.europesays.com\/es\/741192\/","title":{"rendered":"La lesi\u00f3n de Nzosa acelera el fichaje de un \u00faltimo p\u00edvot para cerrar la plantilla cajista"},"content":{"rendered":"<p style=\"\">Se ha confirmado la peor noticia para Yannick Nzosa. En su primer partido de pretemporada, este pasado domingo, en el Memorial Javier Imbroda ante el  &#8230; Melilla, el Unicaja gan\u00f3 c\u00f3modamente y dej\u00f3 ver varias pinceladas del interesante proyecto que veremos este a\u00f1o en el Carpena. Sin embargo, tambi\u00e9n hubo un aspecto negativo: la lesi\u00f3n del p\u00edvot congole\u00f1o. Como confirm\u00f3 el club este lunes tras la realizaci\u00f3n de las pruebas m\u00e9dicas pertinentes, Nzosa permanecer\u00e1 al menos 3 meses de baja.<\/p>\n<p class=\"v-d-p\" style=\"\">Apenas llevaba tres minutos jugando, en el primer cuarto, cuando el p\u00edvot formado en la cantera cajista y que ha regresado esta campa\u00f1a al equipo, sinti\u00f3 molestias en su pie izquierdo despu\u00e9s de anotar una canasta. No muchos se percataron en ese momento, pero otros ya le vieron aquejarse en el acto. Nzosa se fue al vestuario y minutos despu\u00e9s, reapareci\u00f3, con el cubre, para terminar de ver el encuentro desde la barrera, con su pierna izquierda en alto, apoyada en otra silla. Sin vendajes ni signos de demasiado dolor, pero no volvi\u00f3 a jugar. Se lament\u00f3 el propio Txus Vidorreta por este contratiempo, sobre todo porque Nzosa comenz\u00f3 el partido con mucha garra, vertical, en buena sinton\u00eda con los pases de Perry, entre otros, y crecido en la pintura, queriendo demostrar que se merece su puesto en el equipo.<\/p>\n<p class=\"v-d-p\" style=\"\">El Unicaja, en un comunicado, ha confirmado la lesi\u00f3n del jugador, asegurando que, tras la realizaci\u00f3n de las pruebas m\u00e9dicas en el Hospital Quir\u00f3nsalud, el p\u00edvot congole\u00f1o tiene una rotura en el quinto metatarsiano del pie izquierdo que va a requerir de intervenci\u00f3n quir\u00fargica esta misma semana. As\u00ed las cosas, se estima que ser\u00e1n tres meses lo que se extienda la recuperaci\u00f3n.<\/p>\n<ul class=\"v-cmp-rld__u\">\n<li class=\"v-cmp-rld__l\">\n<p><a class=\"v-a-lnk\" href=\"http:\/\/www.diariosur.es\/unicaja\/sobresaliente-carta-presentacion-unicaja-vidorreta-20260830221752-nt.html#vtm_modulosEngag=noticiasrelacionadas-cmp-uno:unicaja:noticia:1\" data-voc-vtm-id=\"in-text-traffic\" rel=\"nofollow noopener\" target=\"_blank\"><br \/>\n<img decoding=\"async\" loading=\"lazy\" src=\"https:\/\/www.europesays.com\/es\/wp-content\/uploads\/2026\/09\/MELILLA-UNICAJA-58-U67260558302uTn-366x256@Diario Sur.jpg\" class=\"v-a-img\" width=\"258\" height=\"180\" alt=\"Sobresaliente carta de presentaci\u00f3n del Unicaja de Vidorreta\"\/><br \/>\n<\/a><\/p>\n<\/li>\n<\/ul>\n<ul class=\"v-cmp-rld__u\">\n<li class=\"v-cmp-rld__l\">\n<p><a class=\"v-a-lnk\" href=\"http:\/\/www.diariosur.es\/unicaja\/vidorreta-equipo-parece-quiero-tener-test-positivo-20260830230136-nt.html#vtm_modulosEngag=noticiasrelacionadas-cmp-uno:unicaja:noticia:1\" data-voc-vtm-id=\"in-text-traffic\" rel=\"nofollow noopener\" target=\"_blank\"><br \/>\n<img decoding=\"async\" loading=\"lazy\" src=\"https:\/\/www.europesays.com\/es\/wp-content\/uploads\/2026\/09\/MELILLA-UNICAJA-38-U13312724338qBS-366x256@Diario Sur.jpg\" class=\"v-a-img\" width=\"258\" height=\"180\" alt=\"Vidorreta: \u00abEl equipo se parece al que quiero tener; un test muy positivo\u00bb\"\/><br \/>\n<\/a><\/p>\n<\/li>\n<\/ul>\n<p class=\"v-d-p\" style=\"\">Dada las circunstancias, el Unicaja deber\u00e1 acelerar su b\u00fasqueda en el mercado para poder completar un puesto de &#8216;5&#8217; que queda muy mermado ahora, s\u00f3lo con la presencia de dos efectivos: Willy Hernang\u00f3mez y David Kravish. Bien es cierto que, como ya adelant\u00f3 Vidorreta al inicio de la pretemporada, este ve\u00eda al Nzosa, el benjam\u00edn de la plantilla con 22 a\u00f1os, con un rol m\u00e1s secundario. Un jugador que ir\u00eda ganando minutos poco a poco, pero que tendr\u00eda que estar siempre dispuesto a ayudar. Es decir, que ser\u00eda el tercer p\u00edvot. Algo entendible. Sin embargo, en esta segunda semana de pretemporada, en la que el t\u00e9cnico bilba\u00edno ha tenido que lidiar con la ausencia de Willy por la ventana FIBA, Nzosa tuvo m\u00e1s protagonismo y de hecho, como explic\u00f3 este domingo el entrenador cajista, estuvo trabajando muy bien. <\/p>\n<p class=\"v-d-p\" style=\"\">Su lesi\u00f3n llega ahora como un jarro de agua fr\u00eda para el joven congole\u00f1o y canterano, que se encontraba en un momento de crecimiento y en b\u00fasqueda de oportunidades. Dada su baja, esta semana, el equipo s\u00f3lo podr\u00e1 entrenarse con Kravish como &#8216;5&#8217; y con la ayuda de Daniel Giddens, el estadounidense sin equipo que pidi\u00f3 al club entrenarse con \u00e9ste esta pretemporada para mantener el ritmo, pero que no fichar\u00e1 por el club, solo colabora. De hecho, viaj\u00f3 al partido en Melilla y particip\u00f3 con el equipo ante las diversas bajas.<\/p>\n<p>\nB\u00fasqueda continua\n<\/p>\n<p class=\"v-d-p\" style=\"\">Aunque se incorpore Hernang\u00f3mez estos d\u00edas, s\u00f3lo ser\u00e1n dos los p\u00edvots en un equipo que a\u00fan debe trabajar el plano defensivo. Ahora, con la baja de Nzosa por tres mses, el club deber\u00e1 acelerar en la incorporaci\u00f3n del interior que tanto buscaba. Al inicio del mercado, el perfil era el de un &#8216;5&#8217; fuerte, f\u00edsico, contundente. Sin embargo, en las \u00faltimas comparecencias se cambi\u00f3 el perfil de b\u00fasqueda a un &#8216;4-5&#8217; peque\u00f1o y con buen tiro. \u00bfHabr\u00e1 cambiado de nuevo de parecer el club? Siempre se ha dejado claro desde la direcci\u00f3n deportiva que el equipo nunca ha dejado de mirar en el mercado, especialmente complejo este a\u00f1o por la agresividad de los clubes europeos y las oportunidades en Estados Unidos. <\/p>\n<p class=\"v-d-p\" style=\"\">Sin embargo, el propio Juanma Rodr\u00edguez, ya con las 14 fichas cerradas y con jugadores como Barreiro, que podr\u00edan aportar tambi\u00e9n al plano interior (como &#8216;4&#8217;), dejaba entrever que el p\u00edvot no ten\u00eda por qu\u00e9 ficharse para el inicio de la temporada liguera, o bien que, en caso de darse la oportunidad y encontrar un perfil que aporte algo distinto, llegar\u00eda en un mes y medio, aproximadamente. Dada la situaci\u00f3n actual, en la que el equipo s\u00f3lo cuenta con dos p\u00edvots puros, la l\u00ednea interior queda notablemente mermada, por lo que fichar pasar\u00eda a ser una necesidad, sobre todo porque el equipo ya no podr\u00eda exponerse a m\u00e1s bajas en esta posici\u00f3n. No tendr\u00eda rotaci\u00f3n. Como dijo el propio Vidorreta al inicio de la primera semana de entrenamientos: \u00abFichar un p\u00edvot nos va a dar m\u00e1s garant\u00edas de ser competitivos\u00bb.<\/p>\n","protected":false},"excerpt":{"rendered":"Se ha confirmado la peor noticia para Yannick Nzosa. En su primer partido de pretemporada, este pasado domingo,&hellip;\n","protected":false},"author":2,"featured_media":741193,"comment_status":"","ping_status":"","sticky":false,"template":"","format":"standard","meta":{"footnotes":""},"categories":[269],"tags":[3896,299,298,32522,5417,168,25,24,557,8252,68614,6074,1429,23,167,3667],"class_list":["post-741192","post","type-post","status-publish","format-standard","has-post-thumbnail","category-baloncesto","tag-acelerar","tag-baloncesto","tag-basketball","tag-cajista","tag-cerrar","tag-deportes","tag-es","tag-espana","tag-fichaje","tag-lesion","tag-nzosa","tag-pivot","tag-plantilla","tag-spain","tag-sports","tag-ultimo"],"share_on_mastodon":{"url":"https:\/\/pubeurope.com\/@es\/117193016895081323","error":""},"_links":{"self":[{"href":"https:\/\/www.europesays.com\/es\/wp-json\/wp\/v2\/posts\/741192","targetHints":{"allow":["GET"]}}],"collection":[{"href":"https:\/\/www.europesays.com\/es\/wp-json\/wp\/v2\/posts"}],"about":[{"href":"https:\/\/www.europesays.com\/es\/wp-json\/wp\/v2\/types\/post"}],"author":[{"embeddable":true,"href":"https:\/\/www.europesays.com\/es\/wp-json\/wp\/v2\/users\/2"}],"replies":[{"embeddable":true,"href":"https:\/\/www.europesays.com\/es\/wp-json\/wp\/v2\/comments?post=741192"}],"version-history":[{"count":0,"href":"https:\/\/www.europesays.com\/es\/wp-json\/wp\/v2\/posts\/741192\/revisions"}],"wp:featuredmedia":[{"embeddable":true,"href":"https:\/\/www.europesays.com\/es\/wp-json\/wp\/v2\/media\/741193"}],"wp:attachment":[{"href":"https:\/\/www.europesays.com\/es\/wp-json\/wp\/v2\/media?parent=741192"}],"wp:term":[{"taxonomy":"category","embeddable":true,"href":"https:\/\/www.europesays.com\/es\/wp-json\/wp\/v2\/categories?post=741192"},{"taxonomy":"post_tag","embeddable":true,"href":"https:\/\/www.europesays.com\/es\/wp-json\/wp\/v2\/tags?post=741192"}],"curies":[{"name":"wp","href":"https:\/\/api.w.org\/{rel}","templated":true}]}}