{"id":741198,"date":"2026-09-01T00:48:21","date_gmt":"2026-09-01T00:48:21","guid":{"rendered":"https:\/\/www.europesays.com\/es\/741198\/"},"modified":"2026-09-01T00:48:21","modified_gmt":"2026-09-01T00:48:21","slug":"una-colaboradora-de-la-revuelta-y-un-gran-talento-de-salvame-los-fichajes-de-el-sotano-club-para-su-regreso-a-ten","status":"publish","type":"post","link":"https:\/\/www.europesays.com\/es\/741198\/","title":{"rendered":"Una colaboradora de &#8216;La Revuelta&#8217; y un gran talento de &#8216;S\u00e1lvame&#8217;: los fichajes de &#8216;El S\u00f3tano club&#8217; para su regreso a Ten"},"content":{"rendered":"<p><a data-external=\"0\" data-intl-links-es=\"https:\/\/www.elplural.com\/extratele\/septima-confirma-fichaje-bomba-alba-carrillo-incorpora-nuevo-canal-presentar-fuera-control_398132102\" href=\"https:\/\/www.elplural.com\/extratele\/septima-confirma-fichaje-bomba-alba-carrillo-incorpora-nuevo-canal-presentar-fuera-control_398132102\" rel=\"follow nofollow noopener\" target=\"_self\" title=\"La S\u00e9ptima confirma su fichaje bomba: Alba Carrillo se incorpora al nuevo canal para presentar &#039;Fuera de Control&#039;\">Alba Carrillo<\/a> le espera un cuatrimestre muy movido en lo que se refiere a la televisi\u00f3n. Adem\u00e1s de su pr\u00f3ximo aterrizaje en la programaci\u00f3n de <a data-external=\"0\" data-intl-links-es=\"https:\/\/www.elplural.com\/extratele\/sarah-santaolalla-fichaje-estrella-septima-dara-salto-presentadora-propio-programa_398975102\" href=\"https:\/\/www.elplural.com\/extratele\/sarah-santaolalla-fichaje-estrella-septima-dara-salto-presentadora-propio-programa_398975102\" rel=\"follow nofollow noopener\" target=\"_self\" title=\"Sarah Santaolalla, fichaje estrella de La S\u00e9ptima: dar\u00e1 el salto como presentadora de su propio programa\">La S\u00e9ptima<\/a>, la comunicadora tambi\u00e9n <strong>regresa este pr\u00f3ximo martes 1 de septiembre a <a data-external=\"0\" data-intl-links-es=\"https:\/\/www.elplural.com\/extratele\/alba-carrillo-convierte-ayuso-anunciar-regreso-sotano-club-redes-rinden-chao-pescao-promo-millones_399047102\" href=\"https:\/\/www.elplural.com\/extratele\/alba-carrillo-convierte-ayuso-anunciar-regreso-sotano-club-redes-rinden-chao-pescao-promo-millones_399047102\" rel=\"follow nofollow noopener\" target=\"_self\" title=\"Alba Carrillo se convierte en Ayuso para anunciar el regreso de &#039;El s\u00f3tano club&#039; y las redes se rinden ante su &quot;chao, pescao&quot;: &quot;Promo de millones&quot;\">El S\u00f3tano Club<\/a>, el magac\u00edn vespertino de TEN<\/strong>, que tendr\u00e1 importantes novedades en el inicio de su nueva temporada.\u00a0<\/p>\n<p>El programa contar\u00e1 con nuevas secciones, un set alternativo y m\u00e1s colaboradores muy conocidos. El magac\u00edn estrenar\u00e1 los fichajes de la c\u00f3mica\u00a0<strong><a data-external=\"0\" data-intl-links-es=\"https:\/\/www.elplural.com\/extratele\/valeria-ros-destapa-comentarios-misoginos-jaime-caravaca-hacia-ella_331297102\" href=\"https:\/\/www.elplural.com\/extratele\/valeria-ros-destapa-comentarios-misoginos-jaime-caravaca-hacia-ella_331297102\" rel=\"follow nofollow noopener\" target=\"_self\" title=\"Valeria Ros destapa los comentarios \" mis=\"\" de=\"\" jaime=\"\" caravaca=\"\" hacia=\"\" ella=\"\">Valeria Ros<\/a> <\/strong>(La Revuelta),\u00a0la creadora digital\u00a0<strong>Between My Clothes<\/strong>\u00a0y el periodista\u00a0<strong><a data-external=\"0\" data-intl-links-es=\"https:\/\/www.elplural.com\/extratele\/tv-audiencias\/german-gonzalez-debuta-tve-terelu-campos-no-felicitado_336887102\" href=\"https:\/\/www.elplural.com\/extratele\/tv-audiencias\/german-gonzalez-debuta-tve-terelu-campos-no-felicitado_336887102\" rel=\"follow nofollow noopener\" target=\"_self\" title=\"Germ\u00e1n Gonz\u00e1lez debuta en TVE: \" terelu=\"\" campos=\"\" no=\"\" me=\"\" ha=\"\" felicitado=\"\" porque=\"\" he=\"\" hablado=\"\" con=\"\" ella=\"\">Germ\u00e1n Gonz\u00e1lez<\/a> <\/strong>(S\u00e1lvame, DCoraz\u00f3n)<strong>,\u00a0\u00a0<\/strong>conocido por su original humor en televisi\u00f3n.<\/p>\n<p>Los habituales colaboradores como <b>Marta Riesco, Alberto Guzm\u00e1n, Laura del Val, Marc Biarnes, Samantha Hudson, Shannis, Anna Gurgui, Iggy Rub\u00edn, Patricia Galv\u00e1n, \u00c1lvaro Casares, Jorge Yorya, Albanta San Rom\u00e1n <\/b>o <b>Carlos Peguer <\/b>continuar\u00e1n colaborando con el programa.<\/p>\n<p>En esta nueva temporada, el programa repasar\u00e1<b>\u00a0<\/b>las \u00faltimas tendencias en redes sociales, actualidad pol\u00edtica abordada desde el humor y el entretenimiento, y las entrevistas m\u00e1s gamberras a los pol\u00edticos del momento.<\/p>\n<p><b>Tambi\u00e9n estar\u00e1 presente en los principales eventos y alfombras rojas con enviados especiales<\/b> y equipo desplazado. La audiencia tambi\u00e9n jugar\u00e1 un papel importante y podr\u00e1 interactuar en directo con los colaboradores.<\/p>\n<p>Alba Carrillo se convierte en Ayuso para anunciar el regreso de El s\u00f3tano club<\/p>\n<p>En los \u00faltimos d\u00edas,\u00a0TEN ha decidido anunciar su regreso con una\u00a0<strong>promoci\u00f3n\u00a0<\/strong>que no ha tardado en llamar la atenci\u00f3n. \u00bfEl motivo? Alba Carrillo\u00a0<strong>se mete directamente en la piel de Isabel D\u00edaz Ayuso<\/strong>\u00a0y convierte la pol\u00e9mica del \u00e1tico \u00aboficina\u00bb en el eje de una pieza promocional cargada de iron\u00eda.<\/p>\n<p>La jugada de TEN es sencilla, pero efectiva. Alba Carrillo aparece saliendo del Congreso de los Diputados enfundada en un llamativo traje rojo, rodeada de periodistas que intentan obtener alguna declaraci\u00f3n de la supuesta presidenta. Ella, sin embargo, tiene claro que no quiere entretenerse demasiado.\u00a0<strong>\u00ab\u00a1Chao, pescao!\u00bb<\/strong>, espeta antes de meterse en un coche oficial. La frase no es casual: es el gui\u00f1o directo a la expresi\u00f3n utilizada recientemente por Ayuso para zanjar las preguntas sobre la pol\u00e9mica que rodea a su Gobierno y la adquisici\u00f3n de un lujoso \u00e1tico en el barrio de Chamber\u00ed.\u00a0<\/p>\n<p>A partir de ah\u00ed llega el segundo dardo. Al volante del veh\u00edculo est\u00e1 Marta Riesco, que ejerce de conductora en esta particular ficci\u00f3n y pregunta a Carrillo, convertida ya en presidenta madrile\u00f1a, cu\u00e1l es su destino. La respuesta tampoco deja espacio para la duda:<strong>\u00a0\u00abAl \u00e1tico\u00bb.<\/strong><\/p>\n<p>El chiste contin\u00faa cuando ambas llegan al portal del edificio. Carrillo se dirige hacia el ascensor para subir a la \u00faltima planta, pero all\u00ed se encuentra con Alberto Guzm\u00e1n, reconvertido en portero del inmueble. Y es entonces cuando la fantas\u00eda se viene abajo:\u00a0<strong>\u00abUsted va al s\u00f3tano\u00bb<\/strong>, le recuerda. El viaje so\u00f1ado al \u00e1tico termina, inevitablemente, en el lugar que da nombre al programa.<\/p>\n<p>S\u00famate a <img decoding=\"async\" alt=\"El Plural\" height=\"50\" loading=\"lazy\" src=\"https:\/\/www.elplural.com\/uploads\/static\/elplural\/dist\/img\/cta-image.svg\" width=\"148\"\/><\/p>\n<p>Apoya nuestro trabajo. Navega sin publicidad. Entra a todos los contenidos.<\/p>\n<p><a href=\"https:\/\/www.elplural.com\/registro.html?utm_source=BOTON_CTA&amp;utm_campaign=ctabutton_noticia\" rel=\"nofollow noopener\" target=\"_blank\">hazte socio<\/a><\/p>\n","protected":false},"excerpt":{"rendered":"Alba Carrillo le espera un cuatrimestre muy movido en lo que se refiere a la televisi\u00f3n. Adem\u00e1s de&hellip;\n","protected":false},"author":2,"featured_media":741199,"comment_status":"","ping_status":"","sticky":false,"template":"","format":"standard","meta":{"footnotes":""},"categories":[171],"tags":[146,147,25,24,23,214],"class_list":["post-741198","post","type-post","status-publish","format-standard","has-post-thumbnail","category-tv","tag-entertainment","tag-entretenimiento","tag-es","tag-espana","tag-spain","tag-tv"],"share_on_mastodon":{"url":"https:\/\/pubeurope.com\/@es\/117193036111082958","error":""},"_links":{"self":[{"href":"https:\/\/www.europesays.com\/es\/wp-json\/wp\/v2\/posts\/741198","targetHints":{"allow":["GET"]}}],"collection":[{"href":"https:\/\/www.europesays.com\/es\/wp-json\/wp\/v2\/posts"}],"about":[{"href":"https:\/\/www.europesays.com\/es\/wp-json\/wp\/v2\/types\/post"}],"author":[{"embeddable":true,"href":"https:\/\/www.europesays.com\/es\/wp-json\/wp\/v2\/users\/2"}],"replies":[{"embeddable":true,"href":"https:\/\/www.europesays.com\/es\/wp-json\/wp\/v2\/comments?post=741198"}],"version-history":[{"count":0,"href":"https:\/\/www.europesays.com\/es\/wp-json\/wp\/v2\/posts\/741198\/revisions"}],"wp:featuredmedia":[{"embeddable":true,"href":"https:\/\/www.europesays.com\/es\/wp-json\/wp\/v2\/media\/741199"}],"wp:attachment":[{"href":"https:\/\/www.europesays.com\/es\/wp-json\/wp\/v2\/media?parent=741198"}],"wp:term":[{"taxonomy":"category","embeddable":true,"href":"https:\/\/www.europesays.com\/es\/wp-json\/wp\/v2\/categories?post=741198"},{"taxonomy":"post_tag","embeddable":true,"href":"https:\/\/www.europesays.com\/es\/wp-json\/wp\/v2\/tags?post=741198"}],"curies":[{"name":"wp","href":"https:\/\/api.w.org\/{rel}","templated":true}]}}