{"id":741208,"date":"2026-09-01T00:54:22","date_gmt":"2026-09-01T00:54:22","guid":{"rendered":"https:\/\/www.europesays.com\/es\/741208\/"},"modified":"2026-09-01T00:54:22","modified_gmt":"2026-09-01T00:54:22","slug":"amazon-deja-bajo-minimos-el-xiaomi-17t-pro-de-1-tb-el-gama-alta-que-ofrece-mucho-por-menos-de-lo-habitual","status":"publish","type":"post","link":"https:\/\/www.europesays.com\/es\/741208\/","title":{"rendered":"Amazon deja bajo m\u00ednimos el Xiaomi 17T Pro de 1 TB: el gama alta que ofrece mucho por menos de lo habitual"},"content":{"rendered":"<p>Si hay una marca que nos ofrece terminales de gama alta muy completos por precios m\u00e1s accesibles que otras, esa es Xiaomi. Y es que, teniendo en cuenta que en muchos casos las diferencias con respecto a modelos m\u00e1s premium no son tantas, cada vez tiene m\u00e1s sentido apostar por m\u00f3viles como este <b>Xiaomi 17T Pro<\/b>, que sabemos que van a rendir a un alt\u00edsimo nivel durante a\u00f1os.<\/p>\n<p>Este smartphone de <b>Xiaomi <\/b>no ha parado de tener grandes rebajas desde su llegada, y hoy volvemos a tener una oportunidad de oro para conseguirlo m\u00e1s barato en su mejor versi\u00f3n. Para ser m\u00e1s exactos, nos lo encontramos con una <b>oferta flash<\/b> que lo deja a precio m\u00ednimo hist\u00f3rico de <a title=\"849 euros en Amazon\" href=\"https:\/\/www.amazon.es\/dp\/B0GS5VJ499\/?tag=lr-tecnologia-ofertas-roberto-21\" rel=\"nofollow sponsored noopener\" target=\"_blank\">849 euros en Amazon<\/a>, es decir, unos <b>250 euros m\u00e1s barato<\/b> con respecto a su precio recomendado de 1.099 euros.<\/p>\n<p>Y si lo prefieres, en su<b> versi\u00f3n de 512 GB<\/b> tambi\u00e9n est\u00e1 con una buena rebaja por <a title=\"749 euros\" href=\"https:\/\/www.amazon.es\/dp\/B0GS69B9R5\/?tag=lr-tecnologia-ofertas-roberto-21\" rel=\"nofollow sponsored noopener\" target=\"_blank\">749 euros<\/a>. Ahora bien, en ning\u00fan sitio lo ver\u00e1s a estrenar tan barato como en <a title=\"AliExpress\" href=\"https:\/\/www.awin1.com\/cread.php?awinmid=11640&amp;awinaffid=544659&amp;clickref=lr-tech-roberto-mendez-oferta+xiaomi+17t+pro-31-08-2026&amp;clickref2=https:\/\/es.aliexpress.com\/item\/1005012703908535.html&amp;clickref3=roberto-mendez&amp;clickref4=oferta+xiaomi+17t+pro&amp;p=https:\/\/es.aliexpress.com\/item\/1005012703908535.html\" rel=\"nofollow sponsored noopener\" target=\"_blank\">AliExpress<\/a>, aunque puede que el env\u00edo tarde algo m\u00e1s.<\/p>\n<p>Consigue el Xiaomi 17T Pro en su versi\u00f3n m\u00e1s completa a precio m\u00ednimo<\/p>\n<p>Teniendo el <a title=\"Xiaomi 17T Pro\" href=\"https:\/\/www.larazon.es\/tecnologia-consumo\/analisis\/xiaomi-17t-pro-analisis-ven-camara-quedate-bateria_202605296a196265cb17881aa26073ec.html\" rel=\"nofollow noopener\" target=\"_blank\">Xiaomi 17T Pro<\/a> en el mercado, la realidad es que gastar todo un sueldo en un m\u00f3vil de gama alta empieza a tener cada vez menos sentido, ya que <b>por un precio mucho m\u00e1s ajustado podemos disfrutar de un rendimiento de primer nivel<\/b>. Obviamente, hay diferencias con respecto a otros modelos m\u00e1s premium, pero no tantas.<\/p>\n<p>Lo primero a resaltar de este modelo es que viene impulsado por un<b> procesador MediaTek Dimensity 9500<\/b>, el cual nos proporciona una gran potencia para responder de maravilla ante cualquier situaci\u00f3n, incluso en multitarea y juegos exigentes, adem\u00e1s de que es muy eficiente y gestiona muy bien las altas temperaturas. Sin dejar de lado que se apoya en una <b>RAM de 12 GB<\/b> y, en este caso, un impresionante<b> almacenamiento de 1 TB <\/b>para que incluso podamos grabar v\u00eddeos a m\u00e1xima resoluci\u00f3n sin que se llene el espacio disponible en poco tiempo.<\/p>\n<p>Otro punto fuerte y diferencial es su autonom\u00eda. Al tratarse de un terminal con unas dimensiones grandes, Xiaomi ha aprovechado muy bien el espacio al instalar una <b>bater\u00eda de 7.000 mAh<\/b> que puede aguantar hasta 3 d\u00edas de uso con una sola carga. A lo que debemos a\u00f1adirle que, a diferencia de su hermano peque\u00f1o, admite tanto una <b>carga rapid\u00edsima por cable de 100 W<\/b> como una <b>carga inal\u00e1mbrica de 50 W<\/b>.<\/p>\n<p>Por si esto no fuese suficiente, tambi\u00e9n justifica su apellido &#8216;Pro&#8217; con unas c\u00e1maras sobresalientes. En la trasera, donde vuelve a colaborar una vez m\u00e1s con Leica, tenemos un <b>sensor principal Light Fusion 950 de 50 MP<\/b>, un <b>ultra gran angular de 12 MP<\/b> y un <b>telefoto de 50 MP<\/b> con un zoom \u00f3ptico de 5x que hace un trabajo maravilloso. Nos da la posibilidad de grabar v\u00eddeo en 8K, mientras que su<b> c\u00e1mara frontal de 32 MP<\/b> no se queda corta y de igual manera nos asegura unos resultados de mucha calidad.<\/p>\n<p>Ahora es el momento de hablar sobre lo que vemos por fuera. Y es que, m\u00e1s all\u00e1 de tener un <b>dise\u00f1o premium<\/b>, pues cuenta con un marco fabricado en aleaci\u00f3n de aluminio y una trasera de cristal, en la parte frontal nos espera una <b>exquisita pantalla AMOLED de 6,83 pulgadas<\/b>. Esta nos brinda una resoluci\u00f3n 1,5K, una <a title=\"tasa de refresco adaptativa de hasta 144 Hz\" href=\"https:\/\/www.larazon.es\/tecnologia-consumo\/tecnologia\/tasa-refresco-pantalla-movil-que-es_20200302699768c29243cc133c541c84.html\" rel=\"nofollow noopener\" target=\"_blank\">tasa de refresco adaptativa de hasta 144 Hz<\/a>, un brillo m\u00e1ximo de 3.500 nits y compatibilidad con Dolby Vision para gozar a lo grande de cualquier contenido.<\/p>\n<p>Quiz\u00e1s donde nos deja con ganas de un poquito m\u00e1s es con su software, aunque para gustos ya est\u00e1n los colores. Igualmente, la experiencia de uso es mucho mejor en comparaci\u00f3n con el modelo de anterior generaci\u00f3n, pues ha llegado funcionando con <a title=\"HyperOS 3\" href=\"https:\/\/www.larazon.es\/tecnologia-consumo\/xiaomi-confirma-fecha-lanzamiento-global-hyperos-3_2025091168c27feaca99f73feeea90d5.html\" rel=\"nofollow noopener\" target=\"_blank\">HyperOS 3<\/a> y <b>nos promete 5 a\u00f1os de actualizaciones<\/b>, otro argumento que justifica todav\u00eda m\u00e1s su compra. Ahora bien, te recomendamos darte prisa, porque las ofertas flash no suelen durar mucho tiempo.<\/p>\n<p>Este art\u00edculo est\u00e1 pensado para ayudarte a descubrir productos de tu inter\u00e9s o para que tomes una mejor decisi\u00f3n de compra. Algunos de los enlaces que incluye son de afiliados, por lo que si realizas una compra a trav\u00e9s de ellos La Raz\u00f3n podr\u00eda recibir una peque\u00f1a comisi\u00f3n. Este hecho no influye en nuestras recomendaciones ni en el precio que pagas por el producto.<\/p>\n","protected":false},"excerpt":{"rendered":"Si hay una marca que nos ofrece terminales de gama alta muy completos por precios m\u00e1s accesibles que&hellip;\n","protected":false},"author":2,"featured_media":741209,"comment_status":"","ping_status":"","sticky":false,"template":"","format":"standard","meta":{"footnotes":""},"categories":[81],"tags":[119,123,124,13044,25,24,117,121,122,1604,23,118,120,2766],"class_list":["post-741208","post","type-post","status-publish","format-standard","has-post-thumbnail","category-ciencia-y-tecnologia","tag-ciencia","tag-ciencia-y-tecnologia","tag-cienciaytecnologia","tag-descuentos","tag-es","tag-espana","tag-science","tag-science-and-technology","tag-scienceandtechnology","tag-smartphone","tag-spain","tag-technology","tag-tecnologia","tag-xiaomi"],"share_on_mastodon":{"url":"https:\/\/pubeurope.com\/@es\/117193059021890382","error":""},"_links":{"self":[{"href":"https:\/\/www.europesays.com\/es\/wp-json\/wp\/v2\/posts\/741208","targetHints":{"allow":["GET"]}}],"collection":[{"href":"https:\/\/www.europesays.com\/es\/wp-json\/wp\/v2\/posts"}],"about":[{"href":"https:\/\/www.europesays.com\/es\/wp-json\/wp\/v2\/types\/post"}],"author":[{"embeddable":true,"href":"https:\/\/www.europesays.com\/es\/wp-json\/wp\/v2\/users\/2"}],"replies":[{"embeddable":true,"href":"https:\/\/www.europesays.com\/es\/wp-json\/wp\/v2\/comments?post=741208"}],"version-history":[{"count":0,"href":"https:\/\/www.europesays.com\/es\/wp-json\/wp\/v2\/posts\/741208\/revisions"}],"wp:featuredmedia":[{"embeddable":true,"href":"https:\/\/www.europesays.com\/es\/wp-json\/wp\/v2\/media\/741209"}],"wp:attachment":[{"href":"https:\/\/www.europesays.com\/es\/wp-json\/wp\/v2\/media?parent=741208"}],"wp:term":[{"taxonomy":"category","embeddable":true,"href":"https:\/\/www.europesays.com\/es\/wp-json\/wp\/v2\/categories?post=741208"},{"taxonomy":"post_tag","embeddable":true,"href":"https:\/\/www.europesays.com\/es\/wp-json\/wp\/v2\/tags?post=741208"}],"curies":[{"name":"wp","href":"https:\/\/api.w.org\/{rel}","templated":true}]}}