{"id":741216,"date":"2026-09-01T00:58:09","date_gmt":"2026-09-01T00:58:09","guid":{"rendered":"https:\/\/www.europesays.com\/es\/741216\/"},"modified":"2026-09-01T00:58:09","modified_gmt":"2026-09-01T00:58:09","slug":"mourinho-se-despide-de-messi-tu-carrera-sera-inolvidable-y-tu-ausencia-afectara-al-mundial","status":"publish","type":"post","link":"https:\/\/www.europesays.com\/es\/741216\/","title":{"rendered":"Mourinho se despide de Messi: tu carrera ser\u00e1 inolvidable y tu ausencia afectar\u00e1 al Mundial"},"content":{"rendered":"<p>El portugu\u00e9s Jos\u00e9 Mourinho, entrenador del Real Madrid, se pronunci\u00f3 sobre el anuncio de Lionel Messi, estrella del Inter Miami y leyenda del Barcelona, tras confirmar su retirada del f\u00fatbol internacional.\n<\/p>\n<p>Messi escribi\u00f3, en un comunicado oficial publicado en su cuenta de la red \u00abInstagram\u00bb: \u00abDespu\u00e9s de todo este tiempo desde el partido final, y tras pensarlo mucho, quiero anunciar a todos que he decidido retirarme de jugar con la selecci\u00f3n\u00bb.<\/p>\n<p><strong>Pueden debatir los temas y las noticias de forma m\u00e1s profunda en los foros de \u00abKooora\u00bb<\/strong><\/p>\n<p>Y a\u00f1adi\u00f3: \u00abFue una decisi\u00f3n dolorosa y sigue doli\u00e9ndome en lo m\u00e1s profundo, pero soy consciente de que ha llegado el momento. Les juro que siempre di todo lo que ten\u00eda, no solo durante los \u00faltimos a\u00f1os en los que lo ganamos todo, sino tambi\u00e9n antes de eso, y siempre luch\u00e9 y entregu\u00e9 todo lo que tengo por esta camiseta, por hacerles felices y hacerles sentir orgullosos de ser argentinos a trav\u00e9s del f\u00fatbol\u00bb.\n<\/p>\n<p>Mourinho escribi\u00f3, comentando la publicaci\u00f3n de Messi: \u00abFelicidades por una trayectoria internacional maravillosa e inolvidable. La pr\u00f3xima Copa Am\u00e9rica y el pr\u00f3ximo Mundial no ser\u00e1n, sin ti, como fueron antes\u00bb.<\/p>\n","protected":false},"excerpt":{"rendered":"El portugu\u00e9s Jos\u00e9 Mourinho, entrenador del Real Madrid, se pronunci\u00f3 sobre el anuncio de Lionel Messi, estrella del&hellip;\n","protected":false},"author":2,"featured_media":741217,"comment_status":"","ping_status":"","sticky":false,"template":"","format":"standard","meta":{"footnotes":""},"categories":[5],"tags":[283,210,17,18,29645,25,24,13,14,11,112795,115723,19,20,9,10,15,16,3048,23,12,21,22,51603],"class_list":["post-741216","post","type-post","status-publish","format-standard","has-post-thumbnail","category-titulares","tag-argentina","tag-barcelona","tag-breaking-news","tag-breakingnews","tag-copa-america","tag-es","tag-espana","tag-featured-news","tag-featurednews","tag-headlines","tag-j-mourinho","tag-l-messi","tag-latest-news","tag-latestnews","tag-news","tag-noticias","tag-noticias-destacadas","tag-noticiasdestacadas","tag-real-madrid","tag-spain","tag-titulares","tag-ultimas-noticias","tag-ultimasnoticias","tag-world-cup"],"share_on_mastodon":{"url":"https:\/\/pubeurope.com\/@es\/117193074473541198","error":""},"_links":{"self":[{"href":"https:\/\/www.europesays.com\/es\/wp-json\/wp\/v2\/posts\/741216","targetHints":{"allow":["GET"]}}],"collection":[{"href":"https:\/\/www.europesays.com\/es\/wp-json\/wp\/v2\/posts"}],"about":[{"href":"https:\/\/www.europesays.com\/es\/wp-json\/wp\/v2\/types\/post"}],"author":[{"embeddable":true,"href":"https:\/\/www.europesays.com\/es\/wp-json\/wp\/v2\/users\/2"}],"replies":[{"embeddable":true,"href":"https:\/\/www.europesays.com\/es\/wp-json\/wp\/v2\/comments?post=741216"}],"version-history":[{"count":0,"href":"https:\/\/www.europesays.com\/es\/wp-json\/wp\/v2\/posts\/741216\/revisions"}],"wp:featuredmedia":[{"embeddable":true,"href":"https:\/\/www.europesays.com\/es\/wp-json\/wp\/v2\/media\/741217"}],"wp:attachment":[{"href":"https:\/\/www.europesays.com\/es\/wp-json\/wp\/v2\/media?parent=741216"}],"wp:term":[{"taxonomy":"category","embeddable":true,"href":"https:\/\/www.europesays.com\/es\/wp-json\/wp\/v2\/categories?post=741216"},{"taxonomy":"post_tag","embeddable":true,"href":"https:\/\/www.europesays.com\/es\/wp-json\/wp\/v2\/tags?post=741216"}],"curies":[{"name":"wp","href":"https:\/\/api.w.org\/{rel}","templated":true}]}}