{"id":741220,"date":"2026-09-01T01:06:24","date_gmt":"2026-09-01T01:06:24","guid":{"rendered":"https:\/\/www.europesays.com\/es\/741220\/"},"modified":"2026-09-01T01:06:24","modified_gmt":"2026-09-01T01:06:24","slug":"valencia-basket-los-numeros-de-nate-reuvers-elias-valtonen-y-mo-gueye-con-hungria-finlandia-y-senegal","status":"publish","type":"post","link":"https:\/\/www.europesays.com\/es\/741220\/","title":{"rendered":"Valencia Basket: los n\u00fameros de Nate Reuvers, Elias Valtonen y Mo Gueye con Hungr\u00eda, Finlandia y Senegal"},"content":{"rendered":"<p class=\"ft-text\"><strong>La segunda jornada de las ventanas FIBA ha vuelto a dejar buenas sensaciones entre los representantes del Valencia Basket<\/strong> con sus respectivas selecciones, a falta del partido de Espa\u00f1a y del de Argentina. Unos partidos que dejaron dos triunfos y una derrota, pero papel destacado de los taronja, sobre todo de <a class=\"ft-link ft-link--decoration\" href=\"https:\/\/www.superdeporte.es\/fotos\/valencia-basket\/2026\/08\/28\/partidazo-reuvers-buenos-numeros-gueye-valtonen-ballo-corbalan-133729764.html\" rel=\"nofollow noopener\" target=\"_blank\">un Nate Reuvers que ya brill\u00f3 en el anterior duelo de Hungr\u00eda ante Estonia<\/a>.<\/p>\n<p class=\"ft-text\">Entonces, el interior taronja se fue hasta los 18 puntos, 8 rebotes y 14 de valoraci\u00f3n, mientras que <strong>este domingo se super\u00f3 al sumar 21 puntos, 5 rebotes, 2 asistencias y 23 de valoraci\u00f3n<\/strong> a pesar de la derrota de Hungr\u00eda contra Eslovenia por 92-77.<\/p>\n<p class=\"ft-text\"><strong>Destac\u00f3 tambi\u00e9n Elias Valtonen y adem\u00e1s pudo celebrar la victoria de Finlandia contra Estonia por 67-96<\/strong>, en eun partido en el que sum\u00f3 11 puntos, 4 rebotes, 2 asistencias y 13 de valoraci\u00f3n en algo m\u00e1s de 29 minutos en pista.<\/p>\n<p><img decoding=\"async\" src=\"https:\/\/www.europesays.com\/es\/wp-content\/uploads\/2026\/09\/d671b631-485d-4e3d-a366-b5a35a31cc9d_alta-libre-aspect-ratio_default_0_x228y227.jpg\" width=\"1200\" height=\"1793\" alt=\"Elias Valtonen, en una acci\u00f3n defensiva en el Estonia-Finlandia de clasificaci\u00f3n para el Mundial.\" class=\"ft-helper-img-rd\" loading=\"lazy\" fetchpriority=\"auto\"\/><\/p>\n<p class=\"ft-helper-fontColor-quaternary ft-helper-fontSize-body-S ft-helper-spacer-t-xxs\">Elias Valtonen, en una acci\u00f3n defensiva en el Estonia-Finlandia de clasificaci\u00f3n para el Mundial.  \/ FIBA<\/p>\n<p>&#8216;Duelo&#8217; taronja a medias<\/p>\n<p class=\"ft-text\">En la fase de clasificaci\u00f3n africana para el Mundial, se med\u00edan el domingo la Mali de Oumar Ballo y la Senegal de Mo Gueye y del extaronja Brancou Badio, quien brill\u00f3 con 22 puntos, 6 rebotes y 8 asistencias. <strong>Gueye aport\u00f3 7 puntos, 4 tapones, 2 rebotes y 1 asistencia para 9 de valoraci\u00f3n<\/strong>, dando una muestra de su perfil f\u00edsico bajo el aro. Senegal acab\u00f3 imponi\u00e9ndose <a class=\"ft-link ft-link--decoration\" href=\"https:\/\/www.fiba.basketball\/en\/events\/fiba-basketball-world-cup-2027-african-qualifiers\/games\/127201-MLI-SEN#boxscore\" rel=\"nofollow noopener\" target=\"_blank\">71-97<\/a>, en un duelo en el que no se crizaron en pista los taronja, ya que el cedido Ballo se qued\u00f3 sin minutos.<\/p>\n<p>Tres por jugar a\u00fan<\/p>\n<p class=\"ft-text\"><strong>A todos ellos se les sumar\u00e1n <\/strong><a class=\"ft-link ft-link--decoration\" href=\"https:\/\/www.superdeporte.es\/valencia-basket\/2026\/08\/30\/prueba-fuego-espana-oaka-cardenas-grecia-espana-baloncesto-133786406.html\" rel=\"nofollow noopener\" target=\"_blank\"><strong>\u00c1lvaro C\u00e1rdenas y Mario Saint-Sup\u00e9ry en su partido con Espa\u00f1a ante Grecia<\/strong><\/a> y <strong>Gonzalo Corbal\u00e1n<\/strong>, que se enfrentar\u00e1 con Argentina a Canad\u00e1 este martes.<\/p>\n","protected":false},"excerpt":{"rendered":"La segunda jornada de las ventanas FIBA ha vuelto a dejar buenas sensaciones entre los representantes del Valencia&hellip;\n","protected":false},"author":2,"featured_media":741221,"comment_status":"","ping_status":"","sticky":false,"template":"","format":"standard","meta":{"footnotes":""},"categories":[269],"tags":[299,298,3970,168,25,24,13863,21574,31933,15610,524,21104,82423,15608,23,167,2916,8928,64504,62163],"class_list":["post-741220","post","type-post","status-publish","format-standard","has-post-thumbnail","category-baloncesto","tag-baloncesto","tag-basketball","tag-buenos","tag-deportes","tag-es","tag-espana","tag-fiba","tag-fichajes-valencia-basket","tag-gueye","tag-nate-reuvers","tag-nuevo","tag-numeros","tag-recital","tag-reuvers","tag-spain","tag-sports","tag-valencia-basket","tag-valtonen","tag-ventanas","tag-ventanas-fiba"],"share_on_mastodon":{"url":"https:\/\/pubeurope.com\/@es\/117193107031988129","error":""},"_links":{"self":[{"href":"https:\/\/www.europesays.com\/es\/wp-json\/wp\/v2\/posts\/741220","targetHints":{"allow":["GET"]}}],"collection":[{"href":"https:\/\/www.europesays.com\/es\/wp-json\/wp\/v2\/posts"}],"about":[{"href":"https:\/\/www.europesays.com\/es\/wp-json\/wp\/v2\/types\/post"}],"author":[{"embeddable":true,"href":"https:\/\/www.europesays.com\/es\/wp-json\/wp\/v2\/users\/2"}],"replies":[{"embeddable":true,"href":"https:\/\/www.europesays.com\/es\/wp-json\/wp\/v2\/comments?post=741220"}],"version-history":[{"count":0,"href":"https:\/\/www.europesays.com\/es\/wp-json\/wp\/v2\/posts\/741220\/revisions"}],"wp:featuredmedia":[{"embeddable":true,"href":"https:\/\/www.europesays.com\/es\/wp-json\/wp\/v2\/media\/741221"}],"wp:attachment":[{"href":"https:\/\/www.europesays.com\/es\/wp-json\/wp\/v2\/media?parent=741220"}],"wp:term":[{"taxonomy":"category","embeddable":true,"href":"https:\/\/www.europesays.com\/es\/wp-json\/wp\/v2\/categories?post=741220"},{"taxonomy":"post_tag","embeddable":true,"href":"https:\/\/www.europesays.com\/es\/wp-json\/wp\/v2\/tags?post=741220"}],"curies":[{"name":"wp","href":"https:\/\/api.w.org\/{rel}","templated":true}]}}