{"id":741226,"date":"2026-09-01T01:11:43","date_gmt":"2026-09-01T01:11:43","guid":{"rendered":"https:\/\/www.europesays.com\/es\/741226\/"},"modified":"2026-09-01T01:11:43","modified_gmt":"2026-09-01T01:11:43","slug":"los-informativos-el-liderazgo-de-antena-3-el-auge-de-rtve-y-la-renovacion-tecnologica-de-telecinco","status":"publish","type":"post","link":"https:\/\/www.europesays.com\/es\/741226\/","title":{"rendered":"Los informativos: el liderazgo de Antena 3, el auge de RTVE y la renovaci\u00f3n tecnol\u00f3gica de Telecinco"},"content":{"rendered":"<p>La televisi\u00f3n en Espa\u00f1a inicia en septiembre uno de los cursos informativos m\u00e1s disputados de las \u00faltimas d\u00e9cadas. Tras una temporada 2025-2026 que transform\u00f3 las cuotas de pantalla, las cadenas generalistas ponen en marcha sus nuevas estrategias editoriales, tecnol\u00f3gicas y de programaci\u00f3n para disputar el liderazgo de la actualidad diaria.<\/p>\n<p><strong>Antena 3 defiende su corona<\/strong><\/p>\n<p>Por su parte, Antena 3 Noticias inicia el nuevo ejercicio defendiendo su hegemon\u00eda.<\/p>\n<p>La cadena de Atresmedia cerr\u00f3 la \u00faltima temporada con una cuota global del 12,8% y un 19,4% de media en sus noticieros, encadenando ocho cursos consecutivos como opci\u00f3n preferente de la audiencia con Vicente Vall\u00e9s al frente de la edici\u00f3n nocturna.<\/p>\n<p>Para mantener esta posici\u00f3n, Antena 3 continuar\u00e1 apoy\u00e1ndose en el desarrollo de grafismos e infograf\u00edas de plat\u00f3 y presentaciones de realidad virtual, formato en el que se mantiene como la cadena m\u00e1s activa.<\/p>\n<p>Asimismo, la franja de actualidad matinal vive una pugna directa entre cadenas de segunda generaci\u00f3n, donde Cuatro logr\u00f3 superar por la m\u00ednima a La Sexta (6,1% frente a 6,0%) en la recta final de la temporada. Para contrarrestar la pujanza de la televisi\u00f3n p\u00fablica, espacios como Aruser@s con Alfonso Ar\u00fas en La Sexta han adelantado su regreso a finales de agosto para blindar el primer tramo de la ma\u00f1ana.<\/p>\n<p><strong>RTVE: reajuste de presentadores<\/strong><\/p>\n<p>La corporaci\u00f3n p\u00fablica afronta el nuevo curso tras protagonizar el mayor avance de audiencia del sector audiovisual espa\u00f1ol, alcanzando una cuota de 12,2% en La 1 (su mejor balance en 14 temporadas) y reduciendo a solo seis d\u00e9cimas la distancia con la cadena l\u00edder. Dentro de este balance, los servicios informativos han desempe\u00f1ado un papel clave: los telediarios cerraron la temporada con un promedio del 14,6% de cuota de pantalla, registrando una subida de 2,5 puntos que representa el mayor incremento interanual de toda su trayectoria.<\/p>\n<p>De cara a septiembre, TVE mantiene los formatos que impulsaron sus ma\u00f1anas y tardes, pero reordena sustancialmente a sus presentadores: Silvia Intxaurrondo encabeza una nueva temporada al frente de La Hora de La 1 tras consolidar el liderazgo matinal con un 18,8% de cuota media y registros veraniegos superiores al 22%. Jes\u00fas Cintora pasa a ser presentador titular del magac\u00edn matinal Ma\u00f1aneros 360 junto a Adela Gonz\u00e1lez y Miriam Moreno, compagin\u00e1ndolo adem\u00e1s con la conducci\u00f3n de Malas lenguas noche los s\u00e1bados en La 2.<\/p>\n<p>Gonzalo Mir\u00f3 toma las riendas del espacio vespertino Malas lenguas a partir de hoy, que introduce un esquema de doble pareja: Ana Hinestrosa en la emisi\u00f3n de La 1 y Esther L. Palomera en el tramo de La 2.<\/p>\n<p>En la franja de tarde, Marta Flich estrena como copresentador en Directo al grano al meteor\u00f3logo y divulgador Mart\u00edn Barreiro, mientras que Jacob Petrus contin\u00faa al frente de Aqu\u00ed la Tierra de lunes a viernes, sumando a Marc Santandreu en las ediciones dominicales.<\/p>\n<p><strong>Telecinco: IA y \u201cneutralidad\u201d<\/strong><\/p>\n<p>En el extremo opuesto del tablero, Mediaset busca reaccionar a la peor temporada hist\u00f3rica de Telecinco (8,9% de cuota media) mediante la consolidaci\u00f3n del proyecto editorial de Informativos Telecinco. Bajo la direcci\u00f3n de Francisco Moreno y el liderazgo de Carlos Franganillo en la edici\u00f3n nocturna, la cadena sit\u00faa en el centro de su propuesta la neutralidad informativa y el rechazo expl\u00edcito a las trincheras ideol\u00f3gicas y a la hiperpolitizaci\u00f3n.<\/p>\n<p>Esta l\u00ednea period\u00edstica se respalda en un plat\u00f3 de vanguardia en el Estudio 7 que incorpora la Inteligencia Artificial con algoritmos predictivos: Telecinco se posiciona como el primer canal en Espa\u00f1a en aplicar software de IA para el modelado tridimensional y seguimiento autom\u00e1tico de los presentadores en plat\u00f3 sin intervenci\u00f3n de c\u00e1mara manual.<\/p>\n<p>Tecnolog\u00eda inmersiva: Una pantalla curva de 31 metros capaz de gestionar hasta 12 se\u00f1ales 4K simult\u00e1neas con realidad aumentada, tres pantallas verticales adaptadas a los formatos de redes sociales y c\u00e1maras robotizadas sobre ra\u00edles junto a una Spidercam suspendida.<\/p>\n<p>En el equipo de conductores, \u00c1ngeles Blanco e Isabel Jim\u00e9nez contin\u00faan al frente de la edici\u00f3n de mediod\u00eda, mientras que David Cantero, Leticia Iglesias y Jos\u00e9 Ribagorda asumen las emisiones de fin de semana.<\/p>\n<p><strong>Seguiremos Informando\u2026<\/strong><\/p>\n","protected":false},"excerpt":{"rendered":"La televisi\u00f3n en Espa\u00f1a inicia en septiembre uno de los cursos informativos m\u00e1s disputados de las \u00faltimas d\u00e9cadas.&hellip;\n","protected":false},"author":2,"featured_media":741227,"comment_status":"","ping_status":"","sticky":false,"template":"","format":"standard","meta":{"footnotes":""},"categories":[171],"tags":[146,147,25,24,23,214],"class_list":["post-741226","post","type-post","status-publish","format-standard","has-post-thumbnail","category-tv","tag-entertainment","tag-entretenimiento","tag-es","tag-espana","tag-spain","tag-tv"],"share_on_mastodon":{"url":"https:\/\/pubeurope.com\/@es\/117193125656977311","error":""},"_links":{"self":[{"href":"https:\/\/www.europesays.com\/es\/wp-json\/wp\/v2\/posts\/741226","targetHints":{"allow":["GET"]}}],"collection":[{"href":"https:\/\/www.europesays.com\/es\/wp-json\/wp\/v2\/posts"}],"about":[{"href":"https:\/\/www.europesays.com\/es\/wp-json\/wp\/v2\/types\/post"}],"author":[{"embeddable":true,"href":"https:\/\/www.europesays.com\/es\/wp-json\/wp\/v2\/users\/2"}],"replies":[{"embeddable":true,"href":"https:\/\/www.europesays.com\/es\/wp-json\/wp\/v2\/comments?post=741226"}],"version-history":[{"count":0,"href":"https:\/\/www.europesays.com\/es\/wp-json\/wp\/v2\/posts\/741226\/revisions"}],"wp:featuredmedia":[{"embeddable":true,"href":"https:\/\/www.europesays.com\/es\/wp-json\/wp\/v2\/media\/741227"}],"wp:attachment":[{"href":"https:\/\/www.europesays.com\/es\/wp-json\/wp\/v2\/media?parent=741226"}],"wp:term":[{"taxonomy":"category","embeddable":true,"href":"https:\/\/www.europesays.com\/es\/wp-json\/wp\/v2\/categories?post=741226"},{"taxonomy":"post_tag","embeddable":true,"href":"https:\/\/www.europesays.com\/es\/wp-json\/wp\/v2\/tags?post=741226"}],"curies":[{"name":"wp","href":"https:\/\/api.w.org\/{rel}","templated":true}]}}