{"id":741230,"date":"2026-09-01T01:14:14","date_gmt":"2026-09-01T01:14:14","guid":{"rendered":"https:\/\/www.europesays.com\/es\/741230\/"},"modified":"2026-09-01T01:14:14","modified_gmt":"2026-09-01T01:14:14","slug":"1-0-budimir-de-penalti-confirma-el-solido-arranque-de-osasuna","status":"publish","type":"post","link":"https:\/\/www.europesays.com\/es\/741230\/","title":{"rendered":"1-0. Budimir, de penalti, confirma el s\u00f3lido arranque de Osasuna"},"content":{"rendered":"<p class=\"mb-4 text-lg md:leading-8 break-words\">Pamplona, 31 ago (EFE).- Un gol de Ante Budimir de penalti decidi\u00f3 el Osasuna-Getafe de la tercera jornada de LaLiga para poner al conjunto rojillo en puestos europeos y dejar al equipo madrile\u00f1o con una victoria y dos derrotas.<\/p>\n<p class=\"mb-4 text-lg md:leading-8 break-words\">El delantero de Osasuna desequilibr\u00f3 un encuentro parejo que no tuvo un due\u00f1o claro y que sit\u00faa al equipo de Luis Miguel Ramis con 7 puntos y sin conocer la derrota, en un arranque de temporada s\u00f3lido con solo un gol encajado.<\/p>\n<p class=\"mb-4 text-lg md:leading-8 break-words\">El Getafe lo intent\u00f3 hasta el final, pero no logr\u00f3 desordenar al equipo local y crear el suficiente peligro para sumar en Pamplona.<\/p>\n<p class=\"mb-4 text-lg md:leading-8 break-words\">Tras 40 minutos de un partido sin due\u00f1o en el que ninguno de los dos equipos pudo dominar el choque, el \u00e1rbitro, tras revisi\u00f3n del VAR, se\u00f1al\u00f3 penalti por agarr\u00f3n de Djen\u00e9 sobre Budimir a la salida de un c\u00f3rner. El croata enga\u00f1\u00f3 a David Soria y puso el 1-0 en el marcador.<\/p>\n<p class=\"mb-4 text-lg md:leading-8 break-words\">Ambos equipos tuvieron fases de dominio del bal\u00f3n, pero no fueron capaces de generar ocasiones de peligro ante dos guardametas que no realizaron intervenciones.<\/p>\n<p class=\"mb-4 text-lg md:leading-8 break-words\">Adem\u00e1s del gol, lo m\u00e1s relevante hasta el intermedio fue la presencia del portero visitante, David Soria, que bati\u00f3 el r\u00e9cord de titularidades consecutivas en Primera Divisi\u00f3n, con 193. Por parte de Osasuna, Herrando tuvo que ser sustituido por lesi\u00f3n. En su lugar entr\u00f3 al campo Boyomo.<\/p>\n<p class=\"mb-4 text-lg md:leading-8 break-words\">Tras el descanso y la entrada de Dubasin en Osasuna, los rojillos trataron de estirar la banda derecha, pero fue el Getafe el que m\u00e1s se acerc\u00f3 en una jugada que termin\u00f3 en gol de Enes \u00dcnal tras un pase de Andr\u00e9s Garc\u00eda, que posteriormente fue anulado por fuera de juego del delantero turco.<\/p>\n<p class=\"mb-4 text-lg md:leading-8 break-words\">Los locales, en un bloque defensivo m\u00e1s bajo, se dedicaron a aguantar el empuje visitante. Tras los primeros minutos, el partido recuper\u00f3 la din\u00e1mica de la primera mitad en la que ambos equipos trataban de controlar, el Getafe con la necesidad del resultado en contra y Osasuna para cerrar el partido.<\/p>\n<p><img alt=\"\" loading=\"lazy\" width=\"960\" height=\"640\" decoding=\"async\" data-nimg=\"1\" class=\"rounded-lg\" style=\"color:transparent\" src=\"https:\/\/www.europesays.com\/es\/wp-content\/uploads\/2026\/09\/https:\/\/media.zenfs.com\/es\/efe.es\/a52bc530eb2edbc45980efdb87b1813c.jpg\"\/><\/p>\n<p class=\"mb-4 text-lg md:leading-8 break-words\">Ambos intercambiaron golpes. Los azulones tuvieron la ocasi\u00f3n m\u00e1s clara en la bota izquierda de Terrats cuando remat\u00f3 un centro al \u00e1rea. Fue Sergio Herrera quien sac\u00f3 el disparo en la l\u00ednea de gol.<\/p>\n<p class=\"mb-4 text-lg md:leading-8 break-words\">Por parte de los de Ramis, Barja tuvo un disparo por encima de la porter\u00eda y un globo de Dubasin tambi\u00e9n sembr\u00f3 el peligro en la meta visitante.<\/p>\n<p class=\"mb-4 text-lg md:leading-8 break-words\">Los cambios de ambos entrenadores no lograron cambiar el estilo de partido. Durante los minutos finales, el Getafe se volc\u00f3 a por el empate y encerr\u00f3 a Osasuna, que trat\u00f3 de sorprender al contraataque, sin eficacia.<\/p>\n<p class=\"mb-4 text-lg md:leading-8 break-words\">&#8211; Ficha t\u00e9cnica:<\/p>\n<p class=\"mb-4 text-lg md:leading-8 break-words\">1 \u2013 Osasuna: Sergio Herrera; Arguibide, Catena, Herrando (min.38, Boyomo), Abel Bretones; Moncayola, Iker Mu\u00f1oz (min.71, Torro), Aimar (min.71, Ra\u00fal), Moi G\u00f3mez (min.77, Kike Barja); Rub\u00e9n Garc\u00eda (min.45, Dubasin) y Budimir.<\/p>\n<p class=\"mb-4 text-lg md:leading-8 break-words\">0 \u2013 Getafe: Soria; Kiko F, Djen\u00e9, Zaid Romero, Mojica; A. Garc\u00eda (min.65, Risco), Mangala, Francho (min.75, Gudelj), Terrats; Satriano (min.87, Mayoral) y Enes \u00dcnal.<\/p>\n<p class=\"mb-4 text-lg md:leading-8 break-words\">Gol: 1-0, m.45: Budimir, de penalti.<\/p>\n<p class=\"mb-4 text-lg md:leading-8 break-words\">\u00c1rbitro: Jon Ander Gonz\u00e1lez (Comit\u00e9 vasco). Amonest\u00f3 a los locales Herrando, Iker Mu\u00f1oz, Ra\u00fal, Herrera y Barja, y a los visitantes Djene, Mojica, \u00dcnal y Mangala.<\/p>\n<p class=\"mb-4 text-lg md:leading-8 break-words\">Incidencias: Partido correspondiente a la tercera jornada de LaLiga EA Sports disputado en el estadio El Sadar ante 19.672 aficionados.<\/p>\n<p class=\"mb-4 text-lg md:leading-8 break-words\">(c) Agencia EFE<\/p>\n","protected":false},"excerpt":{"rendered":"Pamplona, 31 ago (EFE).- Un gol de Ante Budimir de penalti decidi\u00f3 el Osasuna-Getafe de la tercera jornada&hellip;\n","protected":false},"author":2,"featured_media":741231,"comment_status":"","ping_status":"","sticky":false,"template":"","format":"standard","meta":{"footnotes":""},"categories":[93],"tags":[131555,67256,131547,5130,7137,43115,168,89233,131542,131541,131543,25,24,13723,72113,131552,2140,131546,131548,131549,131544,84216,621,131553,1358,131551,131550,10571,42123,131545,246,23,167,74382,575,131556,131554],"class_list":["post-741230","post","type-post","status-publish","format-standard","has-post-thumbnail","category-deportes","tag-31-ago","tag-barja","tag-barja-tuvo-un","tag-boyomo","tag-budimir","tag-david-soria","tag-deportes","tag-djene","tag-dueno-claro-y-que","tag-el-delantero-de-osasuna","tag-el-getafe-lo","tag-es","tag-espana","tag-getafe","tag-herrando","tag-herrando-tuvo-que-ser","tag-herrera","tag-iker-munoz","tag-los-cambios-de-ambos","tag-mangala","tag-minutos-de-un","tag-mojica","tag-osasuna","tag-osasuna-para-cerrar-el-partido","tag-pamplona","tag-por-parte-de-los-de-ramis","tag-por-parte-de-osasuna","tag-raul","tag-sergio-herrera","tag-sergio-herrera-quien-saco","tag-soria","tag-spain","tag-sports","tag-terrats","tag-tras","tag-tras-el-descanso","tag-un-gol-de-ante-budimir-de-penalti-decidio"],"share_on_mastodon":{"url":"","error":"Validation failed: Text character limit of 500 exceeded"},"_links":{"self":[{"href":"https:\/\/www.europesays.com\/es\/wp-json\/wp\/v2\/posts\/741230","targetHints":{"allow":["GET"]}}],"collection":[{"href":"https:\/\/www.europesays.com\/es\/wp-json\/wp\/v2\/posts"}],"about":[{"href":"https:\/\/www.europesays.com\/es\/wp-json\/wp\/v2\/types\/post"}],"author":[{"embeddable":true,"href":"https:\/\/www.europesays.com\/es\/wp-json\/wp\/v2\/users\/2"}],"replies":[{"embeddable":true,"href":"https:\/\/www.europesays.com\/es\/wp-json\/wp\/v2\/comments?post=741230"}],"version-history":[{"count":0,"href":"https:\/\/www.europesays.com\/es\/wp-json\/wp\/v2\/posts\/741230\/revisions"}],"wp:featuredmedia":[{"embeddable":true,"href":"https:\/\/www.europesays.com\/es\/wp-json\/wp\/v2\/media\/741231"}],"wp:attachment":[{"href":"https:\/\/www.europesays.com\/es\/wp-json\/wp\/v2\/media?parent=741230"}],"wp:term":[{"taxonomy":"category","embeddable":true,"href":"https:\/\/www.europesays.com\/es\/wp-json\/wp\/v2\/categories?post=741230"},{"taxonomy":"post_tag","embeddable":true,"href":"https:\/\/www.europesays.com\/es\/wp-json\/wp\/v2\/tags?post=741230"}],"curies":[{"name":"wp","href":"https:\/\/api.w.org\/{rel}","templated":true}]}}