{"id":741234,"date":"2026-09-01T01:16:13","date_gmt":"2026-09-01T01:16:13","guid":{"rendered":"https:\/\/www.europesays.com\/es\/741234\/"},"modified":"2026-09-01T01:16:13","modified_gmt":"2026-09-01T01:16:13","slug":"asi-es-iker-jimenez-su-edad-como-conocio-a-su-mujer-carmen-porter-su-hija-familia-su-faceta-como-dj-su-casa-patrimonio-y-aficiones-vozpopuli","status":"publish","type":"post","link":"https:\/\/www.europesays.com\/es\/741234\/","title":{"rendered":"As\u00ed es Iker Jim\u00e9nez: su edad, c\u00f3mo conoci\u00f3 a su mujer Carmen Porter, su hija, familia, su faceta como Dj, su casa, patrimonio y aficiones &#8211; Vozpopuli"},"content":{"rendered":"<ol>\n<li><a href=\"https:\/\/news.google.com\/rss\/articles\/CBMi9gFBVV95cUxPSXhtcEs3bTZkU0o0QVBzbHlGZWRYRll1MWFoY3FQdEs5MTBabkk1bkpEVUswRHp4QjBzLTZ5U3VtMk5QWjA2NDJyTVlBT29mSTR0TUliMFlIMzdJWlFvMlZkQmw4VkwxajlmbDRYY0xqVjFtMXlmWlEybW1oZHVtTzFCR1pNa3B5LTFSSE1Lai1WdC1Nd005WU5TQTdZMVdBMEx2ekpVMVgzVGNfSDR5aThWSDljS0x5MkRERmRpSG9NbVRTejl3WkIwYnJhWkt4Ry1UbzFyZnRoMjFXSzB4a2p0MG9nbVdveUNFa09aRW5CQWRfaUE?oc=5\" target=\"_blank\" rel=\"nofollow noopener\">As\u00ed es Iker Jim\u00e9nez: su edad, c\u00f3mo conoci\u00f3 a su mujer Carmen Porter, su hija, familia, su faceta como Dj, su casa, patrimonio y aficiones<\/a>&nbsp;&nbsp;Vozpopuli<\/li>\n<li><a href=\"https:\/\/news.google.com\/rss\/articles\/CBMivAFBVV95cUxQLTJjaEJsRXNoN19KeFJiSWQxbHVGUGtpc1BPZEZ6SUo4MmNZYTlGYVRqUF9YX2FJU0RmYXZ2OURockNPVk1CX2ZaNmtYdFQ3M1l1V0NGcWl6cFRyOHoxVXA1YjdLMlpLTEtMVzQzY1FVTUZ3RnRkN0k1aVItMjExNUxhQ2FTRmQ1S2VxU1pOUlh0cHctcXJUWi0zMktIMWVPX21Sb3VkV3NfZjBvWG9zVFRRY1QzS2pxVmFLZw?oc=5\" target=\"_blank\" rel=\"nofollow noopener\">Cambios en el regreso de Iker Jim\u00e9nez con &#8216;Horizonte&#8217; a la parrilla de Cuatro<\/a>&nbsp;&nbsp;El Confidencial<\/li>\n<li><a href=\"https:\/\/news.google.com\/rss\/articles\/CBMizgFBVV95cUxPNnAwNE5wZE5FMktKXzA2MS11VWJ3Nlg2Z25uZWJyRXFGb0dQdjMwZV9KU0hpRm9wanBaOWFGQjd2Njc4bGV3ZU9rc05nYWdUOVgxWnpreEx3RWhzMFRTcUF4bk9CYjZRbHBSZTBnYzVvbXRjeXpHN21FZXlNWFVNcmU2c3g1U1Z6dS1MNkV6dGRrWXlFVnlSVG9xRmRwVXYza1RnSWtIVVpZZ09ZNWpjSHB2VUV2N2g0aVYxS1dzQk1JRjR6M0dZampOT1dRZw?oc=5\" target=\"_blank\" rel=\"nofollow noopener\">Iker Jim\u00e9nez arranca la temporada de &#8216;Horizonte&#8217; desde Ceuta y reflexiona tras ver la situaci\u00f3n: \u00abEsto es inconcebible\u00bb<\/a>&nbsp;&nbsp;Cuatro<\/li>\n<li><a href=\"https:\/\/news.google.com\/rss\/articles\/CBMitAFBVV95cUxQaVFTZXNyTWxXdF9jQW1MeWVxMG52TjA2VklMLUliXzVHVTN5b1FBMldlZTVULVBEYk53WG04Yk1WX2otaG1sbmVxcmpuNWJZVjBUa1lwQjkyU0VNZWRMc0hKTS04WENFZkgzRE8tYVNkT3lES2F2ZWpoNGI2b1hSWGxUaWJxYlB0WTRpM3VyQ3BKTXN2dndpUTNiWGotcjc3QWpvUDE1b2xVcmdkWURfSnJtY3bSAboBQVVfeXFMT2pyVkRpQzdsMGdsMk04ODd2MXlxWUVyeGZqaEdINEpKaGhVYUhSc1NoSlNpYmZYbzhfaGdtOWY0ZHpFa2YxRElnZ0h3VjZGMExhcXlsWVUwazV2M1BLeHB5amduaFdidU5FRXVoN0dZRXZSUFQxTVRHMXdERUpITUZCb2FsVG1OMUY1eTQ5WkwzZDBFNWRvSU10cG10MHFqemtOSGE4ZUJwdjR3MnJ1a0RUbV9JZTdlWmxn?oc=5\" target=\"_blank\" rel=\"nofollow noopener\">Tensi\u00f3n en \u2018Horizonte\u2019 entre un ceut\u00ed y un inmigrante ilegal: \u00abEsto ya no es mi playa\u00bb<\/a>&nbsp;&nbsp;OkDiario<\/li>\n<li><a href=\"https:\/\/news.google.com\/rss\/articles\/CBMiwwFBVV95cUxOUTVzcXRncHZmdk5HQXh2Y3dJVEg1clNGa2YzbkVYMFZzekRSdWdpVmQ2WjRQRURFQ2swWlhvWU5yM2wyRXVOY1JuV1gwODJTaGlTMlNDSkI5VGpTV0tvNGRGZ1dsYkY5ZW5jczZyUVBQT0U4MjFDelpJN3FJTnB4bkQyUnNEczlRbTZDckE3Tk94emNXdUNfVUhyUHhVZW1SRklzT25JVlM1LWZ1cFFESjFXQXV6NXg0QS1mS2JhNGhVVGs?oc=5\" target=\"_blank\" rel=\"nofollow noopener\">Iker Jim\u00e9nez arranca la nueva temporada de &#8216;Horizonte&#8217; desde Ceuta: \u00abEs inconcebible\u00bb<\/a>&nbsp;&nbsp;20Minutos<\/li>\n<\/ol>\n","protected":false},"excerpt":{"rendered":"As\u00ed es Iker Jim\u00e9nez: su edad, c\u00f3mo conoci\u00f3 a su mujer Carmen Porter, su hija, familia, su faceta&hellip;\n","protected":false},"author":2,"featured_media":741235,"comment_status":"","ping_status":"","sticky":false,"template":"","format":"standard","meta":{"footnotes":""},"categories":[91],"tags":[954,146,147,25,24,256,57462,100171,23,807],"class_list":["post-741234","post","type-post","status-publish","format-standard","has-post-thumbnail","category-entretenimiento","tag-cuatro","tag-entertainment","tag-entretenimiento","tag-es","tag-espana","tag-famosos","tag-iker-jimenez","tag-presentadores-de-tv","tag-spain","tag-television"],"share_on_mastodon":{"url":"","error":""},"_links":{"self":[{"href":"https:\/\/www.europesays.com\/es\/wp-json\/wp\/v2\/posts\/741234","targetHints":{"allow":["GET"]}}],"collection":[{"href":"https:\/\/www.europesays.com\/es\/wp-json\/wp\/v2\/posts"}],"about":[{"href":"https:\/\/www.europesays.com\/es\/wp-json\/wp\/v2\/types\/post"}],"author":[{"embeddable":true,"href":"https:\/\/www.europesays.com\/es\/wp-json\/wp\/v2\/users\/2"}],"replies":[{"embeddable":true,"href":"https:\/\/www.europesays.com\/es\/wp-json\/wp\/v2\/comments?post=741234"}],"version-history":[{"count":0,"href":"https:\/\/www.europesays.com\/es\/wp-json\/wp\/v2\/posts\/741234\/revisions"}],"wp:featuredmedia":[{"embeddable":true,"href":"https:\/\/www.europesays.com\/es\/wp-json\/wp\/v2\/media\/741235"}],"wp:attachment":[{"href":"https:\/\/www.europesays.com\/es\/wp-json\/wp\/v2\/media?parent=741234"}],"wp:term":[{"taxonomy":"category","embeddable":true,"href":"https:\/\/www.europesays.com\/es\/wp-json\/wp\/v2\/categories?post=741234"},{"taxonomy":"post_tag","embeddable":true,"href":"https:\/\/www.europesays.com\/es\/wp-json\/wp\/v2\/tags?post=741234"}],"curies":[{"name":"wp","href":"https:\/\/api.w.org\/{rel}","templated":true}]}}