{"id":741246,"date":"2026-09-01T01:27:18","date_gmt":"2026-09-01T01:27:18","guid":{"rendered":"https:\/\/www.europesays.com\/es\/741246\/"},"modified":"2026-09-01T01:27:18","modified_gmt":"2026-09-01T01:27:18","slug":"donde-ver-la-vuelta-en-huelva-12-lugares-para-disfrutar-del-paso-del-peloton-y-descubrir-la-provincia","status":"publish","type":"post","link":"https:\/\/www.europesays.com\/es\/741246\/","title":{"rendered":"D\u00f3nde ver La Vuelta en Huelva: 12 lugares para disfrutar del paso del pelot\u00f3n y descubrir la provincia"},"content":{"rendered":"<p style=\"\">Huelva se prepara para vivir el 8 de septiembre una de las etapas m\u00e1s especiales de La Vuelta. La decimosexta jornada de la ronda ciclista, con <strong>salida en Cortegana y meta en La R\u00e1bida,<\/strong> recorrer\u00e1 181,1 kil\u00f3metros a trav\u00e9s de cuatro comarcas y  &#8230; una veintena de municipios, desde el coraz\u00f3n del Parque Natural Sierra de Aracena y Picos de Aroche hasta la costa onubense. <\/p>\n<p class=\"v-d-p\" style=\"\">Es una ruta que permitir\u00e1 al pelot\u00f3n atravesar algunos de los paisajes m\u00e1s representativos de la provincia \u2014la sierra, la Cuenca Minera, el Condado y el litoral\u2014 y que convertir\u00e1 las carreteras onubenses en un escaparate de su patrimonio, su historia y su gastronom\u00eda. <\/p>\n<p class=\"v-d-p\" style=\"\">En lo deportivo, la jornada se presenta como una de las \u00faltimas oportunidades para los velocistas. Seg\u00fan <strong>Fernando Escart\u00edn,<\/strong> exciclista y miembro de la Direcci\u00f3n T\u00e9cnica de la ronda, \u00abla primera parte de la etapa es sinuosa, con terreno favorable para formar una escapada. La parte final ser\u00e1 llana, cercana al mar, algo que podr\u00eda favorecer la presencia de viento antes de una<strong> previsible llegada al sprint\u00bb.<\/strong><\/p>\n<ul class=\"v-cmp-rld__u\">\n<li class=\"v-cmp-rld__l\">\n<p><a class=\"v-a-lnk\" href=\"https:\/\/www.huelva24.com\/deportes\/vuelta-ciclista-espana-recorrera-huelva-norte-sur-20251208134437-nth.html#vtm_modulosEngag=noticiasrelacionadas-cmp-uno:deportes:noticia:1\" data-voc-vtm-id=\"in-text-traffic\" rel=\"nofollow noopener\" target=\"_blank\"><br \/>\n<img decoding=\"async\" loading=\"lazy\" src=\"https:\/\/www.europesays.com\/es\/wp-content\/uploads\/2026\/09\/lavuelta 01-U65485325014JLN-258x180@huelva24.jpg\" class=\"v-a-img\" width=\"258\" height=\"180\" alt=\"La Vuelta Ciclista a Espa\u00f1a recorrer\u00e1 Huelva de norte a sur en una etapa hist\u00f3rica entre Cortegana y La R\u00e1bida\"\/><br \/>\n<\/a><\/p>\n<\/li>\n<\/ul>\n<p class=\"v-d-p\" style=\"\">La carrera pasar\u00e1 por localidades como Cortegana, Almonaster la Real, Casta\u00f1o del Robledo, Fuenteheridos, Aracena, Campofr\u00edo, La Dehesa, Nerva, Minas de Riotinto, Las Delgadas, Marigenta, Berrocal, La Palma del Condado, Villarrasa, Bonares, Lucena del Puerto, Moguer, Palos de la Frontera, Mazag\u00f3n y La R\u00e1bida.<\/p>\n<p>\nLugares recomendados para disfrutar de la carrera\n<\/p>\n<p class=\"v-d-p\" style=\"\">Desde la Sierra hasta la Costa, esta etapa invita a descubrir paisajes \u00fanicos, pueblos con historia y una gastronom\u00eda que hacen de Huelva un destino excepcional. Por eso la Diputaci\u00f3n de Huelva acompa\u00f1a el recorrido de La Vuelta con una serie de recomendaciones sobre los lugares clave para ver la carrera en <a href=\"https:\/\/www.lahuelta.es\/?fbclid=IwY2xjawT_l1hwZG9mBWV4dG4DYWVtAjEwAGJyaWQRMU1pajkxRVVEOVZxOU5VeHNzcnRjBmFwcF9pZBAyMjIwMzkxNzg4MjAwODkyAAEeq-rTamgtw5dv8Q5JHSAUwC4vDTo_StOzPabn9gIK8uLVvq2v4dnsoMrfw6I_aem_gx11vNspA1-4Lki3zJNIKA\" rel=\"nofollow noopener\" target=\"_self\" data-voc-vtm-id=\"in-text-traffic\" data-mrf-link=\"www.lahuelta.es\">La Huelta<\/a>.<\/p>\n<p class=\"v-d-p\" style=\"\">La etapa arranca en el norte de la provincia onubense, en el coraz\u00f3n del Parque Natural Sierra de Aracena y Picos de Aroche. A las 11.18 horas se producir\u00e1 el paso de la caravana promocional de la Vuelta, que repartir\u00e1 regalos, y a las 13.18 horas pasar\u00e1n los primeros ciclistas del pelot\u00f3n. La Diputaci\u00f3n de Huelva recomienda ver la carrera en la<strong> Avenida Alcalde Pedro Maestre de Cortegana,<\/strong> junto al inicio oficial de la etapa y que permite adem\u00e1s disfrutar de todo el ambiente previo a la salida. Los visitantes podr\u00e1n disfrutar adem\u00e1s del castillo de Cortegana y la iglesia del Divino Salvador.<\/p>\n<p>Aracena, Cortegana y Casta\u00f1o del Robledo.<\/p>\n<p>(H24)<\/p>\n<p class=\"v-d-p\" style=\"\">El siguiente punto de inter\u00e9s es la localidad d<strong>e Casta\u00f1o del Robledo.<\/strong> La caravana pasar\u00e1 sobre las 11.44 horas y dos horas m\u00e1s tarde el pelot\u00f3n. Un buen lugar para ubicarse y contemplar a los ciclistas es la traves\u00eda principal por la HU-8114, rodeada de bosques de casta\u00f1os y la arquitectura tradicional serrana, como la iglesia inacabada de Santiago Ap\u00f3stol.<\/p>\n<p class=\"v-d-p\" style=\"\">Sobre las 12.24 horas y las 14.09 horas, respectivamente, ser\u00e1 el momento de la caravana y el pelot\u00f3n por la localidad de<strong> Aracena.<\/strong> Se recomienda situarse en la rotonda junto al polideportivo, desde donde habr\u00e1 una buena visibilidad. Para quienes quieran descubrir el municipio, tienen la gruta de las Maravillas, el Castillo y el Museo del Jam\u00f3n como principales atractivos.<\/p>\n<p class=\"v-d-p\" style=\"\">Entrando en la comarca de la Cuenca Minera, la caravana alcanzar\u00e1 <strong>Minas de Riotinto<\/strong> a las 13.04 y a las 14.49 lo har\u00e1n el grupo de deportistas. El lugar ideal para seguir la carrera es el cruce del embalse Sur, en direcci\u00f3n a la aldea de<strong> Las Delgadas<\/strong>, rodeado por el caracter\u00edstico paisaje minero, moldeado por la humanidad desde hace m\u00e1s de 5.000 a\u00f1os. Para saber m\u00e1s de \u00e9l, se puede visitar el Museo Minero y subir a su hist\u00f3rico ferrocarril.<\/p>\n<p class=\"v-d-p\" style=\"\">La etapa se adentrar\u00e1 en la comarca del Condado para pasar por <strong>La Palma<\/strong> -caravana 14.02 h. y pelot\u00f3n a las 15.57 h.-. El cruce de la carretera de <strong>Berrocal,<\/strong> en direcci\u00f3n al centro urbano, es un punto ideal para alentar a los corredores. En la localidad se puede visitar la antigua Bodega Morales como reflejo de la afamada tradici\u00f3n vitivin\u00edcola de la zona.<\/p>\n<p>La Corta Atayala, en Riotinto, y la ciudad amurallada de Niebla.<\/p>\n<p>(H24)<\/p>\n<p class=\"v-d-p\" style=\"\">En<strong> Villarrasa<\/strong> habr\u00e1 un punto sprint intermedio puntuable, que puede seguirse en la A-472. La caravana pasar\u00e1 sobre las 14.32 y el pelot\u00f3n alrededor de las 16.02 horas. En el n\u00facleo urbano se recomienda visitar la ermita de Nuestra Se\u00f1ora de los Remedios. <\/p>\n<p class=\"v-d-p\" style=\"\">A continuaci\u00f3n, sobre las 14.45 h., la caravana se plantar\u00e1 en la localidad de <strong>Niebla<\/strong> y el pelot\u00f3n lo har\u00e1 alrededor de las 16.15 horas. La rotonda del puente romano es uno de los accesos m\u00e1s espectaculares al recinto hist\u00f3rico, donde destaca el castillo y sus murallas medievales, uno de los conjuntos monumentales mejor conservados de Andaluc\u00eda.<\/p>\n<p class=\"v-d-p\" style=\"\">Sobre las 15.16 en el caso de la caravana y las 16.46 en el los primeros ciclistas, se espera que se llegue a<strong> Moguer.<\/strong> La rotonda de entrada por San Juan del Puerto, puerta de acceso al casco hist\u00f3rico es un punto recomendable para ver a los corredores en acci\u00f3n. Para quienes quieran adentrarse en su patrimonio, es visita obligada la Casa Museo de Juan Ram\u00f3n Jim\u00e9nez, Premio Nobel nacido en la localidad.<\/p>\n<p>Mazag\u00f3n, el Muelle de las Carabelas y Moguer.<\/p>\n<p>(H24)<\/p>\n<p class=\"v-d-p\" style=\"\">A las 15.41 la caravana promocional estar\u00e1 por<strong> Palos de la Frontera<\/strong> y a las 16.56 los primeros ciclistas del pelot\u00f3n. La Rotonda de la Fuente de la Calzadilla, antes de afrontar el tramo hacia La R\u00e1bida es un punto recomendable. El Museo de Mart\u00edn Alonso Pinz\u00f3n es un buen testigo del papel de los marinos locales en el viaje hacia Am\u00e9rica que cambi\u00f3 la historia con Crist\u00f3bal Col\u00f3n.<\/p>\n<p class=\"v-d-p\" style=\"\">La carrera se adentrar\u00e1 en la Costa de Huelva con la llegada a<strong> Mazag\u00f3n.<\/strong> Alrededor de las 16.15 horas pasar\u00e1 la caravana y a las 17.15 horas los primeros ciclistas. Un lugar adecuado para seguir la carrera es la rotonda de entrada en direcci\u00f3n a La R\u00e1bida. De este n\u00facleo es muy recomendable contemplar las dunas f\u00f3siles junto al mar del acantilado de El Asperillo, todo un monumento natural.<\/p>\n<p class=\"v-d-p\" style=\"\">La meta de la etapa estar\u00e1 en<strong> L\u00e1 R\u00e1bida<\/strong> y en su larga avenida principal se puede ver llegar a los ciclistas, tanto a las puertas del Parque Celestino Mutis como junto al Foro o el Muelle de las Carabelas. La caravana promocional aparecer\u00e1 sobre las 16.31 y una hora m\u00e1s tarde brindar\u00e1n el espect\u00e1culo final los ciclistas.<\/p>\n","protected":false},"excerpt":{"rendered":"Huelva se prepara para vivir el 8 de septiembre una de las etapas m\u00e1s especiales de La Vuelta.&hellip;\n","protected":false},"author":2,"featured_media":741247,"comment_status":"","ping_status":"","sticky":false,"template":"","format":"standard","meta":{"footnotes":""},"categories":[273],"tags":[313,312,168,2238,2604,25,24,4397,1285,4191,4690,6436,23,167,809,1357],"class_list":["post-741246","post","type-post","status-publish","format-standard","has-post-thumbnail","category-ciclismo","tag-ciclismo","tag-cycling","tag-deportes","tag-descubrir","tag-disfrutar","tag-es","tag-espana","tag-huelva","tag-lugares","tag-paso","tag-peloton","tag-provincia","tag-spain","tag-sports","tag-ver","tag-vuelta"],"share_on_mastodon":{"url":"https:\/\/pubeurope.com\/@es\/117193189658232948","error":""},"_links":{"self":[{"href":"https:\/\/www.europesays.com\/es\/wp-json\/wp\/v2\/posts\/741246","targetHints":{"allow":["GET"]}}],"collection":[{"href":"https:\/\/www.europesays.com\/es\/wp-json\/wp\/v2\/posts"}],"about":[{"href":"https:\/\/www.europesays.com\/es\/wp-json\/wp\/v2\/types\/post"}],"author":[{"embeddable":true,"href":"https:\/\/www.europesays.com\/es\/wp-json\/wp\/v2\/users\/2"}],"replies":[{"embeddable":true,"href":"https:\/\/www.europesays.com\/es\/wp-json\/wp\/v2\/comments?post=741246"}],"version-history":[{"count":0,"href":"https:\/\/www.europesays.com\/es\/wp-json\/wp\/v2\/posts\/741246\/revisions"}],"wp:featuredmedia":[{"embeddable":true,"href":"https:\/\/www.europesays.com\/es\/wp-json\/wp\/v2\/media\/741247"}],"wp:attachment":[{"href":"https:\/\/www.europesays.com\/es\/wp-json\/wp\/v2\/media?parent=741246"}],"wp:term":[{"taxonomy":"category","embeddable":true,"href":"https:\/\/www.europesays.com\/es\/wp-json\/wp\/v2\/categories?post=741246"},{"taxonomy":"post_tag","embeddable":true,"href":"https:\/\/www.europesays.com\/es\/wp-json\/wp\/v2\/tags?post=741246"}],"curies":[{"name":"wp","href":"https:\/\/api.w.org\/{rel}","templated":true}]}}