{"id":741248,"date":"2026-09-01T01:29:17","date_gmt":"2026-09-01T01:29:17","guid":{"rendered":"https:\/\/www.europesays.com\/es\/741248\/"},"modified":"2026-09-01T01:29:17","modified_gmt":"2026-09-01T01:29:17","slug":"jasiel-rivero-se-incorpora-a-valencia-basket-con-un-contrato-temporal-de-un-mes-3","status":"publish","type":"post","link":"https:\/\/www.europesays.com\/es\/741248\/","title":{"rendered":"Jasiel Rivero se incorpora a Valencia Basket con un contrato temporal de un mes"},"content":{"rendered":"<p class=\"ContentTypeText-module-scss-module__t80MYq__content__paragraph\">Valencia Basket ha alcanzado un acuerdo con el ala p\u00edvot <strong>Jasiel Rivero<\/strong> (2.06m, La Habana, 31\/10\/1993, 32 a\u00f1os) para que se incorpore a nuestra plantilla profesional masculina con un contrato de un mes.<\/p>\n<p class=\"ContentTypeText-module-scss-module__t80MYq__content__paragraph\">El interior internacional cubano, agente libre despu\u00e9s de desvincularse este verano del Estrella Roja Belgrado con el que disput\u00f3 la pasada temporada la EuroLeague, se uni\u00f3 a los entrenamientos del primer equipo el lunes 24 de agosto para reforzar las sesiones ante las ausencias de los jugadores convocados con sus selecciones nacionales. Ahora, rubrica este compromiso temporal para contribuir durante la pretemporada y el inicio de la temporada oficial.<\/p>\n<p class=\"ContentTypeText-module-scss-module__t80MYq__content__paragraph\">Ser\u00e1 la segunda etapa de <strong>Jasiel Rivero<\/strong> como taronja, ya que disput\u00f3 dos temporadas en Valencia Basket entre 2021 y 2023 en las que particip\u00f3 en 105 partidos con la camiseta taronja con un promedio de 10,8 puntos, 4 rebotes y 12,2 cr\u00e9ditos de valoraci\u00f3n y fue designado MVP del mes en la Liga Endesa en dos ocasiones, en octubre y diciembre de 2022.<\/p>\n<p class=\"ContentTypeText-module-scss-module__t80MYq__content__paragraph\">Antes de llegar a Valencia para esa primera etapa, <strong>Rivero<\/strong> comenz\u00f3 a destacar en su Cuba natal antes de jugar baloncesto profesional en Uruguay y Argentina. Su llegada a Europa ocurri\u00f3 de la mano del San Pablo Burgos en 2019. En las dos temporadas en las que estuvo en el conjunto burgal\u00e9s, contribuy\u00f3 para que el equipo castellano ganase dos Basketball Champions League. Su rendimiento en la temporada 2020-21, en la que fue designado en el Segundo Mejor Quinteto tanto de la Liga Endesa como de la BCL, le abri\u00f3 las puertas del Valencia Basket.<\/p>\n<p class=\"ContentTypeText-module-scss-module__t80MYq__content__paragraph\">En su segunda temporada como taronja, la 2022-23, <strong>Rivero<\/strong> se estren\u00f3 en la EuroLeague. Una competici\u00f3n que no ha abandonado desde entonces hasta acumular 93 partidos en este torneo. Tras acabar su etapa en Valencia Basket, Rivero disput\u00f3 dos temporadas con el Maccabi Tel Aviv con un promedio de 8,4 puntos y 3,5 rebotes para 9,8 cr\u00e9ditos de valoraci\u00f3n con el conjunto amarillo. La pasada temporada una lesi\u00f3n en el pie le permiti\u00f3 disputar solo 9 partidos de la m\u00e1xima competici\u00f3n continental con el Crvena Zvezda Meridianbet Belgrade, acreditando 4,8 puntos y 1,7 rebotes.<\/p>\n","protected":false},"excerpt":{"rendered":"Valencia Basket ha alcanzado un acuerdo con el ala p\u00edvot Jasiel Rivero (2.06m, La Habana, 31\/10\/1993, 32 a\u00f1os)&hellip;\n","protected":false},"author":2,"featured_media":741249,"comment_status":"","ping_status":"","sticky":false,"template":"","format":"standard","meta":{"footnotes":""},"categories":[269],"tags":[58880,299,298,168,25,24,557,100721,665,23,167,2916],"class_list":["post-741248","post","type-post","status-publish","format-standard","has-post-thumbnail","category-baloncesto","tag-2026-27","tag-baloncesto","tag-basketball","tag-deportes","tag-es","tag-espana","tag-fichaje","tag-jasiel-rivero","tag-liga-endesa","tag-spain","tag-sports","tag-valencia-basket"],"share_on_mastodon":{"url":"","error":""},"_links":{"self":[{"href":"https:\/\/www.europesays.com\/es\/wp-json\/wp\/v2\/posts\/741248","targetHints":{"allow":["GET"]}}],"collection":[{"href":"https:\/\/www.europesays.com\/es\/wp-json\/wp\/v2\/posts"}],"about":[{"href":"https:\/\/www.europesays.com\/es\/wp-json\/wp\/v2\/types\/post"}],"author":[{"embeddable":true,"href":"https:\/\/www.europesays.com\/es\/wp-json\/wp\/v2\/users\/2"}],"replies":[{"embeddable":true,"href":"https:\/\/www.europesays.com\/es\/wp-json\/wp\/v2\/comments?post=741248"}],"version-history":[{"count":0,"href":"https:\/\/www.europesays.com\/es\/wp-json\/wp\/v2\/posts\/741248\/revisions"}],"wp:featuredmedia":[{"embeddable":true,"href":"https:\/\/www.europesays.com\/es\/wp-json\/wp\/v2\/media\/741249"}],"wp:attachment":[{"href":"https:\/\/www.europesays.com\/es\/wp-json\/wp\/v2\/media?parent=741248"}],"wp:term":[{"taxonomy":"category","embeddable":true,"href":"https:\/\/www.europesays.com\/es\/wp-json\/wp\/v2\/categories?post=741248"},{"taxonomy":"post_tag","embeddable":true,"href":"https:\/\/www.europesays.com\/es\/wp-json\/wp\/v2\/tags?post=741248"}],"curies":[{"name":"wp","href":"https:\/\/api.w.org\/{rel}","templated":true}]}}