{"id":741250,"date":"2026-09-01T01:30:42","date_gmt":"2026-09-01T01:30:42","guid":{"rendered":"https:\/\/www.europesays.com\/es\/741250\/"},"modified":"2026-09-01T01:30:42","modified_gmt":"2026-09-01T01:30:42","slug":"el-1x1-del-barca-contra-el-rayo-vallecano","status":"publish","type":"post","link":"https:\/\/www.europesays.com\/es\/741250\/","title":{"rendered":"El 1&#215;1 del Bar\u00e7a contra el Rayo Vallecano"},"content":{"rendered":"<p class=\"ft-text\">Tercer partido de liga y tercera alineaci\u00f3n de Hansi Flick. El alem\u00e1n ha vuelto a introducir tres cambios respecto el once que present\u00f3 el pasado jueves contra el Athletic Club. <\/p>\n<p class=\"ft-text\"><strong>Xavi Espart se est\u00e1 consolidando como la gran sorpresa del inicio de temporada blaugrana. <\/strong><\/p>\n<p class=\"ft-text\">Christensen, Kound\u00e9 y Dani Olmo son las novedades para esta tercera jornada liguera.<\/p>\n<p class=\"ft-text\">As\u00ed hemos visto a los jugadores del Bar\u00e7a en los primeros 45 minutos contra el Rayo Vallecano. El Bar\u00e7a remont\u00f3 (5-2) el gol inicial de Camello. Raphinha (2), Lamine (2) y Leujene (pp).<\/p>\n<p><img decoding=\"async\" src=\"https:\/\/www.europesays.com\/es\/wp-content\/uploads\/2026\/09\/4bdbe3b0-4940-4e0e-8c76-4cdc453cd577_source-aspect-ratio_default_0.webp\" width=\"80\" height=\"80\" alt=\"Joan Garcia, Portero\" class=\"ft-mol-boxInfo--score__image\" loading=\"eager\"\/>6<\/p>\n<p class=\"ft-mol-boxInfo--score__subtitle\">Desconocido<\/p>\n<p class=\"ft-text\">En el primer gol del Rayo poco pudo hacer. En la primera mitad apenas tuvo que atrapar un remate exterior con eficacia. En el 3-2 estuvo un poco lento de reflejos. No tuvo su mejor d\u00eda aunque siempre saca a relucir su agilidad. Se luci\u00f3 con un parad\u00f3n en el tramo final que le hizo acabar con mejores sensaciones.<\/p>\n<p><img decoding=\"async\" src=\"https:\/\/www.europesays.com\/es\/wp-content\/uploads\/2026\/09\/78c72b42-142c-4fa3-add9-7903f11b5af9_source-aspect-ratio_default_0.webp\" width=\"80\" height=\"80\" alt=\"Jules Kound\u00e9, Defensa\" class=\"ft-mol-boxInfo--score__image\" loading=\"eager\"\/>6<\/p>\n<p class=\"ft-mol-boxInfo--score__subtitle\">Ascendente<\/p>\n<p class=\"ft-text\">Primera titularidad liguera del defensa franc\u00e9s. En el 0-1 de Camello, \u00c1lvaro le super\u00f3 con demasiada claridad y facilidad. Tras este grave error mejor\u00f3 sus prestaciones e incluso marc\u00f3 un gol que el \u00e1rbitro anul\u00f3 por fuera de juego. En la segunda mitad se esforz\u00f3 para incorporarse con peligro al ataque. <\/p>\n<p><img decoding=\"async\" src=\"https:\/\/www.europesays.com\/es\/wp-content\/uploads\/2026\/09\/ba4d9b57-b4df-42f7-9cdf-082e4efa5172_source-aspect-ratio_default_0.webp\" width=\"80\" height=\"80\" alt=\"Pau Cubars\u00ed, Defensa\" class=\"ft-mol-boxInfo--score__image\" loading=\"eager\"\/>7<\/p>\n<p class=\"ft-mol-boxInfo--score__subtitle\">Exigido<\/p>\n<p class=\"ft-text\">El de Estanyol repiti\u00f3 titularidad como central derecho y su presencia siempre es sin\u00f3nimo de seguridad y calidad. Salv\u00f3 un gol en una acci\u00f3n defensiva impecable. Tuvo m\u00e1s trabajo en la segunda mitad con un Rayo que gener\u00f3 dificultades a la zaga blaugrana. <\/p>\n<p><img decoding=\"async\" src=\"https:\/\/www.europesays.com\/es\/wp-content\/uploads\/2026\/09\/26f5a604-c787-4968-817d-74dfdf8d3de8_source-aspect-ratio_default_0.webp\" width=\"80\" height=\"80\" alt=\"Andreas Christensen, Defensa\" class=\"ft-mol-boxInfo--score__image\" loading=\"eager\"\/>6<\/p>\n<p class=\"ft-mol-boxInfo--score__subtitle\">Irregular<\/p>\n<p class=\"ft-text\">El dan\u00e9s volvi\u00f3 a ser titular y se situ\u00f3 en el eje izquierdo de la zaga. No estuvo demasiado contundente en la acci\u00f3n del 0-1 ya que Camello se le anticip\u00f3 en el remate. Al margen del gol continu\u00f3 ofreciendo su solvencia habitual. Provoc\u00f3 de manera innecesaria un c\u00f3rner que acab\u00f3 en el 3-2 del Rayo.<\/p>\n<p><img decoding=\"async\" src=\"https:\/\/www.europesays.com\/es\/wp-content\/uploads\/2026\/09\/ac2f8616-519a-4e47-ab3d-d0cf9cd0cef3_source-aspect-ratio_default_0.webp\" width=\"80\" height=\"80\" alt=\"Xavi Espart, Defensa\" class=\"ft-mol-boxInfo--score__image\" loading=\"eager\"\/>7<\/p>\n<p class=\"ft-mol-boxInfo--score__subtitle\">Titular\u00edsimo<\/p>\n<p class=\"ft-text\">Tercer partido de liga y tercera titularidad para el de Vilassar. Su presencia posibilita que el Bar\u00e7a cuente con un centrocampista m\u00e1s. Juega como si llevara a\u00f1os de titular. Inici\u00f3 la jugada del primer gol blaugrana. En defensa tiene que seguir creciendo para ser un lateral total. En el 3-2 Camello le super\u00f3 en el juego a\u00e9reo. Remat\u00f3 de cabeza con peligro para rozar su primer gol con el primer equipo. Con la entrada de Cancelo se situ\u00f3 como interior. <\/p>\n<p><img decoding=\"async\" src=\"https:\/\/www.europesays.com\/es\/wp-content\/uploads\/2026\/09\/4ea94c36-a93d-428e-8324-fbbb779ae070_source-aspect-ratio_default_0.webp\" width=\"80\" height=\"80\" alt=\"Marc Bernal, Centrocampista\" class=\"ft-mol-boxInfo--score__image\" loading=\"eager\"\/>7<\/p>\n<p class=\"ft-mol-boxInfo--score__subtitle\">Din\u00e1mico<\/p>\n<p class=\"ft-text\">El de Berga inici\u00f3 el curso con una gran confianza en sus fuerzas. No se limita a cumplir como mediocentro defensivo y se proyecta con peligro al ataque. Roz\u00f3 el gol con un chut lejano espectacular. Recupera muchos balones y los distribuye con criterio. Su radio de acci\u00f3n es muy alto. <\/p>\n<p><img decoding=\"async\" src=\"https:\/\/www.europesays.com\/es\/wp-content\/uploads\/2026\/09\/9a00e1c7-eef6-4d1d-b46b-81ee21c286ef_source-aspect-ratio_default_0.webp\" width=\"80\" height=\"80\" alt=\"Pedri, Centrocampista\" class=\"ft-mol-boxInfo--score__image\" loading=\"eager\"\/>7<\/p>\n<p class=\"ft-mol-boxInfo--score__subtitle\">Pasador<\/p>\n<p class=\"ft-text\">Tras brillar contra el Athletic, el de Tegueste volvi\u00f3 a liderar el centro del campo con la ayuda inestimable de Bernal. Arranc\u00f3 plet\u00f3rico con dos o tres acciones m\u00e1gicas propias del mejor centrocampista del mundo. Tras unos primeros minutos de matr\u00edcula de honor baj\u00f3 sus prestaciones a un rendimiento m\u00e1s humano. Le falt\u00f3 imponer un partido m\u00e1s controlado en la segunda mitad.<\/p>\n<p><img decoding=\"async\" src=\"https:\/\/www.europesays.com\/es\/wp-content\/uploads\/2026\/09\/7a21b258-778f-4dd3-85eb-c0a5f0177b99_source-aspect-ratio_default_0.webp\" width=\"80\" height=\"80\" alt=\"Dani Olmo, Centrocampista\" class=\"ft-mol-boxInfo--score__image\" loading=\"eager\"\/>6<\/p>\n<p class=\"ft-mol-boxInfo--score__subtitle\">Detallista<\/p>\n<p class=\"ft-text\">Tras dos partidos brillantes de Ferm\u00edn, Hansi le otorg\u00f3 la titularidad como mediapunta. Sin entrar demasiado en juego, siempre resuelve con calidad cualquier acci\u00f3n. Siempre deja destellos de su clase aunque puede aportar m\u00e1s en la construcci\u00f3n del juego para asemejarse al Olmo del Mundial. <\/p>\n<p><img decoding=\"async\" src=\"https:\/\/www.europesays.com\/es\/wp-content\/uploads\/2026\/09\/c8ccd175-2d7c-487c-8c63-e729e200cbf8_source-aspect-ratio_default_0.webp\" width=\"80\" height=\"80\" alt=\"Lamine Yamal, Delantero\" class=\"ft-mol-boxInfo--score__image\" loading=\"eager\"\/>9<\/p>\n<p class=\"ft-mol-boxInfo--score__subtitle\">Fen\u00f3meno<\/p>\n<p class=\"ft-text\">Su primer gol de la temporada define su condici\u00f3n total de crack. El control es superlativo y el remate a la escuadra una locura.  Genera constante peligro en todas sus incursiones por la banda derecha. En el \u00faltimo minuto ha dejado una jugada repleta de regates incre\u00edbles en su propio terreno de juego. Tras una segunda mitad con menor presencia acab\u00f3 feliz con otro golazo. Ha vuelto con ganas de demostrar porque es el mejor futbolista del planeta. <\/p>\n<p><img decoding=\"async\" src=\"https:\/\/www.europesays.com\/es\/wp-content\/uploads\/2026\/09\/46c94b9e-a6f1-4710-b646-ad55c9397b62_source-aspect-ratio_default_0.webp\" width=\"80\" height=\"80\" alt=\"Raphinha, Delantero\" class=\"ft-mol-boxInfo--score__image\" loading=\"eager\"\/>9<\/p>\n<p class=\"ft-mol-boxInfo--score__subtitle\">Matador<\/p>\n<p class=\"ft-text\">El brasile\u00f1o se est\u00e1 consolidando como el delantero centro titular del equipo. El 1-1 es propio de uno de los mejores &#8216;9&#8217; del mundo. Su maniobra est\u00e1 llena de verticalidad, calidad y efectividad rematadora. Ofrece presi\u00f3n, desmarques y mucha capacidad para amenzar al rival. Su segundo tanto es del goleador de toda la vida que remata sabiendo que ser\u00e1 gol. El &#8216;9&#8217; titular es el capit\u00e1n. <\/p>\n<p><img decoding=\"async\" src=\"https:\/\/www.europesays.com\/es\/wp-content\/uploads\/2026\/09\/captura-de-pantalla-2026-08-23-215705.png\" width=\"80\" height=\"80\" alt=\"Gordon, Delantero\" class=\"ft-mol-boxInfo--score__image\" loading=\"eager\"\/>8<\/p>\n<p class=\"ft-mol-boxInfo--score__subtitle\">Asistente<\/p>\n<p class=\"ft-text\">El ingl\u00e9s no particip\u00f3 demasiado al inicio pero con el paso de los minutos fue a m\u00e1s. Cuando tiene metros por delante es imparable. Su jugada en el minuto 16 es un prodigio de verticalidad y velocidad. Tuvo dos buenas oportunidades tras un sendas acciones similares con recorte interesante y chut potente. Provoc\u00f3 con una gran jugada un gol de Kound\u00e9 que fue anulado por fuera de juego. Su instencia tuvo premio con un centro que Lejeune acab\u00f3 enviando en su propia porter\u00eda. Se invent\u00f3 un gran pase as Raphinha en el 4-2. <\/p>\n<p><img decoding=\"async\" src=\"https:\/\/www.europesays.com\/es\/wp-content\/uploads\/2026\/09\/bb4ab3f6-9334-4c85-86e0-455228297009_source-aspect-ratio_default_0.webp\" width=\"80\" height=\"80\" alt=\"Ferm\u00edn L\u00f3pez, Centrocampista\" class=\"ft-mol-boxInfo--score__image\" loading=\"eager\"\/>7<\/p>\n<p class=\"ft-mol-boxInfo--score__subtitle\">Vertical<\/p>\n<p class=\"ft-text\">Tuvo una gran oportunidad a los pocos instantes de suplir a Dani Olmo. Se invent\u00f3 un gran pase al espacio a Gordon que el ingl\u00e9s no aprovech\u00f3. Su electricidad es oro para el equipo.<\/p>\n<p><img decoding=\"async\" src=\"https:\/\/www.europesays.com\/es\/wp-content\/uploads\/2026\/09\/rodri-esp-1x1.png\" width=\"80\" height=\"80\" alt=\"Rodri, Centrocampista\" class=\"ft-mol-boxInfo--score__image\" loading=\"eager\"\/>6<\/p>\n<p class=\"ft-mol-boxInfo--score__subtitle\">Diesel<\/p>\n<p class=\"ft-text\">Entr\u00f3 por Marc Bernal y no tard\u00f3 en mostrar su jerarqu\u00eda para darle sentido al juego del equipo. Necesita tiempo para ofrecer su mejor versi\u00f3n. <\/p>\n<p><img decoding=\"async\" src=\"https:\/\/www.europesays.com\/es\/wp-content\/uploads\/2026\/09\/captura-de-pantalla-2026-08-23-215645.png\" width=\"80\" height=\"80\" alt=\"Adeyemi, Delantero\" class=\"ft-mol-boxInfo--score__image\" loading=\"eager\"\/>6<\/p>\n<p class=\"ft-mol-boxInfo--score__subtitle\">Impreciso<\/p>\n<p class=\"ft-text\">Supli\u00f3 a Gordon  en el tramo final y a los pocos segundos tuvo una ocasi\u00f3n de oro que no pudo transformar con un remate con la derecha que salv\u00f3 C\u00e1rdenas. Tenerlo como revulsivo es un lujo.<\/p>\n<p><img decoding=\"async\" src=\"https:\/\/www.europesays.com\/es\/wp-content\/uploads\/2026\/09\/ac6b3ea8-28b3-40cc-84fc-6ba0ee1800a4_source-aspect-ratio_default_0.webp\" width=\"80\" height=\"80\" alt=\"Joao Cancelo, Defensa\" class=\"ft-mol-boxInfo--score__image\" loading=\"eager\"\/>6<\/p>\n<p class=\"ft-mol-boxInfo--score__subtitle\">Testimonial<\/p>\n<p class=\"ft-text\">El portugu\u00e9s entr\u00f3 por Pedri pero se situ\u00f3 de lateral izquierdo. Hamza tambi\u00e9n tuvo el premio de debutar en los \u00faltimos instantes. <\/p>\n","protected":false},"excerpt":{"rendered":"Tercer partido de liga y tercera alineaci\u00f3n de Hansi Flick. El alem\u00e1n ha vuelto a introducir tres cambios&hellip;\n","protected":false},"author":2,"featured_media":741251,"comment_status":"","ping_status":"","sticky":false,"template":"","format":"standard","meta":{"footnotes":""},"categories":[268],"tags":[10306,2296,168,3484,25,24,280,282,10561,281,23,167],"class_list":["post-741250","post","type-post","status-publish","format-standard","has-post-thumbnail","category-futbol","tag-1x1","tag-barca","tag-deportes","tag-descanso","tag-es","tag-espana","tag-football","tag-futbol","tag-rayo","tag-soccer","tag-spain","tag-sports"],"share_on_mastodon":{"url":"https:\/\/pubeurope.com\/@es\/117193202600712360","error":""},"_links":{"self":[{"href":"https:\/\/www.europesays.com\/es\/wp-json\/wp\/v2\/posts\/741250","targetHints":{"allow":["GET"]}}],"collection":[{"href":"https:\/\/www.europesays.com\/es\/wp-json\/wp\/v2\/posts"}],"about":[{"href":"https:\/\/www.europesays.com\/es\/wp-json\/wp\/v2\/types\/post"}],"author":[{"embeddable":true,"href":"https:\/\/www.europesays.com\/es\/wp-json\/wp\/v2\/users\/2"}],"replies":[{"embeddable":true,"href":"https:\/\/www.europesays.com\/es\/wp-json\/wp\/v2\/comments?post=741250"}],"version-history":[{"count":0,"href":"https:\/\/www.europesays.com\/es\/wp-json\/wp\/v2\/posts\/741250\/revisions"}],"wp:featuredmedia":[{"embeddable":true,"href":"https:\/\/www.europesays.com\/es\/wp-json\/wp\/v2\/media\/741251"}],"wp:attachment":[{"href":"https:\/\/www.europesays.com\/es\/wp-json\/wp\/v2\/media?parent=741250"}],"wp:term":[{"taxonomy":"category","embeddable":true,"href":"https:\/\/www.europesays.com\/es\/wp-json\/wp\/v2\/categories?post=741250"},{"taxonomy":"post_tag","embeddable":true,"href":"https:\/\/www.europesays.com\/es\/wp-json\/wp\/v2\/tags?post=741250"}],"curies":[{"name":"wp","href":"https:\/\/api.w.org\/{rel}","templated":true}]}}