{"id":741254,"date":"2026-09-01T01:34:37","date_gmt":"2026-09-01T01:34:37","guid":{"rendered":"https:\/\/www.europesays.com\/es\/741254\/"},"modified":"2026-09-01T01:34:37","modified_gmt":"2026-09-01T01:34:37","slug":"david-broncano-41-anos-de-pequeno-mi-abuela-me-cocinaba-para-cenar-3-platos-ensalada-huevos-cinta-de-lomo-y-natillas","status":"publish","type":"post","link":"https:\/\/www.europesays.com\/es\/741254\/","title":{"rendered":"David Broncano, 41 a\u00f1os: \u00abDe peque\u00f1o mi abuela me cocinaba para cenar 3 platos: ensalada, huevos, cinta de lomo y natillas\u00bb"},"content":{"rendered":"<p class=\"paragraph\" id=\"paragraph_1\"><strong>David Broncano<\/strong> ha echado la vista atr\u00e1s para recordar algunos de los momentos que recordaron <a data-forcefollow=\"false\" data-sponsored=\"false\" href=\"https:\/\/www.elespanol.com\/corazon\/20260823\/grison-anos-infancia-recuerdo-churreria-abrio-abuelo-ganabamos-millon-pesetas-fin-semana\/1003744358181_0.html?utm_cmp_rs=linksinline\" rel=\"nofollow noopener\" target=\"_blank\">su infancia<\/a> y, entre ellos, tiene un papel protagonista las comidas que compart\u00eda con sus abuelos.<\/p>\n<p class=\"paragraph\" id=\"paragraph_2\">El presentador de La Revuelta ha contado c\u00f3mo era su d\u00eda a d\u00eda cuando se quedaba con su abuela y ha desvelado los <strong>contundentes men\u00fas <\/strong>que preparaba para \u00e9l y su hermano.<\/p>\n<p class=\"paragraph\" id=\"paragraph_3\">En una entrevista de Open Play de RTVE, Broncano explic\u00f3 que su abuela era la encargada de cocinar mientras \u00e9l se ocupaba de otras tareas de la casa. \u00ab<strong>Mi abuela cocinaba y yo recog\u00eda la casa, la mesa, fregaba todos los platos<\/strong>\u00ab.<\/p>\n<p><img decoding=\"async\" alt=\"Broncano.\" data-imgm=\"true\" height=\"576\" loading=\"lazy\"  src=\"https:\/\/www.europesays.com\/es\/wp-content\/uploads\/2026\/09\/h:576&#038;h=0bcVn_iU.jpeg\"  width=\"1024\"\/><\/p>\n<p class=\"paragraph\" id=\"paragraph_4\">El presentador recuerda con especial cari\u00f1o aquellas tardes y noches junto a su abuela. \u00abLe hac\u00eda compa\u00f1\u00eda y ve\u00edamos juntos La Se\u00f1ora, Amar en tiempos revueltos, Cu\u00e9ntame\u00bb, explic\u00f3, recordando algunas de las series que segu\u00edan juntos en la televisi\u00f3n.<\/p>\n<p class=\"paragraph\" id=\"paragraph_5\">La llegada de Broncano y su hermano supuso tambi\u00e9n un cambio importante en las costumbres alimentarias de sus abuelos. \u00ab<strong>Ellos estaban acostumbrados a cenas y comidas de abuelos. Mi abuelo se com\u00eda una manzana y un yogur y de pronto le vinieron dos ni\u00f1os<\/strong>\u00ab, relat\u00f3 el presentador.<\/p>\n<p><img loading=\"lazy\" decoding=\"async\" alt=\"Josep Pedrerol este martes en 'El Chiringuito'.\" height=\"240\" src=\"https:\/\/www.europesays.com\/es\/wp-content\/uploads\/2026\/09\/h:240&#038;h=tFXVdVxc.jpeg\" width=\"320\" data-lazy-status=\"processed\" data-lazy-info=\"remove loading item 1\"\/><\/p>\n<p class=\"paragraph\" id=\"paragraph_6\">La situaci\u00f3n hizo que su abuela comenzara a preparar comidas mucho m\u00e1s abundantes para los peque\u00f1os. \u00ab<strong>Mi abuela empez\u00f3 a cocinar<\/strong>\u00ab. Y el resultado eran cenas que hoy pueden sorprender por la cantidad de comida que inclu\u00edan.<\/p>\n<p class=\"paragraph\" id=\"paragraph_7\">\u00ab<strong>Una cena era una ensalada, 3 huevos fritos, pur\u00e9, cinta de lomo y unas natillas. Eso para cenar<\/strong>\u00ab, record\u00f3. Un men\u00fa completo y contundente que se convirti\u00f3 en habitual durante su infancia y que refleja c\u00f3mo la alimentaci\u00f3n de sus abuelos cambi\u00f3 para adaptarse a las necesidades de los ni\u00f1os.<\/p>\n<p class=\"paragraph\" id=\"paragraph_8\">Pero no solo Broncano y su hermano terminaron comiendo m\u00e1s. El presentador tambi\u00e9n record\u00f3 c\u00f3mo su abuelo comenz\u00f3 a participar en aquellas comidas familiares y, poco a poco, fue aumentando la cantidad que inger\u00eda. \u00ab<strong>Mi abuelo empez\u00f3 a decir ponme un poquito de estas cosas. Y as\u00ed engord\u00f3<\/strong>\u00ab, relat\u00f3 con humor.<\/p>\n<p class=\"paragraph\" id=\"paragraph_9\">Una an\u00e9cdota familiar que Broncano recupera ahora con cari\u00f1o y que muestra c\u00f3mo la llegada de los nietos <strong>transform\u00f3 las rutinas de sus abuelos<\/strong>. De las sencillas comidas compuestas por una manzana y un yogur, su abuelo pas\u00f3 a compartir unas cenas mucho m\u00e1s abundantes con los peque\u00f1os de la familia.<\/p>\n<p class=\"paragraph\" id=\"paragraph_10\">Y as\u00ed pas\u00f3, que, viendo los homenajes que se pegaban sus nietos a una corta edad, \u00e9l no pod\u00eda resistirse a probar las delicias que les preparaban.<\/p>\n","protected":false},"excerpt":{"rendered":"David Broncano ha echado la vista atr\u00e1s para recordar algunos de los momentos que recordaron su infancia y,&hellip;\n","protected":false},"author":2,"featured_media":741255,"comment_status":"","ping_status":"","sticky":false,"template":"","format":"standard","meta":{"footnotes":""},"categories":[171],"tags":[1535,9029,146,147,25,24,17079,23,807,214],"class_list":["post-741254","post","type-post","status-publish","format-standard","has-post-thumbnail","category-tv","tag-bluper","tag-david-broncano","tag-entertainment","tag-entretenimiento","tag-es","tag-espana","tag-soft","tag-spain","tag-television","tag-tv"],"share_on_mastodon":{"url":"https:\/\/pubeurope.com\/@es\/117193217287648128","error":""},"_links":{"self":[{"href":"https:\/\/www.europesays.com\/es\/wp-json\/wp\/v2\/posts\/741254","targetHints":{"allow":["GET"]}}],"collection":[{"href":"https:\/\/www.europesays.com\/es\/wp-json\/wp\/v2\/posts"}],"about":[{"href":"https:\/\/www.europesays.com\/es\/wp-json\/wp\/v2\/types\/post"}],"author":[{"embeddable":true,"href":"https:\/\/www.europesays.com\/es\/wp-json\/wp\/v2\/users\/2"}],"replies":[{"embeddable":true,"href":"https:\/\/www.europesays.com\/es\/wp-json\/wp\/v2\/comments?post=741254"}],"version-history":[{"count":0,"href":"https:\/\/www.europesays.com\/es\/wp-json\/wp\/v2\/posts\/741254\/revisions"}],"wp:featuredmedia":[{"embeddable":true,"href":"https:\/\/www.europesays.com\/es\/wp-json\/wp\/v2\/media\/741255"}],"wp:attachment":[{"href":"https:\/\/www.europesays.com\/es\/wp-json\/wp\/v2\/media?parent=741254"}],"wp:term":[{"taxonomy":"category","embeddable":true,"href":"https:\/\/www.europesays.com\/es\/wp-json\/wp\/v2\/categories?post=741254"},{"taxonomy":"post_tag","embeddable":true,"href":"https:\/\/www.europesays.com\/es\/wp-json\/wp\/v2\/tags?post=741254"}],"curies":[{"name":"wp","href":"https:\/\/api.w.org\/{rel}","templated":true}]}}