{"id":741258,"date":"2026-09-01T01:36:16","date_gmt":"2026-09-01T01:36:16","guid":{"rendered":"https:\/\/www.europesays.com\/es\/741258\/"},"modified":"2026-09-01T01:36:16","modified_gmt":"2026-09-01T01:36:16","slug":"los-10-mejores-estrenos-de-septiembre-en-netflix-hbo-max-prime-video-y-disney","status":"publish","type":"post","link":"https:\/\/www.europesays.com\/es\/741258\/","title":{"rendered":"Los 10 mejores estrenos de septiembre en Netflix, HBO Max, Prime Video y Disney+"},"content":{"rendered":"<p class=\"wp-block-paragraph\">Comienza un nuevo mes y las plataformas ya tienen nuevas pel\u00edculas y series en el horizonte. Repasamos los 10 mejores estrenos para ver en septiembre en\u00a0<strong>Netflix, Prime Video,\u00a0HBO Max y Disney+<\/strong>.<\/p>\n<p>Netflix<\/p>\n<p>Fito P\u00e1ez: El mundo cabe en una canci\u00f3n (pel\u00edcula)<\/p>\n<p class=\"wp-block-paragraph\">2026 &#8211; Dir: Mat\u00edas Gueilburt<\/p>\n<p class=\"wp-block-paragraph\"><strong>Reparto<\/strong>: Fito P\u00e1ez.<\/p>\n<p class=\"wp-block-paragraph\"><strong>Origen<\/strong>: Argentina.<\/p>\n<p class=\"wp-block-paragraph\"><strong>Fecha de estreno<\/strong>: 3 de septiembre.<\/p>\n<p class=\"wp-block-paragraph\">Documental que explora la intimidad, trayectoria, \u00e9xitos y tragedias del ic\u00f3nico cantautor argentino Fito P\u00e1ez desde una perspectiva profunda y cercana.<\/p>\n<p class=\"wp-block-paragraph\">Le\u00e9 m\u00e1s sobre <a href=\"https:\/\/indiehoy.com\/noticias\/netflix-presenta-el-trailer-oficial-de-fito-paez-el-mundo-cabe-en-una-cancion\/\" data-type=\"link\" data-id=\"https:\/\/indiehoy.com\/noticias\/netflix-presenta-el-trailer-oficial-de-fito-paez-el-mundo-cabe-en-una-cancion\/\" target=\"_blank\" rel=\"noreferrer noopener nofollow\">Fito P\u00e1ez: El mundo cabe en una canci\u00f3n<\/a>.<\/p>\n<p>\u00a1Llama a mi agente!: La pel\u00edcula (pel\u00edcula)<\/p>\n<p class=\"wp-block-paragraph\">2026 &#8211; Dir: \u00c9milie Noblet<\/p>\n<p class=\"wp-block-paragraph\"><strong>Reparto<\/strong>: Camille Cottin, Laure Calamy, Thibault de Montalembert, Vincent Macaigne.<\/p>\n<p class=\"wp-block-paragraph\"><strong>Origen<\/strong>: Francia.<\/p>\n<p class=\"wp-block-paragraph\"><strong>Fecha de estreno<\/strong>: 10 de septiembre.<\/p>\n<p class=\"wp-block-paragraph\">Cinco a\u00f1os despu\u00e9s del cierre de la agencia, Andrea por fin est\u00e1 lista para dirigir su primer largometraje. Pero cuando el actor protagonista abandona el proyecto y ella se enfrenta a su productor, decide unir fuerzas con No\u00e9mie, productora de realities, convencida de que podr\u00e1 manejarla a su antojo. Sin embargo, entre un reparto que hay que rehacer por completo, los constantes contratiempos durante el rodaje y una batalla legal que amenaza la custodia de su hija, todo empieza a desmoronarse. Uno a uno, los antiguos compa\u00f1eros de ASK acaban convergiendo en este set de rodaje cargado de tensi\u00f3n. Cada cual llega con un papel que desempe\u00f1ar, su propio ego y unas cuantas cuentas pendientes, sin sospechar lo que esta reuni\u00f3n les tiene realmente reservado.<\/p>\n<p>Monstruo: La historia de Lizzie Borden (serie)<\/p>\n<p class=\"wp-block-paragraph\"><strong>Reparto<\/strong>: Ella Beatty, Vicky Krieps,\u00a0<a href=\"https:\/\/indiehoy.com\/series\/el-elenco-de-sons-of-anarchy-volvera-a-reunirse-en-una-nueva-serie\/\" target=\"_blank\" rel=\"noopener nofollow\">Charlie Hunnam<\/a>,\u00a0Rebecca Hall,\u00a0Billie Lourd,\u00a0Jessica Barden\u00a0y\u00a0Sarah Paulson.<\/p>\n<p class=\"wp-block-paragraph\"><strong>Origen<\/strong>: Estados Unidos.<\/p>\n<p class=\"wp-block-paragraph\"><strong>Fecha de estreno<\/strong>: 17 de septiembre.<\/p>\n<p class=\"wp-block-paragraph\">Cuando la reprimida hija de una acaudalada familia de Nueva Inglaterra y su rebelde criada se ven atrapadas en una casa construida sobre la humillaci\u00f3n y la crueldad, escapan refugi\u00e1ndose en una fantas\u00eda de sexo, poder y venganza. Los macabros asesinatos sin resolver que se suceden no solo conmocionan al mundo, sino que dan origen a un icono que se niega a vivir encerrado en una jaula y decide, en cambio, forjar su propia leyenda: impactante, monstruosa y gloriosamente libre.<\/p>\n<p class=\"wp-block-paragraph\">Le\u00e9 m\u00e1s sobre <a href=\"https:\/\/indiehoy.com\/series\/netflix-estreno-el-trailer-de-la-historia-de-lizzie-borden-uno-de-los-casos-mas-famosos-del-true-crime\/\" target=\"_blank\" rel=\"noreferrer noopener nofollow\">Monstruo: La historia de Lizzie Borden<\/a>.<\/p>\n<p>Mis muertos tristes (serie)<\/p>\n<p class=\"wp-block-paragraph\"><strong>Reparto<\/strong>: Dolores Fonzi, Mercedes Mor\u00e1n, Germ\u00e1n de Silva, Carlos Portaluppi.<\/p>\n<p class=\"wp-block-paragraph\"><strong>Origen<\/strong>: Argentina.<\/p>\n<p class=\"wp-block-paragraph\"><strong>Fecha de estreno<\/strong>: 24 de septiembre.<\/p>\n<p class=\"wp-block-paragraph\">Ema, una m\u00e9dica de 60 a\u00f1os, puede ver y escuchar a los muertos. Los llama \u201cpresencias\u201d y ha vivido toda su vida evitando que ese don la conecte con el sufrimiento de otros. Pero cuando su sobrina Julie \u2014una joven perturbada que tambi\u00e9n puede comunicarse con los muertos, aunque de una forma mucho m\u00e1s intensa y sexual\u2014 llega a su casa, Ema se ve obligada a involucrarse. Lo que comienza como un reencuentro familiar se convierte en una perturbadora cadena de eventos que alteran el equilibrio entre el mundo de los vivos y los muertos, contagiando a todo un barrio con voces del m\u00e1s all\u00e1. Mientras las fronteras entre la vida, la muerte y el deseo se desdibujan, Ema tendr\u00e1 que enfrentarse a su pasado, su hija, y los fantasmas que nunca dej\u00f3 ir.<\/p>\n<p><img loading=\"lazy\" decoding=\"async\" width=\"1200\" height=\"675\" src=\"https:\/\/www.europesays.com\/es\/wp-content\/uploads\/2026\/09\/mis-muertos-tristes.jpg\" alt=\"Mis muertos tristes\" class=\"wp-image-831679\"  \/>Mis muertos tristes.<\/p>\n<p>Unabomber (pel\u00edcula)<\/p>\n<p class=\"wp-block-paragraph\">2026 &#8211; Dir: Janus Metz Pedersen<\/p>\n<p class=\"wp-block-paragraph\"><strong>Reparto<\/strong>: Russell Crowe, Jacob Tremblay,<a href=\"https:\/\/www.filmaffinity.com\/es\/name.php?name-id=921246725\" rel=\"nofollow noopener\" target=\"_blank\"> <\/a>Annabelle Wallis, Shailene Woodley, Alexander Ludwig.<\/p>\n<p class=\"wp-block-paragraph\"><strong>Origen<\/strong>: Estados Unidos.<\/p>\n<p class=\"wp-block-paragraph\"><strong>Fecha de estreno<\/strong>: 25 de septiembre.<\/p>\n<p class=\"wp-block-paragraph\">Un estudiante de Harvard se convierte en \u00abUnabomber\u00bb tras someterse a una serie de experimentos psicol\u00f3gicos. A\u00f1os m\u00e1s tarde, la investigaci\u00f3n de un agente del FBI revela c\u00f3mo su pasado determin\u00f3 la campa\u00f1a mortal que se cobr\u00f3 la vida de tres personas e hiri\u00f3 a otras veintitr\u00e9s entre 1978 y 1995.<\/p>\n<p>Prime Video<\/p>\n<p>Carrera contra el tiempo (pel\u00edcula)<\/p>\n<p class=\"wp-block-paragraph\">2026 &#8211; Dir: Kevin Macdonald<\/p>\n<p class=\"wp-block-paragraph\"><strong>Reparto<\/strong>: Gal Gadot,\u00a0Damian Lewis.<\/p>\n<p class=\"wp-block-paragraph\"><strong>Origen<\/strong>: Reino Unido.<\/p>\n<p class=\"wp-block-paragraph\"><strong>Fecha de estreno<\/strong>: 2 de septiembre.<\/p>\n<p class=\"wp-block-paragraph\">Amenazada por un an\u00f3nimo que ha secuestrado a su hijo, Maia, una abogada, debe recorrer Londres a pie para matar a un cliente al que representa y as\u00ed salvarlo.<\/p>\n<p>La hip\u00f3tesis del amor (pel\u00edcula)<\/p>\n<p class=\"wp-block-paragraph\">2026 &#8211; Dir: Claire Scanlon<\/p>\n<p class=\"wp-block-paragraph\"><strong>Reparto<\/strong>: Lili Reinhart, Tom Bateman, Rachel Marsh, Nicholas Duvernay.<\/p>\n<p class=\"wp-block-paragraph\"><strong>Origen<\/strong>: Estados Unidos.<\/p>\n<p class=\"wp-block-paragraph\"><strong>Fecha de estreno<\/strong>: 23 de septiembre.<\/p>\n<p class=\"wp-block-paragraph\">Olive es una brillante estudiante de doctorado. Cuando descubre que su mejor amiga, Ahn, se ha enamorado de Jeremy, el chico que a ella le gustaba, Olive besa impulsivamente al intimidante profesor Adam Carlsen para demostrar que lo ha superado. El beso les lleva a ambos a mantener una relaci\u00f3n falsa con reglas, l\u00edmites y un acuerdo mutuamente beneficioso. Pero cuando su acuerdo empieza a difuminarse entre la ficci\u00f3n y la realidad, Olive se ve obligada a poner a prueba su hip\u00f3tesis: que quiz\u00e1 el amor s\u00ed merezca la pena.<\/p>\n<p>HBO Max<\/p>\n<p>Youth (serie)<\/p>\n<p class=\"wp-block-paragraph\"><strong>Reparto<\/strong>: Sharon Horgan, Rupert Friend, Sharlene Whyte.<\/p>\n<p class=\"wp-block-paragraph\"><strong>Origen<\/strong>: Reino Unido.<\/p>\n<p class=\"wp-block-paragraph\"><strong>Fecha de estreno<\/strong>: 20 de septiembre.<\/p>\n<p class=\"wp-block-paragraph\">Una divorciada de 50 a\u00f1os hace malabares con la vida amorosa mientras cuida a sus padres y a su hijo adulto.<\/p>\n<p>Disney+<\/p>\n<p>The Mandalorian and Grogu (pel\u00edcula)<\/p>\n<p class=\"wp-block-paragraph\">2026 &#8211; Dir: Jon Favreau<\/p>\n<p class=\"wp-block-paragraph\"><strong>Reparto<\/strong>: Pedro Pascal, Sigourney Weaver, Jonny Coyne, Hemky Madera.<\/p>\n<p class=\"wp-block-paragraph\"><strong>Origen<\/strong>: Estados Unidos.<\/p>\n<p class=\"wp-block-paragraph\"><strong>Fecha de estreno<\/strong>: 2 de septiembre.<\/p>\n<p class=\"wp-block-paragraph\">Continuaci\u00f3n de la serie The Mandalorian en forma de pel\u00edcula. El Imperio ha ca\u00eddo y los se\u00f1ores de la guerra imperiales siguen dispersos por toda la galaxia. Mientras la incipiente Nueva Rep\u00fablica trabaja para proteger todo por lo que luch\u00f3 la Rebeli\u00f3n, ha reclutado la ayuda del legendario cazarrecompensas mandaloriano Din Djarin y su joven aprendiz Grogu.<\/p>\n<p>American Horror Story 13 (serie)<\/p>\n<p class=\"wp-block-paragraph\"><strong>Reparto<\/strong>: Jessica Lange, Sarah Paulson, Evan Peters, Angela Bassett.<\/p>\n<p class=\"wp-block-paragraph\"><strong>Origen<\/strong>: Estados Unidos.<\/p>\n<p class=\"wp-block-paragraph\"><strong>Fecha de estreno<\/strong>: 24 de septiembre.<\/p>\n<p class=\"wp-block-paragraph\">Temporada 13 de la franquicia American Horror Story.<\/p>\n","protected":false},"excerpt":{"rendered":"Comienza un nuevo mes y las plataformas ya tienen nuevas pel\u00edculas y series en el horizonte. Repasamos los&hellip;\n","protected":false},"author":2,"featured_media":741259,"comment_status":"","ping_status":"","sticky":false,"template":"","format":"standard","meta":{"footnotes":""},"categories":[169],"tags":[6826,177,1060,146,147,25,24,176,6706,3526,175,152,23],"class_list":["post-741258","post","type-post","status-publish","format-standard","has-post-thumbnail","category-cine","tag-amazon-prime-video","tag-cine","tag-disney","tag-entertainment","tag-entretenimiento","tag-es","tag-espana","tag-film","tag-fito-paez","tag-hbo-max","tag-movies","tag-netflix","tag-spain"],"share_on_mastodon":{"url":"https:\/\/pubeurope.com\/@es\/117193225173600819","error":""},"_links":{"self":[{"href":"https:\/\/www.europesays.com\/es\/wp-json\/wp\/v2\/posts\/741258","targetHints":{"allow":["GET"]}}],"collection":[{"href":"https:\/\/www.europesays.com\/es\/wp-json\/wp\/v2\/posts"}],"about":[{"href":"https:\/\/www.europesays.com\/es\/wp-json\/wp\/v2\/types\/post"}],"author":[{"embeddable":true,"href":"https:\/\/www.europesays.com\/es\/wp-json\/wp\/v2\/users\/2"}],"replies":[{"embeddable":true,"href":"https:\/\/www.europesays.com\/es\/wp-json\/wp\/v2\/comments?post=741258"}],"version-history":[{"count":0,"href":"https:\/\/www.europesays.com\/es\/wp-json\/wp\/v2\/posts\/741258\/revisions"}],"wp:featuredmedia":[{"embeddable":true,"href":"https:\/\/www.europesays.com\/es\/wp-json\/wp\/v2\/media\/741259"}],"wp:attachment":[{"href":"https:\/\/www.europesays.com\/es\/wp-json\/wp\/v2\/media?parent=741258"}],"wp:term":[{"taxonomy":"category","embeddable":true,"href":"https:\/\/www.europesays.com\/es\/wp-json\/wp\/v2\/categories?post=741258"},{"taxonomy":"post_tag","embeddable":true,"href":"https:\/\/www.europesays.com\/es\/wp-json\/wp\/v2\/tags?post=741258"}],"curies":[{"name":"wp","href":"https:\/\/api.w.org\/{rel}","templated":true}]}}