{"id":741280,"date":"2026-09-01T01:58:13","date_gmt":"2026-09-01T01:58:13","guid":{"rendered":"https:\/\/www.europesays.com\/es\/741280\/"},"modified":"2026-09-01T01:58:13","modified_gmt":"2026-09-01T01:58:13","slug":"bianca-ya-ha-cruzado-la-linea-en-suenos-de-libertad-su-obsesion-por-fina-puede-convertirla-en-una-gran-villana","status":"publish","type":"post","link":"https:\/\/www.europesays.com\/es\/741280\/","title":{"rendered":"Bianca ya ha cruzado la l\u00ednea en &#8216;Sue\u00f1os de libertad&#8217;: su obsesi\u00f3n por Fina puede convertirla en una gran villana"},"content":{"rendered":"<p data-journey-content=\"true\" data-node-id=\"3\" class=\"css-1ood0zq emevuu60\">Desde que Bianca lleg\u00f3 a &#8216;<a href=\"https:\/\/www.diezminutos.es\/suenos-de-libertad\/\" target=\"_blank\" data-vars-ga-outbound-link=\"https:\/\/www.diezminutos.es\/suenos-de-libertad\/\" data-vars-ga-ux-element=\"Hyperlink\" data-vars-ga-call-to-action=\"Sue\u00f1os de libertad\" data-node-id=\"3.1\" class=\"body-link css-1v1lrc0 emevuu60\" rel=\"nofollow noopener\">Sue\u00f1os de libertad<\/a>&#8216;, tengo bastante claro que <a href=\"https:\/\/www.diezminutos.es\/telenovela\/espanolas\/a73265368\/suenos-de-libertad-bianca-carolina-roman-actriz-quien-es\/\" target=\"_blank\" data-vars-ga-outbound-link=\"https:\/\/www.diezminutos.es\/telenovela\/espanolas\/a73265368\/suenos-de-libertad-bianca-carolina-roman-actriz-quien-es\/\" data-vars-ga-ux-element=\"Hyperlink\" data-vars-ga-call-to-action=\"Carolina Rom\u00e1n\" data-node-id=\"3.3\" class=\"body-link css-1v1lrc0 emevuu60\" rel=\"nofollow noopener\">Carolina Rom\u00e1n<\/a> no ha aterrizado en la serie para ser simplemente la exnovia de Fina. El personaje tiene algo mucho m\u00e1s interesante: <strong data-node-id=\"3.5\">todos los ingredientes para convertirse en una de las grandes villanas de la ficci\u00f3n<\/strong>. Y, a estas alturas, ya no me parece una teor\u00eda descabellada. Bianca ha pasado de intentar recuperar a Fina a mover piezas a espaldas de todos para provocar problemas entre ella y Marta. Para m\u00ed, ah\u00ed est\u00e1 la clave de su evoluci\u00f3n <\/p>\n<p data-journey-content=\"true\" data-node-id=\"9\" class=\"css-1ood0zq emevuu60\">Bianca lleg\u00f3 a Toledo con la excusa de preparar una exposici\u00f3n, pero desde el principio qued\u00f3 claro que su verdadero motivo era otro: volver a ver a Fina. <strong data-node-id=\"9.1\">La argentina hab\u00eda sido su pareja durante la etapa de la fot\u00f3grafa en Argentina<\/strong> y, seg\u00fan la propia historia, se dio cuenta de que Fina es el amor de su vida. Fina, sin embargo, tom\u00f3 una decisi\u00f3n: rompi\u00f3 con Bianca porque segu\u00eda enamorada de Marta. Fue una decisi\u00f3n dolorosa, pero aparentemente definitiva. El problema es que Bianca no parece dispuesta a aceptar ese final. Y eso cambia completamente las reglas.<\/p>\n<p><img draggable=\"true\" alt=\"fina y bianca en 'suenos de libertad'\" title=\"Fina y Bianca en 'Suenos de libertad'\" loading=\"lazy\" width=\"3500\" height=\"2333\" decoding=\"async\" data-nimg=\"1\" style=\"color:transparent;width:100%;height:auto;\"   src=\"https:\/\/www.europesays.com\/es\/wp-content\/uploads\/2026\/09\/16ff4a8a-037d-4cb2-8cb5-095245740f19.jpg\" class=\"css-0 e1ddfba50\"\/><\/p>\n<p>Manuel Fiestas Moreno<\/p>\n<p>El gran peligro de Bianca: su manera de manipular en &#8216;Sue\u00f1os de libertad&#8217;<\/p>\n<p data-journey-content=\"true\" data-node-id=\"15\" class=\"body-dropcap css-fl4qke emevuu60\">Lo que m\u00e1s me interesa del personaje es que no necesita presentarse como una mujer malvada. Al contrario: Bianca puede resultar encantadora, comprensiva y cercana. Precisamente por eso funciona tan bien. <strong data-node-id=\"15.1\">Fina vuelve a confiar en ella<\/strong> y hasta le ofrece su piso para que pueda utilizarlo como taller. Mientras Marta observa c\u00f3mo su pareja recupera la cercan\u00eda con su antigua novia, Bianca va ganando espacio en la vida de Fina. Pero despu\u00e9s llega la prueba definitiva.<\/p>\n<p data-journey-content=\"true\" data-node-id=\"20\" class=\"css-1ood0zq emevuu60\"><strong data-node-id=\"20.0\">Bianca convence a do\u00f1a Clara para impulsar una fundaci\u00f3n en memoria de Pelayo<\/strong>, sabiendo que esa decisi\u00f3n provocar\u00e1 un nuevo conflicto entre Marta y Fina. Lo m\u00e1s inquietante es que, mientras Fina (<a href=\"https:\/\/www.diezminutos.es\/telenovela\/espanolas\/a71765877\/alba-brunet-suenos-de-libertad-actriz-infancia\/\" target=\"_blank\" data-vars-ga-outbound-link=\"https:\/\/www.diezminutos.es\/telenovela\/espanolas\/a71765877\/alba-brunet-suenos-de-libertad-actriz-infancia\/\" data-vars-ga-ux-element=\"Hyperlink\" data-vars-ga-call-to-action=\"Alba Brunet\" data-node-id=\"20.2\" class=\"body-link css-1v1lrc0 emevuu60\" rel=\"nofollow noopener\">Alba Brunet<\/a>) se desahoga con ella por sus problemas de pareja, la fot\u00f3grafa desconoce que Bianca est\u00e1 detr\u00e1s de aquello que est\u00e1 provocando la crisis. Para m\u00ed, ese es el momento en el que Bianca deja de ser simplemente una rival amorosa y empieza a convertirse en villana.<\/p>\n<p data-journey-content=\"true\" data-node-id=\"24\" class=\"css-1ood0zq emevuu60\">La evoluci\u00f3n tampoco ha pasado inadvertida para Marta. La hija de Dami\u00e1n ha intentado advertir a Fina de las intenciones de Bianca, pero no ha conseguido que la fot\u00f3grafa le d\u00e9 la raz\u00f3n. De hecho, Fina ha llegado a defender a su expareja y a acusar a Marta de imaginar cosas.<strong data-node-id=\"24.1\"> Y entonces Bianca ha dado un paso m\u00e1s<\/strong>. En su enfrentamiento con Marta (<a href=\"https:\/\/www.diezminutos.es\/telenovela\/espanolas\/a71637816\/marta-belmonte-suenos-de-libertad-nueva-pelicula-que-tiene-todo-para-enamorarte\/\" target=\"_blank\" data-vars-ga-outbound-link=\"https:\/\/www.diezminutos.es\/telenovela\/espanolas\/a71637816\/marta-belmonte-suenos-de-libertad-nueva-pelicula-que-tiene-todo-para-enamorarte\/\" data-vars-ga-ux-element=\"Hyperlink\" data-vars-ga-call-to-action=\"Marta Belmonte\" data-node-id=\"24.3\" class=\"body-link css-1v1lrc0 emevuu60\" rel=\"nofollow noopener\">Marta Belmonte<\/a>), la argentina no solo ha negado estar manipulando a Fina, sino que la ha provocado directamente. Incluso le ha advertido de que su propia actitud puede terminar alej\u00e1ndola de Fina. Ah\u00ed, sinceramente, creo que &#8216;Sue\u00f1os de libertad&#8217; ha dejado bastante claro hacia d\u00f3nde quiere llevar al personaje.<\/p>\n<p>\u00bfLa pr\u00f3xima gran villana de &#8216;Sue\u00f1os de libertad&#8217;?<img draggable=\"true\" alt=\"carolina roman es bianca en 'suenos de libertad\" title=\"Carolina Roman es Bianca en 'Suenos de libertad\" loading=\"lazy\" width=\"3500\" height=\"2333\" decoding=\"async\" data-nimg=\"1\" style=\"color:transparent;width:100%;height:auto;\"   src=\"https:\/\/www.europesays.com\/es\/wp-content\/uploads\/2026\/09\/e3c9f4d8-b228-47b4-a445-3102390fceb8.jpg\" class=\"css-0 e1ddfba50\"\/><\/p>\n<p>Manuel Fiestas Moreno<\/p>\n<p data-journey-content=\"true\" data-node-id=\"30\" class=\"css-1ood0zq emevuu60\">Yo creo que s\u00ed, aunque espero que los guionistas mantengan durante mucho tiempo esa zona gris que hace tan interesante a Bianca. Porque todav\u00eda podemos entender sus sentimientos. Ama a Fina, perdi\u00f3 su relaci\u00f3n y quiere recuperarla. Carolina Rom\u00e1n ha explicado que Bianca es una mujer luchadora y que est\u00e1 dispuesta a pelear por aquello que quiere. Pero una cosa es luchar por amor y otra <strong data-node-id=\"30.1\">manipular deliberadamente a las personas para conseguir separar a una pareja<\/strong>. Bianca ya ha cruzado esa l\u00ednea.<\/p>\n<p data-journey-content=\"true\" data-node-id=\"34\" class=\"css-1ood0zq emevuu60\">Por eso, mi apuesta es clara: si contin\u00faa jugando con Marta y Fina desde las sombras, Bianca puede convertirse en una de las grandes antagonistas de &#8216;Sue\u00f1os de libertad&#8217;. Y, adem\u00e1s, en una villana mucho m\u00e1s interesante que la t\u00edpica mujer malvada, porque su mayor arma no es la crueldad: <strong data-node-id=\"34.1\">es conseguir que los dem\u00e1s conf\u00eden en ella mientras mueve los hilos sin que nadie se d\u00e9 cuenta<\/strong>.<\/p>\n<p><img src=\"https:\/\/www.europesays.com\/es\/wp-content\/uploads\/2026\/09\/43af9b8f-983e-4e74-8e74-9a7479b0966b_1681831601.file.png\" alt=\"Headshot of Pilar Mart\u00ednez\" title=\"Headshot of Pilar Mart\u00ednez\" width=\"100%\" height=\"100%\" decoding=\"async\" loading=\"lazy\" class=\"css-o0wq4v ev8dhu53\"\/><\/p>\n<p>Pilar Mart\u00ednez es periodista especializada en contenidos de televisi\u00f3n y cultura, se gradu\u00f3 en la carrera en Periodismo en la Facultad de Ciencias de la Informaci\u00f3n (Universidad Complutense de Madrid) en el a\u00f1o 2018. Desde entonces ha pasado por las redacciones de Ecoteuve (El Economista), donde realiz\u00f3 sus primeras pr\u00e1cticas durante el verano del 2016.<\/p>\n<p>Posteriormente, concretamente, en el a\u00f1o 2017 se pas\u00f3 al grupo Hearst Espa\u00f1a, donde comenz\u00f3 su andadura en las revistas de televisi\u00f3n: Supertele, Teleprograma, Telenovela. Ahora colabora con Diez Minutos, en su versi\u00f3n web, donde se encarga de realizar los avances semanales de las ficciones diarias de moda, as\u00ed como entrevistas y art\u00edculos sobre los melodramas o telenovelas que aterrizan en nuestro pa\u00eds y aquellos que est\u00e1n por venir.<\/p>\n<p>Toda una cazadora de exclusivas. A esto, se suma su puesto como redactora jefe de la secci\u00f3n de novela narrativa en la revista Culturamas, medio digital de alto impacto al que lleva unida desde el a\u00f1o 2013. \u00c1vida lectora, cin\u00e9fila y seri\u00e9fila de primer nivel, ha hecho de su vocaci\u00f3n su oficio. \u00a0<\/p>\n","protected":false},"excerpt":{"rendered":"Desde que Bianca lleg\u00f3 a &#8216;Sue\u00f1os de libertad&#8216;, tengo bastante claro que Carolina Rom\u00e1n no ha aterrizado en&hellip;\n","protected":false},"author":2,"featured_media":741281,"comment_status":"","ping_status":"","sticky":false,"template":"","format":"standard","meta":{"footnotes":""},"categories":[171],"tags":[253,146,147,25,24,23,214],"class_list":["post-741280","post","type-post","status-publish","format-standard","has-post-thumbnail","category-tv","tag-discover","tag-entertainment","tag-entretenimiento","tag-es","tag-espana","tag-spain","tag-tv"],"share_on_mastodon":{"url":"https:\/\/pubeurope.com\/@es\/117193311888379199","error":""},"_links":{"self":[{"href":"https:\/\/www.europesays.com\/es\/wp-json\/wp\/v2\/posts\/741280","targetHints":{"allow":["GET"]}}],"collection":[{"href":"https:\/\/www.europesays.com\/es\/wp-json\/wp\/v2\/posts"}],"about":[{"href":"https:\/\/www.europesays.com\/es\/wp-json\/wp\/v2\/types\/post"}],"author":[{"embeddable":true,"href":"https:\/\/www.europesays.com\/es\/wp-json\/wp\/v2\/users\/2"}],"replies":[{"embeddable":true,"href":"https:\/\/www.europesays.com\/es\/wp-json\/wp\/v2\/comments?post=741280"}],"version-history":[{"count":0,"href":"https:\/\/www.europesays.com\/es\/wp-json\/wp\/v2\/posts\/741280\/revisions"}],"wp:featuredmedia":[{"embeddable":true,"href":"https:\/\/www.europesays.com\/es\/wp-json\/wp\/v2\/media\/741281"}],"wp:attachment":[{"href":"https:\/\/www.europesays.com\/es\/wp-json\/wp\/v2\/media?parent=741280"}],"wp:term":[{"taxonomy":"category","embeddable":true,"href":"https:\/\/www.europesays.com\/es\/wp-json\/wp\/v2\/categories?post=741280"},{"taxonomy":"post_tag","embeddable":true,"href":"https:\/\/www.europesays.com\/es\/wp-json\/wp\/v2\/tags?post=741280"}],"curies":[{"name":"wp","href":"https:\/\/api.w.org\/{rel}","templated":true}]}}