{"id":741284,"date":"2026-09-01T02:01:23","date_gmt":"2026-09-01T02:01:23","guid":{"rendered":"https:\/\/www.europesays.com\/es\/741284\/"},"modified":"2026-09-01T02:01:23","modified_gmt":"2026-09-01T02:01:23","slug":"el-sevilla-pregunta-condiciones-al-saint-etienne-por-lucas-stassin","status":"publish","type":"post","link":"https:\/\/www.europesays.com\/es\/741284\/","title":{"rendered":"El Sevilla pregunta condiciones al Saint-\u00c9tienne por Lucas Stassin"},"content":{"rendered":"<p><img decoding=\"async\" class=\"v-ath__i\" loading=\"lazy\" src=\"https:\/\/www.europesays.com\/es\/wp-content\/uploads\/2026\/09\/autor-4184-foto-8.jpeg\" alt=\"Candela V\u00e1zquez\"\/><\/p>\n<p>31\/08\/2026<\/p>\n<p>Actualizado a las 21:01h.<\/p>\n<p class=\"v-d-p\" style=\"\">Las \u00faltimas 24 horas del<strong> Sevilla FC<\/strong> han cogido el ritmo que la premura del contexto precisaba. La direcci\u00f3n deportiva sevillista quiere<strong> reforzar su delantera<\/strong> e incorporar a un extremo para sustituir a Oso. Para ello, Jos\u00e9 Ignacio Navarro se encuentra  &#8230; inmerso en <strong>dos negociaciones,<\/strong> que se encuentran avanzadas con dos delanteros diferentes. <a href=\"https:\/\/www.abc.es\/deportes\/orgullodenervion\/fichajes-sevilla-fc\/sevilla-estrecha-cerco-nueve-negocia-deivid-washington-20260831192609-nts.html\" target=\"_self\" data-voc-vtm-id=\"in-text-traffic\" data-mrf-link=\"www.abc.es\" rel=\"nofollow noopener\">Uno es Deivid Washington<\/a>, del Chelsea, y el otro, <strong>Lucas Stassin<\/strong>, del Saint-\u00c9tienne. <\/p>\n<p class=\"v-d-p\" style=\"\">El club sevillista pretende las cesiones de ambos jugadores para que se incorporen lo m\u00e1s pronto posible al conjunto dirigido por Luis Garc\u00eda Plaza. Stassin, de 21 a\u00f1os, lleg\u00f3 hace dos temporadas al Saint-\u00c9tienne procedente del <strong>KVC Westerlo<\/strong> a cambio de diez millones de euros. <\/p>\n<p class=\"v-d-p\" style=\"\">Las negociaciones del Sevilla con el conjunto franc\u00e9s han sido adelantadas por el periodista Sacha Tavolieri y confirmadas por ABC de Sevilla. Seg\u00fan fuentes de la operaci\u00f3n, hay muy buena sinton\u00eda entre los clubes para cerrar un <strong>pr\u00e9stamo con opci\u00f3n de compra<\/strong> incluida por este delantero belga. <\/p>\n<p class=\"v-d-p\" style=\"\">Una situaci\u00f3n muy similar a la de Deivid Washington. El Estrasburgo ha abonado el traspaso del jugador al Chelsea, del mismo grupo, para hacerse con los servicios del jugador brasile\u00f1o y, ahora, pretende ced\u00e9rselo al Sevilla para que juegue en LaLiga esta temporada. <\/p>\n","protected":false},"excerpt":{"rendered":"31\/08\/2026 Actualizado a las 21:01h. Las \u00faltimas 24 horas del Sevilla FC han cogido el ritmo que la&hellip;\n","protected":false},"author":2,"featured_media":741285,"comment_status":"","ping_status":"","sticky":false,"template":"","format":"standard","meta":{"footnotes":""},"categories":[93],"tags":[14795,168,25,24,7357,9464,131564,1171,23,167,131565],"class_list":["post-741284","post","type-post","status-publish","format-standard","has-post-thumbnail","category-deportes","tag-condiciones","tag-deportes","tag-es","tag-espana","tag-lucas","tag-pregunta","tag-saintetienne","tag-sevilla","tag-spain","tag-sports","tag-stassin"],"share_on_mastodon":{"url":"https:\/\/pubeurope.com\/@es\/117193323102500312","error":""},"_links":{"self":[{"href":"https:\/\/www.europesays.com\/es\/wp-json\/wp\/v2\/posts\/741284","targetHints":{"allow":["GET"]}}],"collection":[{"href":"https:\/\/www.europesays.com\/es\/wp-json\/wp\/v2\/posts"}],"about":[{"href":"https:\/\/www.europesays.com\/es\/wp-json\/wp\/v2\/types\/post"}],"author":[{"embeddable":true,"href":"https:\/\/www.europesays.com\/es\/wp-json\/wp\/v2\/users\/2"}],"replies":[{"embeddable":true,"href":"https:\/\/www.europesays.com\/es\/wp-json\/wp\/v2\/comments?post=741284"}],"version-history":[{"count":0,"href":"https:\/\/www.europesays.com\/es\/wp-json\/wp\/v2\/posts\/741284\/revisions"}],"wp:featuredmedia":[{"embeddable":true,"href":"https:\/\/www.europesays.com\/es\/wp-json\/wp\/v2\/media\/741285"}],"wp:attachment":[{"href":"https:\/\/www.europesays.com\/es\/wp-json\/wp\/v2\/media?parent=741284"}],"wp:term":[{"taxonomy":"category","embeddable":true,"href":"https:\/\/www.europesays.com\/es\/wp-json\/wp\/v2\/categories?post=741284"},{"taxonomy":"post_tag","embeddable":true,"href":"https:\/\/www.europesays.com\/es\/wp-json\/wp\/v2\/tags?post=741284"}],"curies":[{"name":"wp","href":"https:\/\/api.w.org\/{rel}","templated":true}]}}