{"id":741288,"date":"2026-09-01T02:04:26","date_gmt":"2026-09-01T02:04:26","guid":{"rendered":"https:\/\/www.europesays.com\/es\/741288\/"},"modified":"2026-09-01T02:04:26","modified_gmt":"2026-09-01T02:04:26","slug":"la-enfermedad-que-sufrio-un-dinosaurio-hace-125-millones-de-anos-sale-a-la-luz-en-morella","status":"publish","type":"post","link":"https:\/\/www.europesays.com\/es\/741288\/","title":{"rendered":"La enfermedad que sufri\u00f3 un dinosaurio hace 125 millones de a\u00f1os sale a la luz en Morella"},"content":{"rendered":"<p class=\"description\"><b>Nuestra mejor oferta est\u00e1 apunto de acabarse<\/b>. Acceso ilimitado a National Geographic por solo <b>0,75\u20ac\/mes + REGALO<\/b>. \u00a1\u00daltimas 24 horas!<\/p>\n<p class=\"description\">Disfruta de las <b>ediciones especiales<\/b> de National Geographic con un <b>descuento especial exclusivo para suscriptores<\/b>.<\/p>\n<p>Un equipo de investigadores espa\u00f1oles ha diagnosticado la enfermedad de un Iguanodon del <a href=\"https:\/\/www.nationalgeographic.com.es\/temas\/cretacico\" rel=\"nofollow noopener\" target=\"_blank\">Cret\u00e1cico Inferior<\/a> utilizando la tecnolog\u00eda m\u00e9dica m\u00e1s actual disponible.\u00a0El<strong> f\u00f3sil de Iguanodon<\/strong>, que <strong>nos sit\u00faa en la pen\u00ednsula ib\u00e9rica hace 125 millones de a\u00f1os, <\/strong>ha desvelado que el dinosaurio<strong> sufr\u00eda una dolorosa \u00falcera de la piel\u00a0<\/strong>que lleg\u00f3 hasta el hueso; demostrando que estos gigantes tambi\u00e9n sufr\u00edan (y sobreviv\u00edan) a graves enfermedades. No eran invulnerables.<\/p>\n<p>En el Cret\u00e1cico Inferior, el planeta estaba dominado por grandes reptiles que, al igual que nosotros los humanos, tambi\u00e9n enfermaban, padec\u00edan dolores cr\u00f3nicos y sufr\u00edan infecciones. Y, ahora, gracias a un trabajo de <strong>\u00abCSI paleontol\u00f3gico\u00bb,<\/strong> un equipo de expertos ha destapado la <strong>primera evidencia de una infecci\u00f3n bacteriana de origen cut\u00e1neo en un dinosaurio<\/strong>. Y el paciente cero de este descubrimiento m\u00e9dico-paleontol\u00f3gico paseaba por lo que actualmente es Morella, en Castell\u00f3n.<\/p>\n<p>El protagonista de esta historia es un Iguanodon bernissartensis, un emblem\u00e1tico dinosaurio herb\u00edvoro que pod\u00eda superar los 10 metros de longitud. Durante los trabajos de extracci\u00f3n en la mina de arcilla del<strong> yacimiento de Mas de la Parreta,<\/strong> los paleont\u00f3logos recuperaron una tibia derecha de m\u00e1s de un metro de largo. A simple vista,<strong> el hueso presentaba un abultamiento extra\u00f1o en su parte media.<\/strong><\/p>\n<p>&#13;<img loading=\"lazy\" decoding=\"async\"   src=\"https:\/\/www.europesays.com\/es\/wp-content\/uploads\/2026\/09\/vecinos-y-equipos-de-rescate-registran-los-escombros-de-un-edificio-derrumbado-tras-el-terremoto-que.webp\" alt=\"Vecinos y equipos de rescate registran los escombros de un edificio derrumbado tras el terremoto que sacudi\u00f3 Cali (Colombia) el lunes 10 de agosto de 2026.\" class=\"image lazyload\" width=\"800\" height=\"800\" data-aspectratio=\"800\/800\"\/>Un diagn\u00f3stico m\u00e9dico a 125 millones de a\u00f1os de distancia<\/p>\n<p>Para averiguar de qu\u00e9 se trataba, un equipo de cient\u00edficos del Grupo de Biolog\u00eda Evolutiva de la UNED<strong> llevaron al dinosaurio al hospital;<\/strong> concretamente, al Hospital General Universitario de Castell\u00f3n, y sometieron la tibia a una Tomograf\u00eda Axial Computarizada (TAC).<\/p>\n<p>Las im\u00e1genes tridimensionales de alta resoluci\u00f3n permitieron a los investigadores viajar al interior del hueso. Una vez inmersos en el diagn\u00f3stico, <strong>se descart\u00f3 r\u00e1pidamente un callo \u00f3seo por fractura<\/strong> (ya que no hab\u00eda signos de remodelaci\u00f3n interna t\u00edpica de una rotura) <strong>o un <a href=\"https:\/\/www.nationalgeographic.com.es\/edicion-impresa\/articulos\/por-fin-estamos-curando-metastasis_28694\" rel=\"nofollow noopener\" target=\"_blank\">tumor<\/a> \u00f3seo.<\/strong> Pero la respuesta s\u00ed estaba en los tejidos blandos: el hueso hab\u00eda reaccionado a una grave infecci\u00f3n externa.<\/p>\n<p><img loading=\"lazy\" decoding=\"async\"   src=\"https:\/\/www.europesays.com\/es\/wp-content\/uploads\/2026\/09\/rsos-261293-f001_c2fa63ba_260831114051_800x545.webp\" alt=\"rsos 261293 f001\" class=\"lazyload\" width=\"800\" height=\"545\" data-aspectratio=\"800\/545\"\/>&#13;Royal Society Open Science<\/p>\n<p>Tibia derecha de &#8216;Iguanodon bernissartensis&#8217;. Los dinosaurios tambi\u00e9n enfermaban y sufr\u00edan.\u00a0<\/p>\n<p>Una \u00falcera que habr\u00eda hecho cojear al dinosaurio<\/p>\n<p>El estudio, publicado en la revista\u00a0<a href=\"https:\/\/royalsocietypublishing.org\/rsos\/article\/13\/8\/rsos261293\/483022\/First-occurrence-of-polymicrobial-ulcer-in\" rel=\"nofollow noopener\" target=\"_blank\">Royal Society Open Science<\/a>, expone que ese engrosamiento de la corteza del hueso (una reacci\u00f3n peri\u00f3stica) fue <strong>la reacci\u00f3n del organismo a una infecci\u00f3n bacteriana masiva<\/strong>. Concretamente, el Iguanodon sufri\u00f3 una \u00falcera cut\u00e1nea avanzada, probablemente <strong>polimicrobiana<\/strong> (similar a las llamadas \u00ab\u00falceras tropicales\u00bb como las que han sido descritas en medicina humana).<\/p>\n<p>Y es la primera vez en la historia de la paleontolog\u00eda que se documenta este tipo de respuesta patol\u00f3gica en un dinosaurio no aviano. <strong>Una herida en la piel, <\/strong>quiz\u00e1s provocada por un roce, un par\u00e1sito o el ataque de un depredador, se infect\u00f3 gravemente, necrosando los tejidos blandos hasta alcanzar la tibia y habr\u00eda sido no solo doloroso, sino que habr\u00eda hecho que el dinosaurio andara cojeando.<\/p>\n<p>Sobrevivir al dolor en el Cret\u00e1cico<\/p>\n<p>El animal no muri\u00f3 a causa de la infecci\u00f3n de forma inmediata, ya que la formaci\u00f3n de nuevo tejido \u00f3seo evidencia que el Iguanodon <strong>sobrevivi\u00f3 el tiempo suficiente<\/strong> para que su sistema inmunol\u00f3gico desarrollara una respuesta inflamatoria prolongada y comenzara el lento proceso de cicatrizaci\u00f3n.<\/p>\n<p>Pero no debi\u00f3 ser f\u00e1cil. Los investigadores apuntan a que esta \u00falcera le habr\u00eda provocado un dolor persistente, una gran inflamaci\u00f3n y una severa limitaci\u00f3n funcional en la pata derecha. Es muy probable que este coloso de varias toneladas se viera obligado a cojear por los ecosistemas de Morella, <strong>alterando su forma de caminar para sobrevivir<\/strong> en un entorno donde la debilidad suele pagarse con la muerte.<\/p>\n<p>M\u00e1s descubrimientos en Morella<\/p>\n<p>Desde el siglo XIX, la Formaci\u00f3n Arcillas de Morella, ha regalado a la ciencia especies \u00fanicas como Morelladon beltrani o Garumbatitan morellensis (o incluso Vallibonavenatrix cani, de Vallibona). Tal y como ha se\u00f1alado el alcalde de la localidad, Bernab\u00e9 Sang\u00fcesa, Morella atesora <strong>m\u00e1s de 8.000 piezas f\u00f3siles<\/strong> a la espera de un gran museo que haga justicia a su patrimonio.<\/p>\n","protected":false},"excerpt":{"rendered":"Nuestra mejor oferta est\u00e1 apunto de acabarse. Acceso ilimitado a National Geographic por solo 0,75\u20ac\/mes + REGALO. \u00a1\u00daltimas&hellip;\n","protected":false},"author":2,"featured_media":741289,"comment_status":"","ping_status":"","sticky":false,"template":"","format":"standard","meta":{"footnotes":""},"categories":[81],"tags":[517,119,123,124,131567,15677,1293,25,24,5752,117,121,122,23,118,120],"class_list":["post-741288","post","type-post","status-publish","format-standard","has-post-thumbnail","category-ciencia-y-tecnologia","tag-actualidad","tag-ciencia","tag-ciencia-y-tecnologia","tag-cienciaytecnologia","tag-cretacico","tag-dinosaurios","tag-enfermedades","tag-es","tag-espana","tag-paleontologia","tag-science","tag-science-and-technology","tag-scienceandtechnology","tag-spain","tag-technology","tag-tecnologia"],"share_on_mastodon":{"url":"https:\/\/pubeurope.com\/@es\/117193335317295232","error":""},"_links":{"self":[{"href":"https:\/\/www.europesays.com\/es\/wp-json\/wp\/v2\/posts\/741288","targetHints":{"allow":["GET"]}}],"collection":[{"href":"https:\/\/www.europesays.com\/es\/wp-json\/wp\/v2\/posts"}],"about":[{"href":"https:\/\/www.europesays.com\/es\/wp-json\/wp\/v2\/types\/post"}],"author":[{"embeddable":true,"href":"https:\/\/www.europesays.com\/es\/wp-json\/wp\/v2\/users\/2"}],"replies":[{"embeddable":true,"href":"https:\/\/www.europesays.com\/es\/wp-json\/wp\/v2\/comments?post=741288"}],"version-history":[{"count":0,"href":"https:\/\/www.europesays.com\/es\/wp-json\/wp\/v2\/posts\/741288\/revisions"}],"wp:featuredmedia":[{"embeddable":true,"href":"https:\/\/www.europesays.com\/es\/wp-json\/wp\/v2\/media\/741289"}],"wp:attachment":[{"href":"https:\/\/www.europesays.com\/es\/wp-json\/wp\/v2\/media?parent=741288"}],"wp:term":[{"taxonomy":"category","embeddable":true,"href":"https:\/\/www.europesays.com\/es\/wp-json\/wp\/v2\/categories?post=741288"},{"taxonomy":"post_tag","embeddable":true,"href":"https:\/\/www.europesays.com\/es\/wp-json\/wp\/v2\/tags?post=741288"}],"curies":[{"name":"wp","href":"https:\/\/api.w.org\/{rel}","templated":true}]}}