{"id":741304,"date":"2026-09-01T02:21:22","date_gmt":"2026-09-01T02:21:22","guid":{"rendered":"https:\/\/www.europesays.com\/es\/741304\/"},"modified":"2026-09-01T02:21:22","modified_gmt":"2026-09-01T02:21:22","slug":"la-ganadora-de-operacion-triunfo-2025-disfruta-de-las-playas-de-mallorca-junto-a-sus-companeros-de-concurso","status":"publish","type":"post","link":"https:\/\/www.europesays.com\/es\/741304\/","title":{"rendered":"La ganadora de Operaci\u00f3n Triunfo 2025 disfruta de las playas de Mallorca junto a sus compa\u00f1eros de concurso"},"content":{"rendered":"<p>A penas un a\u00f1o despu\u00e9s de la finalizaci\u00f3n de la<strong> \u00faltima edici\u00f3n de <a href=\"https:\/\/www.ultimahora.es\/etiqueta\/Operaci%C3%B3n+Triunfo.html?utm_source=Inline-tag&amp;utm_medium=internal\" rel=\"nofollow noopener\" target=\"_blank\">Operaci\u00f3n Triunfo<\/a>,<\/strong> la ganadora del popular concurso musical, <strong>Cristina Lora,<\/strong> ha elegido Mallorca para un reencuentro con algunos de sus compa\u00f1eros. La escapada ha reunido a la artistas y a sus compa\u00f1eras <strong>Judit Garuz, Laura Mu\u00f1oz y Carlos Fustel<\/strong>. Durante su estancia, el grupo de j\u00f3venes ha visitado calas y playas emblem\u00e1ticas de la Isla. Tambi\u00e9n han paseado por la ciudad de Palma y han disfrutado de bonitos atardeceres en miradores. La faceta gastron\u00f3mica del viaje la ha completado su visita a una de las pizzer\u00edas del centro hist\u00f3rico de Palma.<\/p>\n<p>La escapada ha permitido a los j\u00f3venes talentos desconectar de sus agendas profesionales y revivir su amistad forjada durante su paso por la Academia. Uno de los puntos destacados de su itinerario costero fue la visita a<strong> Cala Llombards<\/strong>, en el sureste de Mallorca. Esta cala, reconocida por sus aguas cristalinas y su ambiente sereno, ofreci\u00f3 a los j\u00f3venes artistas un d\u00eda de sol y ba\u00f1o en un entorno natural de gran belleza.<\/p>\n<p><img decoding=\"async\" src=\"https:\/\/www.europesays.com\/es\/wp-content\/uploads\/2026\/09\/4755057.webp\" border=\"0\" alt=\"\" width=\"960\" height=\"1284\" loading=\"lazy\"\/><\/p>\n<p>La capital balear, Palma, tambi\u00e9n fue protagonista de su escapada. El grupo disfrut\u00f3 de una cena en Pizzer\u00eda Victoria, situada en el emblem\u00e1tico <strong>barrio de Santa Catalina.<\/strong> Este distrito, conocido por su vibrante vida nocturna y su oferta culinaria, es un punto de encuentro para residentes y visitantes. Tras la cena, los extriunfitos realizaron un paseo nocturno que los llev\u00f3 por la zona del <strong>Parc de la Mar y la Catedral de Palma<\/strong>. Este recorrido permiti\u00f3 a los artistas apreciar la arquitectura g\u00f3tica y la atm\u00f3sfera hist\u00f3rica de la ciudad bajo la luz de la luna, un contraste perfecto con la tranquilidad de las calas.<\/p>\n","protected":false},"excerpt":{"rendered":"A penas un a\u00f1o despu\u00e9s de la finalizaci\u00f3n de la \u00faltima edici\u00f3n de Operaci\u00f3n Triunfo, la ganadora del&hellip;\n","protected":false},"author":2,"featured_media":741305,"comment_status":"","ping_status":"","sticky":false,"template":"","format":"standard","meta":{"footnotes":""},"categories":[171],"tags":[131569,17945,146,147,25,24,222,492,23,2922,214,1529],"class_list":["post-741304","post","type-post","status-publish","format-standard","has-post-thumbnail","category-tv","tag-cala-llombars","tag-chenoa","tag-entertainment","tag-entretenimiento","tag-es","tag-espana","tag-operacion-triunfo","tag-sociedad","tag-spain","tag-tendencias","tag-tv","tag-ultima-hora"],"share_on_mastodon":{"url":"https:\/\/pubeurope.com\/@es\/117193401961336082","error":""},"_links":{"self":[{"href":"https:\/\/www.europesays.com\/es\/wp-json\/wp\/v2\/posts\/741304","targetHints":{"allow":["GET"]}}],"collection":[{"href":"https:\/\/www.europesays.com\/es\/wp-json\/wp\/v2\/posts"}],"about":[{"href":"https:\/\/www.europesays.com\/es\/wp-json\/wp\/v2\/types\/post"}],"author":[{"embeddable":true,"href":"https:\/\/www.europesays.com\/es\/wp-json\/wp\/v2\/users\/2"}],"replies":[{"embeddable":true,"href":"https:\/\/www.europesays.com\/es\/wp-json\/wp\/v2\/comments?post=741304"}],"version-history":[{"count":0,"href":"https:\/\/www.europesays.com\/es\/wp-json\/wp\/v2\/posts\/741304\/revisions"}],"wp:featuredmedia":[{"embeddable":true,"href":"https:\/\/www.europesays.com\/es\/wp-json\/wp\/v2\/media\/741305"}],"wp:attachment":[{"href":"https:\/\/www.europesays.com\/es\/wp-json\/wp\/v2\/media?parent=741304"}],"wp:term":[{"taxonomy":"category","embeddable":true,"href":"https:\/\/www.europesays.com\/es\/wp-json\/wp\/v2\/categories?post=741304"},{"taxonomy":"post_tag","embeddable":true,"href":"https:\/\/www.europesays.com\/es\/wp-json\/wp\/v2\/tags?post=741304"}],"curies":[{"name":"wp","href":"https:\/\/api.w.org\/{rel}","templated":true}]}}