{"id":741314,"date":"2026-09-01T02:28:11","date_gmt":"2026-09-01T02:28:11","guid":{"rendered":"https:\/\/www.europesays.com\/es\/741314\/"},"modified":"2026-09-01T02:28:11","modified_gmt":"2026-09-01T02:28:11","slug":"desde-hoy-alivio-fiscal-de-20-centimos-en-el-diesel-con-carburantes-en-maximos-y-crudo-al-alza-expansion","status":"publish","type":"post","link":"https:\/\/www.europesays.com\/es\/741314\/","title":{"rendered":"Desde hoy, alivio fiscal de 20 c\u00e9ntimos en el di\u00e9sel con carburantes en m\u00e1ximos y crudo al alza &#8211; Expansi\u00f3n"},"content":{"rendered":"<ol>\n<li><a href=\"https:\/\/news.google.com\/rss\/articles\/CBMigAFBVV95cUxNaGRvS2FYTXVEVTdlOWlKRXdWdGdjbUo1S2pWWW9YVE96enl5ZzhRU1lvam0wX0VKMlplLWFSZFAwQlpfb1RuVmFLbG0zVEo4UWd3eDE2QTczM0tjMjZmSGh1alM1SlNRVFZzYkJFQTQwTWVTd2g4ajE0LVFXUlJNVNIBgAFBVV95cUxNaWJmV3lCNHlkVGhWaWxnQUVtLTFhYy00cXNOam1HRHg0SHlnaHJvelByYmg3QWR6RG5fUHhyUUY5R0tNd3VVdlQtaGZTSkxCdFZrSjk5T2swbllIQTV0Z2c5R1NRNUZQMHBNcWJkYWphSU96azlKX2lQTENNTEJ5dg?oc=5\" target=\"_blank\" rel=\"nofollow noopener\">Desde hoy, alivio fiscal de 20 c\u00e9ntimos en el di\u00e9sel con carburantes en m\u00e1ximos y crudo al alza<\/a>&nbsp;&nbsp;Expansi\u00f3n<\/li>\n<li><a href=\"https:\/\/news.google.com\/rss\/articles\/CBMikwFBVV95cUxQUXRQZGhpdnJlT0pVdVBEZGtSRTkwcTJ2MkRnelg2NEp2UzdpakVYZXBWdkpMNExWSzFwcGNxeS0wcUZtUFRZZ211aHpNQ2VxNk40SjJsWm0zNUhQelNEVGJUcUItbjRvcjM3elJ6bF9ETWYzY2pSbDRwck1WSXBjTGRLU0NvN1FTUlUtZzhLRzhYUlE?oc=5\" target=\"_blank\" rel=\"nofollow noopener\">El descuento del di\u00e9sel sube a 20 c\u00e9ntimos y el de la gasolina baja a 5 a partir de este martes: estos son los cambios que llegan en los combustibles en septiembre<\/a>&nbsp;&nbsp;elmundo.es<\/li>\n<li><a href=\"https:\/\/news.google.com\/rss\/articles\/CBMi9wFBVV95cUxQQVFLOEV2NFlMTFJSNVRMQXI0SVNDQVRHSUN0OGZlcHdSMTNBV21ubk1YSXJKRm5PNzBCaGp3WVA2TlVIbXFEQS1sRHhXTWx5YVRFVG1vTjRuZTlySWV1UWUwMERiQ181U01pQ042V0xvdXgyMWVoWE84ZjRCQmFiSlczN0E2TGVWYm9IcGwxTndzVGhITUo2RXV1NWtpSU00c3E4QjRFdzZSMlZEbDNPY2ZxNlBIZlhiSExkdXZ1LUFMdXIxYkRfa19IUTYxSWdDaTVPbDRzVkF0d1p3QWNJZzRLQU55ZzZSNFVIMFFFOWJGV2FyVVgw0gGLAkFVX3lxTFBUZ3Vhb0JfcnF3MHF0MzNTMnB6UzdLZmhObGpub2IwTUJUd3RhX2tXNHdYTTl3QkdVRUlJRWVXUzZialZkQm96RVdkR3V2YVJSNElTdWpGQXl3bDBHbWwwWVIyM0dmZDJpTnlZMW56YmJCSldua0dldjljY3hOS0JzNGpLMS1LTkpSNjBKV3FtUklEUWVlV0xzX0VTcHpjRzdWalRKSHlKXzFSbkZxRmc5RVJ3Xy04REVxem5NV3U1ZktNR1pVMjdxUzZPNzR3MmxuWnNlNVEzOHpZMDJHSGEzR2lVb3VkUlV0el9rS3hyMmJadE5rdFlSVUVHMEhDU1VFSjdYbG9pdkh4RQ?oc=5\" target=\"_blank\" rel=\"nofollow noopener\">Nuevos descuentos en el precio de la gasolina a partir del 1 de septiembre: hasta cu\u00e1ndo duran y de cu\u00e1nto es<\/a>&nbsp;&nbsp;as.com<\/li>\n<li><a href=\"https:\/\/news.google.com\/rss\/articles\/CBMiwgFBVV95cUxOYV9vM2UtR1dQRlBNVDNZbGRkVkNvYTljUXEta3huWTA0NWFrVXJCUjBWNVZSYzBJelZzYzJ0OWJ6czNaanFZMnItdzByejgzQ3UwM0szUzBHYjl6dDRnZWVCSkZqdU9ILXhVNUZsY2xrR09WZnZIdS1ZMWkxaURMZ3pPWklqRzJ1aWZKcDhSSzRiUklPYTNQNkVQb1hUSzYwVl9GbVJaMVFSSWNTSXpVZ1MyUldicXRjRThOQnFpSWFXUdIBwgFBVV95cUxQclBFNE5reGlMXzh3VEFvRzV6WU9HWl9HdlRDcXJIZElfSUFGbVJpdEl0Q0lYN2dXSVMtbFZxbUhJMGdELTVsZlFLT3BGdWdUUWdmeGpPQkFJR21kWkdUYjFnZk8wRXNkLWFiYUpGR280c1I3VC1rRVhBOGVjU1Z6aUZmUURXYy01SzBxbnVma1Bxdlhqb3JnSDBLZjBSVk1FTW53NDAzVXprNldHTU5KckJubVJmbkVNTWNiYVFaNS1TUQ?oc=5\" target=\"_blank\" rel=\"nofollow noopener\">El Gobierno eleva a 20 c\u00e9ntimos la rebaja al gas\u00f3leo y mantiene en cinco c\u00e9ntimos la de la gasolina<\/a>&nbsp;&nbsp;El Peri\u00f3dico<\/li>\n<li><a href=\"https:\/\/news.google.com\/rss\/articles\/CBMitgFBVV95cUxNV2JKU0x3Mmh0REFwdW9XcEZfZHI2SnF4RUNKT0cxRGkxQVRoUWUwR1VJSVItRUNpc2ZuS0d2VzlYYVdCc0tBeDdSRU9DVjBteEpMREl2UGlsZFNTeXhQbl9VNDdiYW1hUEtiN0lDREZfRjIxeXktNTJJRURpOHdfa3pvYWRCUTF1LTVaWDVSMjBFVjFEN294NFYyRTB6MXRZWDVBckZ3aC1ibjlOM3l4cDVYdGhwZw?oc=5\" target=\"_blank\" rel=\"nofollow noopener\">La gasolina sube seis c\u00e9ntimos por litro y el di\u00e9sel baja 10 con los cambios en los impuestos desde hoy<\/a>&nbsp;&nbsp;ABC<\/li>\n<\/ol>\n","protected":false},"excerpt":{"rendered":"Desde hoy, alivio fiscal de 20 c\u00e9ntimos en el di\u00e9sel con carburantes en m\u00e1ximos y crudo al alza&nbsp;&nbsp;Expansi\u00f3n&hellip;\n","protected":false},"author":2,"featured_media":741315,"comment_status":"","ping_status":"","sticky":false,"template":"","format":"standard","meta":{"footnotes":""},"categories":[80],"tags":[82,11038,95,94,25,24,11037,1195,23],"class_list":["post-741314","post","type-post","status-publish","format-standard","has-post-thumbnail","category-economia","tag-business","tag-diesel","tag-economia","tag-economy","tag-es","tag-espana","tag-gasolina","tag-petroleo","tag-spain"],"share_on_mastodon":{"url":"https:\/\/pubeurope.com\/@es\/117193428764834701","error":""},"_links":{"self":[{"href":"https:\/\/www.europesays.com\/es\/wp-json\/wp\/v2\/posts\/741314","targetHints":{"allow":["GET"]}}],"collection":[{"href":"https:\/\/www.europesays.com\/es\/wp-json\/wp\/v2\/posts"}],"about":[{"href":"https:\/\/www.europesays.com\/es\/wp-json\/wp\/v2\/types\/post"}],"author":[{"embeddable":true,"href":"https:\/\/www.europesays.com\/es\/wp-json\/wp\/v2\/users\/2"}],"replies":[{"embeddable":true,"href":"https:\/\/www.europesays.com\/es\/wp-json\/wp\/v2\/comments?post=741314"}],"version-history":[{"count":0,"href":"https:\/\/www.europesays.com\/es\/wp-json\/wp\/v2\/posts\/741314\/revisions"}],"wp:featuredmedia":[{"embeddable":true,"href":"https:\/\/www.europesays.com\/es\/wp-json\/wp\/v2\/media\/741315"}],"wp:attachment":[{"href":"https:\/\/www.europesays.com\/es\/wp-json\/wp\/v2\/media?parent=741314"}],"wp:term":[{"taxonomy":"category","embeddable":true,"href":"https:\/\/www.europesays.com\/es\/wp-json\/wp\/v2\/categories?post=741314"},{"taxonomy":"post_tag","embeddable":true,"href":"https:\/\/www.europesays.com\/es\/wp-json\/wp\/v2\/tags?post=741314"}],"curies":[{"name":"wp","href":"https:\/\/api.w.org\/{rel}","templated":true}]}}