{"id":741318,"date":"2026-09-01T02:30:14","date_gmt":"2026-09-01T02:30:14","guid":{"rendered":"https:\/\/www.europesays.com\/es\/741318\/"},"modified":"2026-09-01T02:30:14","modified_gmt":"2026-09-01T02:30:14","slug":"el-gobierno-aprobara-este-martes-el-estatuto-marco-sin-resolver-el-conflicto-con-los-medicos","status":"publish","type":"post","link":"https:\/\/www.europesays.com\/es\/741318\/","title":{"rendered":"El Gobierno aprobar\u00e1 este martes el Estatuto Marco sin resolver el conflicto con los m\u00e9dicos"},"content":{"rendered":"<p class=\"article-text\">\n        El Estatuto Marco contin\u00faa su traves\u00eda, pese a las adversidades. El Gobierno tiene previsto aprobar este martes en Consejo de Ministros el texto que <a href=\"https:\/\/www.eldiario.es\/sociedad\/sanidad-firma-acuerdo-estatuto-marco-medicos-mantienen-convocatoria-huelga_1_12935649.html\" target=\"_blank\" data-mrf-recirculation=\"links-noticia\" class=\"link\" rel=\"nofollow noopener\">Sanidad pact\u00f3 con los sindicatos<\/a> del \u00e1mbito \u2014UGT, CCOO, CSIF y Satse\u2014 en diciembre y que ha provocado un conflicto entre el Ministerio que dirige M\u00f3nica Garc\u00eda y las organizaciones sindicales m\u00e9dicas, que han amenazado con una <a href=\"https:\/\/www.eldiario.es\/sociedad\/medicos-amenazan-huelga-indefinida-verano-ausencia-total-propuestas-sanidad_1_13302847.html\" target=\"_blank\" data-mrf-recirculation=\"links-noticia\" class=\"link\" rel=\"nofollow noopener\">huelga indefinida<\/a> este mes de septiembre.\n    <\/p>\n<p>    <a href=\"https:\/\/www.eldiario.es\/andalucia\/medicos-pactan-no-huelgas-andalucia-lograr-mejoras-salariales-cambios-guardias_1_13414767.html\" data-mrf-recirculation=\"saber-mas\" data-dl-event=\"saber-mas\" rel=\"nofollow noopener\" target=\"_blank\"><\/p>\n<p class=\"know-more__title\">Los m\u00e9dicos pactan no hacer huelgas en Andaluc\u00eda tras lograr mejoras salariales y cambios en las guardias<\/p>\n<p>            <img decoding=\"async\" class=\"lazy\" loading=\"lazy\" data-src=\"https:\/\/static.eldiario.es\/clip\/4832d0a6-5612-4e00-ab37-1bdcddafd760_16-9-aspect-ratio_default_0_x1033y439.jpg\" src=\"data:image\/svg+xml,%3Csvg xmlns=\" http:=\"\" viewbox=\"0 0 880 495\" alt=\"Los m\u00e9dicos pactan no hacer huelgas en Andaluc\u00eda tras lograr mejoras salariales y cambios en las guardias\"\/><\/p>\n<p>                        <\/a><\/p>\n<p class=\"article-text\">\n        La advertencia de los sindicatos del ramo lleg\u00f3 en junio. Tras meses de paros semanales, y en un clima de m\u00e1xima tensi\u00f3n, el Comit\u00e9 de Huelga avanz\u00f3 que habr\u00eda una huelga indefinida en septiembre si no se cumpl\u00edan sus demandas, ante el <a href=\"https:\/\/www.eldiario.es\/sociedad\/sindicatos-medicos-amenazan-conflicto-total-sanidad-les-acusa-no-honestos-profesionales_1_13305808.html\" target=\"_blank\" data-mrf-recirculation=\"links-noticia\" class=\"link\" rel=\"nofollow noopener\">\u201cnulo avance en el conflicto\u201d<\/a> y el \u201cempe\u00f1o de Sanidad de seguir adelante con la tramitaci\u00f3n del texto\u201d.\n    <\/p>\n<p class=\"article-text\">\n        La ministra, que lleg\u00f3 a acusar a los sindicatos m\u00e9dicos de <a href=\"https:\/\/www.eldiario.es\/sociedad\/monica-garcia-acusa-sindicatos-medicos-deslealtad-negocia-cosa-rompe-salir-puerta_1_13167421.html\" target=\"_blank\" data-mrf-recirculation=\"links-noticia\" class=\"link\" rel=\"nofollow noopener\">deslealtad en la negociaci\u00f3n<\/a>, ha defendido en todo momento la tramitaci\u00f3n del texto. Con su aprobaci\u00f3n este martes en Consejo de Ministros, el siguiente paso es el salto al Congreso, \u201cdonde podr\u00e1 enmendarse y votarse, como cualquier ley\u201d, se\u00f1alaban antes del verano fuentes ministeriales.\n    <\/p>\n<p class=\"article-text\">\n        Los sindicatos m\u00e9dicos, que pidieron la dimisi\u00f3n de Garc\u00eda y reclamaron al presidente del Gobierno, Pedro S\u00e1nchez, que interviniese para desbloquear el conflicto, exigen a Sanidad un Estatuto y un \u00e1mbito de negociaci\u00f3n propios, una clasificaci\u00f3n profesional diferenciada y una jornada laboral \u201cjusta\u201d, que incluya la implantaci\u00f3n de las 35 horas semanales.\n    <\/p>\n<p class=\"article-text\">\n        Pese al conflicto abierto, en los \u00faltimos dos meses no se ha producido ning\u00fan acercamiento entre el Ministerio y los sindicatos m\u00e9dicos. \u201cNing\u00fan contacto\u201d, confirman fuentes sindicales. Mientras, desde el departamento que dirige Garc\u00eda insisten en se\u00f1alar a las comunidades aut\u00f3nomas, que son quienes tienen las competencias en este \u00e1mbito.\n    <\/p>\n<p class=\"article-text\">\n        \u201cNosotros solo delimitamos el campo y las normas m\u00ednimas b\u00e1sicas y hemos puesto la pelota a jugar en la mejora de las condiciones laborales de los profesionales\u201d, se\u00f1alaba Garc\u00eda este fin de semana en una <a href=\"https:\/\/www.eldiario.es\/sociedad\/monica-garcia-no-esten-personas-techo-no-podra-recuperar-normalidad-ceuta_128_13473565.html\" target=\"_blank\" data-mrf-recirculation=\"links-noticia\" class=\"link\" rel=\"nofollow noopener\">entrevista en elDiario.es<\/a>. Entre las nuevas reglas de juego que marca el Estatuto Marco est\u00e1n el fin de las guardias obligatorias de 24 horas \u2014que pasar\u00e1n a ser de 17\u2014, la convocatoria de oposiciones cada dos a\u00f1os y la reducci\u00f3n de la jornada laboral m\u00e1xima a 45 horas semanales.\n    <\/p>\n<p class=\"article-text\">\n        \u201cEn los \u00faltimos meses, los sindicatos m\u00e9dicos han estado negociando con las comunidades, porque se han dado cuenta de que el Estatuto Marco tiene los l\u00edmites legales y competenciales que tiene. La soluci\u00f3n a sus condiciones laborales est\u00e1 en el tejado de las comunidades aut\u00f3nomas, la mayor\u00eda del Partido Popular\u201d, afirmaba Garc\u00eda.\n    <\/p>\n<p>    Acuerdos con las comunidades<\/p>\n<p class=\"article-text\">\n        En los \u00faltimos meses, los sindicatos m\u00e9dicos han ido arrancando acuerdos en diferentes comunidades aut\u00f3nomas, como Euskadi, Valencia, Galicia y Asturias. En <a href=\"https:\/\/www.eldiario.es\/andalucia\/medicos-pactan-no-huelgas-andalucia-lograr-mejoras-salariales-cambios-guardias_1_13414767.html\" target=\"_blank\" data-mrf-recirculation=\"links-noticia\" class=\"link\" rel=\"nofollow noopener\">Andaluc\u00eda<\/a>, la m\u00e1s reciente en avenirse a un pacto, se ha acordado la creaci\u00f3n de mesas de trabajo, que se reunir\u00e1n con car\u00e1cter previo a la mesa sectorial y mejoras en materia de conciliaci\u00f3n, entre otras.\n    <\/p>\n<p class=\"article-text\">\n        No solo eso. Seg\u00fan el Sindicato M\u00e9dico Andaluz (SMA), este acuerdo con la Junta de Andaluc\u00eda, \u201cofrece respuesta a una de las principales demandas de la movilizaci\u00f3n contra el Ministerio: la equiparaci\u00f3n de la retribuci\u00f3n de las guardias a la hora ordinaria y la revisi\u00f3n del modelo basado en su obligatoriedad\u201d. \u201cLo que ped\u00edan era de las comunidades y el ejemplo cunde\u201d, trasladan fuentes de Sanidad, que conf\u00edan en que estos pactos rebajen la tensi\u00f3n en este inicio de curso.\n    <\/p>\n<p class=\"article-text\">\n        Seg\u00fan indicaba a finales de julio el presidente del Sindicato M\u00e9dico Andaluz (SMA), Rafael Ojeda, este acuerdo con la Junta, que abre un \u201cespacio de di\u00e1logo\u201d, hace \u201cdif\u00edcilmente compatible\u201d promover una huelga indefinida en Andaluc\u00eda, pese al \u201cconflicto abierto\u201d con el Ministerio.\n    <\/p>\n<p class=\"article-text\">\n        La Confederaci\u00f3n Estatal de Sindicatos M\u00e9dicos (CESM) evaluar\u00e1 la propuesta de huelga en la Ejecutiva prevista para el pr\u00f3ximo viernes. \u201cEspero que se pueda adoptar alguna medida\u201d, se\u00f1alan fuentes consultadas, que circunscriben los acuerdos con las comunidades a \u201ccuestiones propias\u201d, al margen de las reivindicaciones a Sanidad.\n    <\/p>\n<p class=\"article-text\">\n        Si todo sale seg\u00fan lo previsto, el siguiente paso del Estatuto Marco ser\u00e1 su tr\u00e1mite parlamentario, donde la aritm\u00e9tica hace al Ejecutivo negociar cada ley. Y esta, concretamente, no ha estado exenta de pol\u00e9mica, con un frente \u00fanico de todas las comunidades aut\u00f3nomas \u2014tambi\u00e9n las del PSOE\u2014 pidi\u00e9ndole a la ministra que tire abajo el acuerdo con los sindicatos del \u00e1mbito y <a href=\"https:\/\/www.eldiario.es\/sociedad\/comunidades-exigen-monica-garcia-reinicie-negociacion-estatuto-marco-conflicto-medicos_1_13399334.html\" target=\"_blank\" data-mrf-recirculation=\"links-noticia\" class=\"link\" rel=\"nofollow noopener\">\u201creinicie la negociaci\u00f3n\u201d<\/a>.\n    <\/p>\n<p>    <a href=\"https:\/\/www.eldiario.es\/sociedad\/monica-garcia-no-esten-personas-techo-no-podra-recuperar-normalidad-ceuta_128_13473565.html\" data-mrf-recirculation=\"saber-mas-abajo\" data-dl-event=\"saber-mas-abajo\" rel=\"nofollow noopener\" target=\"_blank\"><\/p>\n<p class=\"know-more__title\">M\u00f3nica Garc\u00eda: \u201cHasta que no est\u00e9n todas las personas bajo techo, no se podr\u00e1 recuperar la normalidad en Ceuta\u201d\n<\/p>\n<p>            <img decoding=\"async\" class=\"lazy\" loading=\"lazy\" data-src=\"https:\/\/static.eldiario.es\/clip\/2aed99ab-38e3-48f8-9a76-c360e789596f_16-9-aspect-ratio_default_0_x1041y384.jpg\" src=\"data:image\/svg+xml,%3Csvg xmlns=\" http:=\"\" viewbox=\"0 0 880 495\" alt=\"M\u00f3nica Garc\u00eda: &quot;Hasta que no est\u00e9n todas las personas bajo techo, no se podr\u00e1 recuperar la normalidad en Ceuta&quot;\"\/><\/p>\n<p>                        <\/a><\/p>\n<p class=\"article-text\">\n        \u201cLas comunidades est\u00e1n en contra del Estatuto Marco, por lo contrario, que los sindicatos\u201d, acusaba el s\u00e1bado Garc\u00eda, que defend\u00eda la marcha de la norma: \u201cSi hubiera pasado por el Ministerio sin intentar cambiar el marco normativo que regula las condiciones laborales de mis compa\u00f1eros y las m\u00edas propias, ser\u00eda un fracaso y una traici\u00f3n. Otra cosa es lo que haya intentado vender la derecha, pero es indudable que es la primera vez que un gobierno de Espa\u00f1a se pone a trabajar en mejorar las condiciones laborales de los profesionales, sabiendo que las competencias no son nuestras\u201d.\n    <\/p>\n","protected":false},"excerpt":{"rendered":"El Estatuto Marco contin\u00faa su traves\u00eda, pese a las adversidades. El Gobierno tiene previsto aprobar este martes en&hellip;\n","protected":false},"author":2,"featured_media":741319,"comment_status":"","ping_status":"","sticky":false,"template":"","format":"standard","meta":{"footnotes":""},"categories":[8],"tags":[7796,17,18,11500,25,24,58329,13,14,582,11,19,20,737,7797,6016,9,10,15,16,32248,23,12,21,22],"class_list":["post-741318","post","type-post","status-publish","format-standard","has-post-thumbnail","category-espana","tag-aprobara","tag-breaking-news","tag-breakingnews","tag-conflicto","tag-es","tag-espana","tag-estatuto","tag-featured-news","tag-featurednews","tag-gobierno","tag-headlines","tag-latest-news","tag-latestnews","tag-marco","tag-martes","tag-medicos","tag-news","tag-noticias","tag-noticias-destacadas","tag-noticiasdestacadas","tag-resolver","tag-spain","tag-titulares","tag-ultimas-noticias","tag-ultimasnoticias"],"share_on_mastodon":{"url":"https:\/\/pubeurope.com\/@es\/117193436545097586","error":""},"_links":{"self":[{"href":"https:\/\/www.europesays.com\/es\/wp-json\/wp\/v2\/posts\/741318","targetHints":{"allow":["GET"]}}],"collection":[{"href":"https:\/\/www.europesays.com\/es\/wp-json\/wp\/v2\/posts"}],"about":[{"href":"https:\/\/www.europesays.com\/es\/wp-json\/wp\/v2\/types\/post"}],"author":[{"embeddable":true,"href":"https:\/\/www.europesays.com\/es\/wp-json\/wp\/v2\/users\/2"}],"replies":[{"embeddable":true,"href":"https:\/\/www.europesays.com\/es\/wp-json\/wp\/v2\/comments?post=741318"}],"version-history":[{"count":0,"href":"https:\/\/www.europesays.com\/es\/wp-json\/wp\/v2\/posts\/741318\/revisions"}],"wp:featuredmedia":[{"embeddable":true,"href":"https:\/\/www.europesays.com\/es\/wp-json\/wp\/v2\/media\/741319"}],"wp:attachment":[{"href":"https:\/\/www.europesays.com\/es\/wp-json\/wp\/v2\/media?parent=741318"}],"wp:term":[{"taxonomy":"category","embeddable":true,"href":"https:\/\/www.europesays.com\/es\/wp-json\/wp\/v2\/categories?post=741318"},{"taxonomy":"post_tag","embeddable":true,"href":"https:\/\/www.europesays.com\/es\/wp-json\/wp\/v2\/tags?post=741318"}],"curies":[{"name":"wp","href":"https:\/\/api.w.org\/{rel}","templated":true}]}}