{"id":741320,"date":"2026-09-01T02:31:12","date_gmt":"2026-09-01T02:31:12","guid":{"rendered":"https:\/\/www.europesays.com\/es\/741320\/"},"modified":"2026-09-01T02:31:12","modified_gmt":"2026-09-01T02:31:12","slug":"el-barca-de-las-mil-opciones-pone-en-aprietos-a-flick-es-un-reto-mantener-en-tension-a-los-que-creen-que-deberian-jugar-mas-futbol","status":"publish","type":"post","link":"https:\/\/www.europesays.com\/es\/741320\/","title":{"rendered":"El Bar\u00e7a de las &#8216;mil opciones&#8217; pone en aprietos a Flick: \u00abEs un reto mantener en tensi\u00f3n a los que creen que deber\u00edan jugar m\u00e1s\u00bb | F\u00fatbol"},"content":{"rendered":"<p><a href=\"https:\/\/cadenaser.com\/nacional\/2026\/08\/31\/fc-barcelona-5-2-rayo-vallecano-resumen-resultado-y-goles-del-partido-de-la-jornada-3-de-laliga-ea-sports-cadena-ser\/\" target=\"_blank\" rel=\"noreferrer nofollow noopener\" title=\"https:\/\/cadenaser.com\/nacional\/2026\/08\/31\/fc-barcelona-5-2-rayo-vallecano-resumen-resultado-y-goles-del-partido-de-la-jornada-3-de-laliga-ea-sports-cadena-ser\/\">El FC Barcelona suma su tercera victoria consecutiva en LaLiga goleando al Rayo Vallecano con dobletes de Lamine Yamal y Raphinha<\/a>. El brasile\u00f1o ya es nuevo &#8216;pichichi&#8217; de LaLiga, con cinco dianas, y la perla espa\u00f1ola se estrena en esta temporada con un aut\u00e9ntico golazo por la escuadra. Una noche de buenas noticias para los cul\u00e9s, con un Anthony Gordon que sigue repartiendo asistencias, un Xavi Espart cada vez m\u00e1s consolidado en el lateral izquierdo y m\u00e1s minutos para Rodri en la medular.<\/p>\n<p>M\u00e1s informaci\u00f3n<\/p>\n<p>En &#8216;El Larguero&#8217;, analizamos las claves de esta victoria cul\u00e9 con nuestros comentaristas y analistas. Para Marcos L\u00f3pez, \u00abes curioso y hasta perverso el f\u00fatbol, porque en el primer a\u00f1o de Flick, en tres jornadas, el Bar\u00e7a hab\u00eda firmado seis goles, en la segunda siete y, ahora, sin Lewandowski ni Ferran, lleva 12\u00bb. Para \u00e9l, esto \u00abhabla muy bien\u00bb de la capacidad de generar ocasiones y de llegar al gol desde \u00abmuchas v\u00edas diferentes\u00bb. \u00abNo creo que haya muchos equipos con esta capacidad goleadora\u00bb, a\u00f1ade.<\/p>\n<p>Jordi Mart\u00ed, por su parte, se centra en las \u00abbuenas noticias\u00bb de un Bar\u00e7a que sigue sumando buenas sensaciones: \u00abEl pelotazo de Raphinha es descomunal&#8230; Nadie se pregunta ya si Raphinha deber\u00eda seguir en la banda izquierda, porque est\u00e1 deslumbrando como &#8216;9&#8217;. Tambi\u00e9n Lamine, que ha dejado el gesto torcido, ha recuperado la sonrisa y ha reencontrado el f\u00fatbol y el gol. Pero hay m\u00e1s, porque son ya 13 futbolistas del filial los que han debutado ya con Hansi Flick y entre ellos est\u00e1 Xavi Espart\u00bb. <\/p>\n<p>Tanto Espart como Gordon se llevan los aplausos de la mesa del &#8216;Larguero&#8217;. El canterano, por su capacidad para \u00abjugar de lateral o de interior sin ser nada de eso\u00bb, convirti\u00e9ndose as\u00ed en un \u00abfalso lateral\u00bb perfecto para nutrir la salida de bal\u00f3n del Bar\u00e7a desde atr\u00e1s. El ingl\u00e9s, por ese rol de segunda l\u00ednea desde el que, sin hacer mucho ruido, no para de repartir asistencias en este inicio de temporada: \u00abVa a dar que hablar esta temporada\u00bb. <\/p>\n<p>Con tantos nombres sobre la mesa, Llu\u00eds Flaquer, narrador del Bar\u00e7a, habla de uno de los grandes retos de Flick: \u00abHay muchos jugadores que est\u00e1n opositando a la titularidad y no caben todos. Eso va a ser un tesoro para el entrenador, porque tiene mucho para elegir, pero tambi\u00e9n es un reto mantener en tensi\u00f3n e implicados a aquellos que piensan que deber\u00edan jugar m\u00e1s\u00bb. A\u00fan as\u00ed, valora que el mercado de Deco es \u00abcasi perfecto\u00bb, dejando como \u00fanica mancha el fichaje no logrado de Juli\u00e1n \u00c1lvarez.<\/p>\n<p>Termina Marcos L\u00f3pez alabando que la capacidad goleadora de este nuevo Bar\u00e7a, a falta de un &#8216;9&#8217;, viene de la qu\u00edmica y el esfuerzo de sus atacantes. \u00abSon muchas herramientas, muchos recursos y mucha capacidad para genera ocasiones. No solo eso, sino delanteros muy distintos que tienen todos algo en com\u00fan&#8230; Que todos presionan y que hacen de la presi\u00f3n su estilo de juego\u00bb, explica. A\u00fan as\u00ed, se\u00f1ala un reto: \u00abSaber si este Bar\u00e7a va a ser mezclar la verticalidad y el colmillo de Flick con el control y la pausa de Rodri. Si lo hace, ser\u00e1 un equipo cargado de registros\u00bb. <\/p>\n","protected":false},"excerpt":{"rendered":"El FC Barcelona suma su tercera victoria consecutiva en LaLiga goleando al Rayo Vallecano con dobletes de Lamine&hellip;\n","protected":false},"author":2,"featured_media":741321,"comment_status":"","ping_status":"","sticky":false,"template":"","format":"standard","meta":{"footnotes":""},"categories":[5],"tags":[1765,17,18,25,24,13,14,11,19,20,9,10,15,16,23,12,1766,21,22],"class_list":["post-741320","post","type-post","status-publish","format-standard","has-post-thumbnail","category-titulares","tag-bestof","tag-breaking-news","tag-breakingnews","tag-es","tag-espana","tag-featured-news","tag-featurednews","tag-headlines","tag-latest-news","tag-latestnews","tag-news","tag-noticias","tag-noticias-destacadas","tag-noticiasdestacadas","tag-spain","tag-titulares","tag-topix","tag-ultimas-noticias","tag-ultimasnoticias"],"share_on_mastodon":{"url":"https:\/\/pubeurope.com\/@es\/117193440372666432","error":""},"_links":{"self":[{"href":"https:\/\/www.europesays.com\/es\/wp-json\/wp\/v2\/posts\/741320","targetHints":{"allow":["GET"]}}],"collection":[{"href":"https:\/\/www.europesays.com\/es\/wp-json\/wp\/v2\/posts"}],"about":[{"href":"https:\/\/www.europesays.com\/es\/wp-json\/wp\/v2\/types\/post"}],"author":[{"embeddable":true,"href":"https:\/\/www.europesays.com\/es\/wp-json\/wp\/v2\/users\/2"}],"replies":[{"embeddable":true,"href":"https:\/\/www.europesays.com\/es\/wp-json\/wp\/v2\/comments?post=741320"}],"version-history":[{"count":0,"href":"https:\/\/www.europesays.com\/es\/wp-json\/wp\/v2\/posts\/741320\/revisions"}],"wp:featuredmedia":[{"embeddable":true,"href":"https:\/\/www.europesays.com\/es\/wp-json\/wp\/v2\/media\/741321"}],"wp:attachment":[{"href":"https:\/\/www.europesays.com\/es\/wp-json\/wp\/v2\/media?parent=741320"}],"wp:term":[{"taxonomy":"category","embeddable":true,"href":"https:\/\/www.europesays.com\/es\/wp-json\/wp\/v2\/categories?post=741320"},{"taxonomy":"post_tag","embeddable":true,"href":"https:\/\/www.europesays.com\/es\/wp-json\/wp\/v2\/tags?post=741320"}],"curies":[{"name":"wp","href":"https:\/\/api.w.org\/{rel}","templated":true}]}}