{"id":741328,"date":"2026-09-01T02:42:11","date_gmt":"2026-09-01T02:42:11","guid":{"rendered":"https:\/\/www.europesays.com\/es\/741328\/"},"modified":"2026-09-01T02:42:11","modified_gmt":"2026-09-01T02:42:11","slug":"los-limites-para-intervenir-una-obra-de-rogelio-salmona-protegida-como-patrimonio-elespectador-com","status":"publish","type":"post","link":"https:\/\/www.europesays.com\/es\/741328\/","title":{"rendered":"Los l\u00edmites para intervenir una obra de Rogelio Salmona protegida como patrimonio &#8211; elespectador.com"},"content":{"rendered":"<ol>\n<li><a href=\"https:\/\/news.google.com\/rss\/articles\/CBMi4wFBVV95cUxNZ0gzZUxfYlRmbEQxdE5CYTZNblNKRlp3N0ktNGhFZTF4S1FxOTFvRFdjZENUbkJ1eEVTSUttTTBjUXMtWFFBMXNfZ05EZVNpWThkd0pOdXBXUi0wRWRBbjhnTnlnQ1JKUTM1bUxIOExuM0Z0S0cxQ3ZUcUV1QS1PdUN1MEtqRHVvWWpmS1lzQVdfYnFUanBkaXVnMEFkUHdNbVpYOGFIb1RreXAxYWNCX0NxbzMxOUVGMkppV3ZBZTVOQ3hDdWF4ejAybGQ4YTlfRW9obzRLeGVNeEoyYWF0Ykt0VdIB9wFBVV95cUxPck5GRGVsRkhoNFhLYUp1eWpnclk1QTJWcXBNakkxUjd3TGRVSnVmdDhXNHFaOWhsZ2JKSnVlNHduQTRHZWdaa3NFVE4xajFWQWRIbW1SQmhCSjRqNk1jYm1wMnpNVC1LZVh4TWRhQ1BKa0tMQ0U0N0NUSll2b0w2YWxwYUhWTEhJQ1lOUU1BMi1NaTlsZEp4NGF2bGIycjcxM2dwSlVGbVBkYkxZWldQdi1sNERyaHN3MHloSk0ySWlBcFlYNE15MC1GejVNUnlUSWN2Tlo1Q0stOXljZXhIN25NWHVDcXlocHdWZ2ZxV0ExMkk2d2Nn?oc=5\" target=\"_blank\" rel=\"nofollow noopener\">Los l\u00edmites para intervenir una obra de Rogelio Salmona protegida como patrimonio<\/a>&nbsp;&nbsp;elespectador.com<\/li>\n<li><a href=\"https:\/\/news.google.com\/rss\/articles\/CBMipwJBVV95cUxQSjBDNjg3X2ZiX2toTWl4NnFCdWttUmxZc2JHRThBVTBJYVZ4NlVtZTFybFJ3dkxUZDFCWDNfMWlDQzJZR3lJS01ON25WRmhmenJXb0xwTkhpSDYtSnVQR3Qza01NRHhWOWNCdkFwYWlNR19fNlpMeFBTaC1zTlplME5KZlhRTTVzQVJsaWRZTlVzN25pQS01NVRWOFdKWUl3MVFkeENDTkdUaHlWM2ZYQjF1SGdQVjRMWkpZQjhQWXQ2OXQyMkxYYlhETWZmbzBYS1FEMEJwNEU0T0Nta3NyaFhtX0FQMzZoTHFMbEtLdWFfUFdTa2QzTEtaa25hUWExZUM0Uk5CWVdJcVA2cGpjcVFGRkJjNUp4OTVXVVg4RU9sbG9LaXhB0gGsAkFVX3lxTFBLR0NqbWt1U2NhQXFRZTdmaDAzZEF6MEtsbHd4dXFjM2dpeGl1UHVOMm9FWmFITlFFeGxoNG5pNURyM2djMGFCODVCRExIVXFqekkxdV9QYXZydklQLW5OOVl1NjlaU0tPbmwyYUpma1daYzhET0FkTHNacjNqOEFZLUFGQ0s3RnQxMm41TVllNm4wTmxvVnRzZTd1dmZFRWhnRzNFWDBMaHFJN0U2THVNc1M4NVdkb3Zla3luZ2tpLVZ3QkxWVE5TdWlOWGRHWWtleFNEZTdzaHNISG5SdWRkV0RSamRqRVVDdzNWeVNhZHhMLTR5eVFxZnQwSFYzaHVtS3JneWtZSlhRQUQ4eTNrSTRVSWVJOUlFSHFuY1h0cG9oUTNHMVRaVFJITw?oc=5\" target=\"_blank\" rel=\"nofollow noopener\">\u201cLa destrucci\u00f3n no es un logro\u201d: Fundaci\u00f3n Rogelio Salmona se pronuncia tras pol\u00e9mica remodelaci\u00f3n de apartamento en Bogot\u00e1; hace llamado a autoridades<\/a>&nbsp;&nbsp;Revista Semana<\/li>\n<li><a href=\"https:\/\/news.google.com\/rss\/articles\/CBMi4wFBVV95cUxQSTNiMEtEaEpLNXUweTdpb1lmbnE4cmZrOEZpOUx3cXlIU1pMWklJTXllck1uWnE2UDFtX0FGbjhvcUNYX1VBTGF3N0lrUURXUVBPb2lmb0drczZud1pRQTdKZHYzeEVIUVhCN0dIV1BJcG1jWHluZnVnQmxHLS1hNXdReXdfekNPU0MwZWlhakRrNm1EWlF2b1R4WkdvZ2tUTUhCaXV0dWFZLTV5YmdYUG1jMk50U1FOYkZXdm56WjAwUDJLQThtbFJveF9xdkhMbjRzVDM5eUMtaHVWRjV6MXB2ONIB8AFBVV95cUxQRWUzMURYZ1ZkazVhY1Rqc2VYYngySkJUZFB3M25Ed2NLd09XUmZCUjZXaE9ZTkFVY0wybFhkT0VCTXVzd0ZxMTlaNDNMbWRlMzdoSVZsamctOFZSWHpIMWxDSFZDaGRxWkhhQkZ1bGp6NFdta0JMbmItNlRSUk1mR0YzbjdjQ3BPbElzSEF4N2phd3JhaG54SUtTcmNWeXhLb0Y3WU5SWFNxS2h2TW1yZEU0ckVmSnJtOU03VXRsejF6SHpRdTJEYjBGRGRnS0VxdnNWQlBwRjh4YjZ3QmV6MFRRSXlDU3d1T0RHUi1sZ0I?oc=5\" target=\"_blank\" rel=\"nofollow noopener\">La millonaria sanci\u00f3n que podr\u00eda recibir la empresa que remodel\u00f3 la escaleras de Rogelio Salmona<\/a>&nbsp;&nbsp;Noticias Caracol<\/li>\n<li><a href=\"https:\/\/news.google.com\/rss\/articles\/CBMi2wFBVV95cUxQV28taHpRczc5MVZ0LTNmV3hYY2Z4M0xaRUJrNF8yLUs2M1Roa1l1Q3pLOTJuWE1aUWVad1NEVHhzMnk4RTRKRVN3LW14Y0xGSl9YTHR5SWJ6ZDFqbERjbmhyUlE0QkRkMFZoLUxvN1JMSEtSYlVWTnVQUVBlT1lBbnR5QWhsUExxeFBZNGVjQWxvSk5HTlUyRk1GQzhXM1RfaWd5VGJYRDBQRmJwM1hKbGI1Y2NuWk5iUktKWnVMamxqZUM5anFRbFFuMGtKRDMxR3F1Sl83UTkxN3PSAegBQVVfeXFMT251N3hhSGJEXzB3T2dqbEp3ODhXclp2N0FqYUJMZDg5M1Y5Q3YyZlZFSlhGOGxfbE1ocjJRVUk4WG9TWThqeWNVd2p5Y2xjVHlSZW9NYllBTzhXRTRNQ2J0dksxZUhNM3hucEE2TVhvU0hBR2phMUxUN3NvdTg2cmthR2NvNmlPeHBRLWVHeXRRUW03eENHWEZaa2UxbmRhZG1XeGZfaVp4Z3FKSDdKMVdtMGpJVXdMUm9JYmNaVTZlVXFnU1FkenNOVUl3TFdJM3hnb3BUUUJhUVVIM3JSSVhHeEs4MWtUTA?oc=5\" target=\"_blank\" rel=\"nofollow noopener\">Multas millonarias y reconstrucci\u00f3n: costo de reformar sin autorizaci\u00f3n bien patrimonial en Bogot\u00e1<\/a>&nbsp;&nbsp;Blu Radio<\/li>\n<li><a href=\"https:\/\/news.google.com\/rss\/articles\/CBMikgJBVV95cUxOd2Q0eXplUk0zR3pPUGdFX2RGTlV6TDdYSFdKSTFkRl9XRDIxNHFDN3ZhMU9ZRGM2RDc5RXJRaFlYVW1wa253TVNYMVhfVEZscnFyTUZNV3dtUUFaYlBXRHBDdHR4b2taeG9FX3BIcDZNdUhMbEFNVWhYLWdRQTZMaFJsd0QzbTVzVWhfUWs4V3FvYnFjci11T3Y3clFqTm1qSVVhcWQtWGVSdS1BZWJ4ajF4a1pFQ2JvMUZtbGI3X3htNjFkMTlxb2owVUNSVFJWUjFfVzBFeUdqdHBucnJGWjBEQmE4Wll2bW5GSHpDZ3JBd2JCSXJNZmFkallaTl9yT0pGYloxLWJZa2dtcHBzRjR3?oc=5\" target=\"_blank\" rel=\"nofollow noopener\">El edificio de Salmona donde modificaron una escalera est\u00e1 protegido desde 2010: planos originales, resoluci\u00f3n y la advertencia sobre intervenciones<\/a>&nbsp;&nbsp;El Tiempo<\/li>\n<\/ol>\n","protected":false},"excerpt":{"rendered":"Los l\u00edmites para intervenir una obra de Rogelio Salmona protegida como patrimonio&nbsp;&nbsp;elespectador.com \u201cLa destrucci\u00f3n no es un logro\u201d:&hellip;\n","protected":false},"author":2,"featured_media":741329,"comment_status":"","ping_status":"","sticky":false,"template":"","format":"standard","meta":{"footnotes":""},"categories":[173],"tags":[801,229,233,231,230,1396,232,234,146,147,25,24,1397,64761,131570,23],"class_list":["post-741328","post","type-post","status-publish","format-standard","has-post-thumbnail","category-arte-y-diseno","tag-arquitectura","tag-arte","tag-arte-y-diseno","tag-arts","tag-arts-and-design","tag-bien-de-interes-cultural","tag-design","tag-diseno","tag-entertainment","tag-entretenimiento","tag-es","tag-espana","tag-patrimonio","tag-premiumee","tag-rogelio-salmona","tag-spain"],"share_on_mastodon":{"url":"https:\/\/pubeurope.com\/@es\/117193483663065528","error":""},"_links":{"self":[{"href":"https:\/\/www.europesays.com\/es\/wp-json\/wp\/v2\/posts\/741328","targetHints":{"allow":["GET"]}}],"collection":[{"href":"https:\/\/www.europesays.com\/es\/wp-json\/wp\/v2\/posts"}],"about":[{"href":"https:\/\/www.europesays.com\/es\/wp-json\/wp\/v2\/types\/post"}],"author":[{"embeddable":true,"href":"https:\/\/www.europesays.com\/es\/wp-json\/wp\/v2\/users\/2"}],"replies":[{"embeddable":true,"href":"https:\/\/www.europesays.com\/es\/wp-json\/wp\/v2\/comments?post=741328"}],"version-history":[{"count":0,"href":"https:\/\/www.europesays.com\/es\/wp-json\/wp\/v2\/posts\/741328\/revisions"}],"wp:featuredmedia":[{"embeddable":true,"href":"https:\/\/www.europesays.com\/es\/wp-json\/wp\/v2\/media\/741329"}],"wp:attachment":[{"href":"https:\/\/www.europesays.com\/es\/wp-json\/wp\/v2\/media?parent=741328"}],"wp:term":[{"taxonomy":"category","embeddable":true,"href":"https:\/\/www.europesays.com\/es\/wp-json\/wp\/v2\/categories?post=741328"},{"taxonomy":"post_tag","embeddable":true,"href":"https:\/\/www.europesays.com\/es\/wp-json\/wp\/v2\/tags?post=741328"}],"curies":[{"name":"wp","href":"https:\/\/api.w.org\/{rel}","templated":true}]}}