{"id":741330,"date":"2026-09-01T02:45:35","date_gmt":"2026-09-01T02:45:35","guid":{"rendered":"https:\/\/www.europesays.com\/es\/741330\/"},"modified":"2026-09-01T02:45:35","modified_gmt":"2026-09-01T02:45:35","slug":"canal-sur-ya-tiene-cartel-para-retransmitir-toros-el-sabado-elige-otra-plaza-emblematica-de-andalucia","status":"publish","type":"post","link":"https:\/\/www.europesays.com\/es\/741330\/","title":{"rendered":"Canal Sur ya tiene cartel para retransmitir toros el s\u00e1bado: elige otra plaza emblem\u00e1tica de Andaluc\u00eda"},"content":{"rendered":"<p class=\"wp-block-paragraph\"><strong>Canal Sur no levanta el pie del acelerador en su apuesta por los toros. Despu\u00e9s de un mes de agosto excepcional por el n\u00famero y la categor\u00eda de sus retransmisiones, la televisi\u00f3n p\u00fablica andaluza abrir\u00e1 septiembre llevando sus c\u00e1maras el pr\u00f3ximo s\u00e1bado 5 hasta Lucena (C\u00f3rdoba)<\/strong>, donde ofrecer\u00e1 en directo, a partir de las 18:00 horas, una nueva cita del XXXII Ciclo de Becerradas en Clase Pr\u00e1ctica de las Escuelas Taurinas Andaluzas.<\/p>\n<p class=\"wp-block-paragraph\">La apuesta de Canal Sur durante agosto ha sido especialmente intensa. El mes comenz\u00f3 el d\u00eda 1 con una corrida desde <strong>El Puerto de Santa Mar\u00eda<\/strong>, con toros de \u00c1lvaro N\u00fa\u00f1ez para Morante de la Puebla, Alejandro Talavante y Juan Ortega, y continu\u00f3 al d\u00eda siguiente con una novillada de promoci\u00f3n desde Las Navas de San Juan. A ellas se sumaron las semifinales del ciclo de promoci\u00f3n desde <strong>Almonaster la Real<\/strong>, el 8 de agosto, y <strong>La L\u00ednea de la Concepci\u00f3n<\/strong>, el d\u00eda 15.<\/p>\n<p class=\"wp-block-paragraph\">Pero el gran salto cualitativo lleg\u00f3 con las corridas de toros. El <strong>domingo 16<\/strong>, Canal Sur llev\u00f3 a los hogares la tradicional Corrida Magall\u00e1nica de Sanl\u00facar de Barrameda, con una corrida de Miura para Octavio Chac\u00f3n, Pepe Moral y Daniel Crespo. Apenas cuatro d\u00edas despu\u00e9s comenz\u00f3 un aut\u00e9ntico marat\u00f3n desde La Malagueta: <strong>tres corridas consecutivas de la Feria de M\u00e1laga, los d\u00edas 20, 21 y 22 de agosto<\/strong>. Primero, Morante de la Puebla, Diego Urdiales y Fortes con N\u00fa\u00f1ez del Cuvillo; despu\u00e9s, Manuel Escribano, Emilio de Justo y Fortes con Victorino Mart\u00edn; y, como colof\u00f3n, la extraordinaria del 150 aniversario de La Malagueta, con Morante, Roca Rey y David de Miranda frente a toros de Torrealta y Garcigrande.<\/p>\n<p class=\"wp-block-paragraph\">La recta final del mes mantuvo esa presencia taurina. El s\u00e1bado 29 estaba programada la <strong>gran final del ciclo de Fomento de la Cultura Taurina en Andaluc\u00eda desde Villacarrillo (Ja\u00e9n)<\/strong>, mientras que este domingo 30 la cadena lleva sus c\u00e1maras hasta <strong>Tarifa<\/strong>, para ofrecer la corrida de Lagunajanda en la que est\u00e1n anunciados Manuel Escribano, David Gal\u00e1n y Daniel Crespo. Un agosto, por tanto, dif\u00edcil de recordar en la historia reciente de la cadena por la continuidad de festejos y por haber combinado <strong>figuras del toreo, corridas de m\u00e1xima categor\u00eda, hierros de prestigio y una decidida atenci\u00f3n a la cantera<\/strong>.<\/p>\n<p>Lucena toma el relevo el pr\u00f3ximo s\u00e1bado<\/p>\n<p class=\"wp-block-paragraph\">Y septiembre arrancar\u00e1 por el mismo camino. <strong>Canal Sur ya tiene elegida su siguiente plaza: el Coso de los Donceles de Lucena<\/strong>, donde el s\u00e1bado 5 de septiembre retransmitir\u00e1 una nueva cita del XXXII Ciclo de Becerradas en Clase Pr\u00e1ctica.<\/p>\n<p class=\"wp-block-paragraph\">Se lidiar\u00e1n reses de <strong>Isabel S\u00e1nchez de Alva<\/strong> para <strong>Pablo Torres<\/strong>, de la Escuela Taurina de Valencia; <strong>Francisco Porras<\/strong>, de la Escuela Taurina Costa del Sol; <strong>Jos\u00e9 Pacheco<\/strong>, de la Escuela Municipal de Tauromaquia de \u00c9cija; <strong>Alejandro Alcaraz<\/strong>, de la Escuela Municipal Taurina de Almer\u00eda; <strong>Jes\u00fas Mill\u00e1n<\/strong>, de la Escuela Taurina de \u00dabeda; y <strong>Mariano Delgado<\/strong>, de la Escuela Taurina Francisco Montes \u00abPaquiro\u00bb de Chiclana.<\/p>\n<p class=\"wp-block-paragraph\">La retransmisi\u00f3n est\u00e1 prevista para las <strong>18:00 horas<\/strong>, convirti\u00e9ndose en la primera cita taurina de Canal Sur en septiembre despu\u00e9s de un agosto de enorme intensidad.<\/p>\n<p>Lucena y una historia taurina que va mucho m\u00e1s all\u00e1 de su actual plaza<\/p>\n<p class=\"wp-block-paragraph\">La elecci\u00f3n de Lucena permite adem\u00e1s recuperar una localidad con <strong>una tradici\u00f3n taurina anterior en muchas d\u00e9cadas al actual Coso de los Donceles<\/strong>. Conviene hacer aqu\u00ed una precisi\u00f3n hist\u00f3rica: la plaza que veremos por televisi\u00f3n <strong>no es un coso centenario<\/strong>. Su construcci\u00f3n comenz\u00f3 el 30 de junio de 2005, bajo proyecto del arquitecto Juan Gonz\u00e1lez Prieto, y fue inaugurada el <strong>16 de julio de 2006<\/strong>, por lo que acaba de cumplir veinte a\u00f1os. Tiene capacidad para unos <strong>6.500 espectadores<\/strong>.<\/p>\n<p class=\"wp-block-paragraph\">Su inauguraci\u00f3n tuvo categor\u00eda de acontecimiento. Se celebr\u00f3 una <strong>corrida goyesca mixta<\/strong> con Pablo Hermoso de Mendoza, Enrique Ponce, Finito de C\u00f3rdoba y Manuel D\u00edaz \u00abEl Cordob\u00e9s\u00bb. El lleno fue absoluto.<\/p>\n<p class=\"wp-block-paragraph\">Pero la relaci\u00f3n de Lucena con los toros viene de mucho antes. La localidad cont\u00f3 con <strong>otros cosos anteriores al actual<\/strong>: hubo una plaza en el centro de la ciudad, en el espacio que hoy ocupa la Plaza de Espa\u00f1a, y posteriormente otra en el <strong>Ejido del Valle<\/strong>. Las referencias hist\u00f3ricas sit\u00faan la inauguraci\u00f3n de uno de aquellos cosos en <strong>1922<\/strong>, permaneciendo en funcionamiento durante varias d\u00e9cadas antes de su desaparici\u00f3n.<\/p>\n<p class=\"wp-block-paragraph\">De esa tradici\u00f3n surgieron tambi\u00e9n nombres propios. Entre ellos sobresale el lucentino <strong>Francisco L\u00f3pez \u00abParejito\u00bb<\/strong>, que lleg\u00f3 a presentarse en Madrid en 1922 y tom\u00f3 la alternativa tres a\u00f1os despu\u00e9s con <a href=\"https:\/\/cultoro.es\/actualidad\/ignacio-sanchez-mejias-borja-365407\" rel=\"nofollow noopener\" target=\"_blank\"><strong>Ignacio S\u00e1nchez Mej\u00edas<\/strong> <\/a>como padrino.<\/p>\n<p class=\"wp-block-paragraph\">As\u00ed, tras un agosto en el que Canal Sur ha recorrido algunos de los escenarios taurinos m\u00e1s relevantes de Andaluc\u00eda, <strong>septiembre comenzar\u00e1 desde Lucena y su <a href=\"https:\/\/www.toroslucena.com\/apertura\/informacion.html\" rel=\"nofollow noopener\" target=\"_blank\">Coso de los Donceles<\/a><\/strong>. Esta vez el protagonismo no corresponder\u00e1 a las figuras, sino a quienes sue\u00f1an con llegar a serlo: seis j\u00f3venes alumnos de escuelas taurinas tendr\u00e1n la oportunidad de mostrar sus condiciones ante toda Andaluc\u00eda.<\/p>\n","protected":false},"excerpt":{"rendered":"Canal Sur no levanta el pie del acelerador en su apuesta por los toros. Despu\u00e9s de un mes&hellip;\n","protected":false},"author":2,"featured_media":741331,"comment_status":"","ping_status":"","sticky":false,"template":"","format":"standard","meta":{"footnotes":""},"categories":[171],"tags":[146,147,25,24,23,214],"class_list":["post-741330","post","type-post","status-publish","format-standard","has-post-thumbnail","category-tv","tag-entertainment","tag-entretenimiento","tag-es","tag-espana","tag-spain","tag-tv"],"share_on_mastodon":{"url":"https:\/\/pubeurope.com\/@es\/117193495457836977","error":""},"_links":{"self":[{"href":"https:\/\/www.europesays.com\/es\/wp-json\/wp\/v2\/posts\/741330","targetHints":{"allow":["GET"]}}],"collection":[{"href":"https:\/\/www.europesays.com\/es\/wp-json\/wp\/v2\/posts"}],"about":[{"href":"https:\/\/www.europesays.com\/es\/wp-json\/wp\/v2\/types\/post"}],"author":[{"embeddable":true,"href":"https:\/\/www.europesays.com\/es\/wp-json\/wp\/v2\/users\/2"}],"replies":[{"embeddable":true,"href":"https:\/\/www.europesays.com\/es\/wp-json\/wp\/v2\/comments?post=741330"}],"version-history":[{"count":0,"href":"https:\/\/www.europesays.com\/es\/wp-json\/wp\/v2\/posts\/741330\/revisions"}],"wp:featuredmedia":[{"embeddable":true,"href":"https:\/\/www.europesays.com\/es\/wp-json\/wp\/v2\/media\/741331"}],"wp:attachment":[{"href":"https:\/\/www.europesays.com\/es\/wp-json\/wp\/v2\/media?parent=741330"}],"wp:term":[{"taxonomy":"category","embeddable":true,"href":"https:\/\/www.europesays.com\/es\/wp-json\/wp\/v2\/categories?post=741330"},{"taxonomy":"post_tag","embeddable":true,"href":"https:\/\/www.europesays.com\/es\/wp-json\/wp\/v2\/tags?post=741330"}],"curies":[{"name":"wp","href":"https:\/\/api.w.org\/{rel}","templated":true}]}}