{"id":741338,"date":"2026-09-01T02:52:10","date_gmt":"2026-09-01T02:52:10","guid":{"rendered":"https:\/\/www.europesays.com\/es\/741338\/"},"modified":"2026-09-01T02:52:10","modified_gmt":"2026-09-01T02:52:10","slug":"shein-debuta-en-hong-kong-totalmente-plana-en-la-apertura","status":"publish","type":"post","link":"https:\/\/www.europesays.com\/es\/741338\/","title":{"rendered":"Shein debuta en Hong Kong totalmente plana en la apertura"},"content":{"rendered":"<p>        Este contenido fue publicado en    <\/p>\n<p>        01 septiembre 2026 &#8211; 04:00\n<\/p>\n<p>Shangh\u00e1i (China), 1 sep (EFE).- La plataforma de \u2018moda r\u00e1pida\u2019 Shein debut\u00f3 este martes sin variaci\u00f3n alguna en la apertura, tras protagonizar una anticipada salida a bolsa en Hong Kong y despu\u00e9s de a\u00f1os de vaivenes y planes frustrados que se tradujeron en una ca\u00edda del 73 % para su valoraci\u00f3n frente al pico m\u00e1ximo que marc\u00f3 en 2022.<\/p>\n<p>Concretamente, los t\u00edtulos comenzaron la jornada en 48,56 d\u00f3lares hongkoneses (6,19 d\u00f3lares \u00f3 5,33 euros), exactamente el mismo precio que hab\u00eda fijado la compa\u00f1\u00eda para la venta de unos 280 millones de acciones, aunque en los minutos posteriores al inicio de la sesi\u00f3n comenzaron a marcar una tendencia descendente.<\/p>\n<p>La cifra fijada por Shein, pr\u00e1cticamente en el medio de la horquilla que hab\u00eda avanzado, supone una recaudaci\u00f3n equivalente a 1.735 millones de d\u00f3lares y una valoraci\u00f3n de 26.305 millones de d\u00f3lares, muy por debajo de los 98.200 millones que lleg\u00f3 a registrar en 2022, tras su antepen\u00faltima ronda de financiaci\u00f3n.<\/p>\n<p>La salida a bolsa de Shein llega tras planes frustrados para vender acciones en Nueva York y Londres, en este segundo caso por la intervenci\u00f3n en \u00faltima instancia de los reguladores chinos, lo cual hizo que finalmente optara por Hong Kong como t\u00e9rmino medio entre los inversores internacionales y las autoridades de su pa\u00eds de origen. EFE<\/p>\n<p>vec\/aa\/jrg<\/p>\n<p>(Foto) (Video)<\/p>\n","protected":false},"excerpt":{"rendered":"Este contenido fue publicado en 01 septiembre 2026 &#8211; 04:00 Shangh\u00e1i (China), 1 sep (EFE).- La plataforma de&hellip;\n","protected":false},"author":2,"featured_media":741339,"comment_status":"","ping_status":"","sticky":false,"template":"","format":"standard","meta":{"footnotes":""},"categories":[80],"tags":[82,95,94,25,24,51777,89021,36496,23,58159,90],"class_list":["post-741338","post","type-post","status-publish","format-standard","has-post-thumbnail","category-economia","tag-business","tag-economia","tag-economy","tag-es","tag-espana","tag-financing-and-stock-offering","tag-global-expansion","tag-securities","tag-spain","tag-textile-and-clothing","tag-ticker"],"share_on_mastodon":{"url":"https:\/\/pubeurope.com\/@es\/117193522734303776","error":""},"_links":{"self":[{"href":"https:\/\/www.europesays.com\/es\/wp-json\/wp\/v2\/posts\/741338","targetHints":{"allow":["GET"]}}],"collection":[{"href":"https:\/\/www.europesays.com\/es\/wp-json\/wp\/v2\/posts"}],"about":[{"href":"https:\/\/www.europesays.com\/es\/wp-json\/wp\/v2\/types\/post"}],"author":[{"embeddable":true,"href":"https:\/\/www.europesays.com\/es\/wp-json\/wp\/v2\/users\/2"}],"replies":[{"embeddable":true,"href":"https:\/\/www.europesays.com\/es\/wp-json\/wp\/v2\/comments?post=741338"}],"version-history":[{"count":0,"href":"https:\/\/www.europesays.com\/es\/wp-json\/wp\/v2\/posts\/741338\/revisions"}],"wp:featuredmedia":[{"embeddable":true,"href":"https:\/\/www.europesays.com\/es\/wp-json\/wp\/v2\/media\/741339"}],"wp:attachment":[{"href":"https:\/\/www.europesays.com\/es\/wp-json\/wp\/v2\/media?parent=741338"}],"wp:term":[{"taxonomy":"category","embeddable":true,"href":"https:\/\/www.europesays.com\/es\/wp-json\/wp\/v2\/categories?post=741338"},{"taxonomy":"post_tag","embeddable":true,"href":"https:\/\/www.europesays.com\/es\/wp-json\/wp\/v2\/tags?post=741338"}],"curies":[{"name":"wp","href":"https:\/\/api.w.org\/{rel}","templated":true}]}}