{"id":741346,"date":"2026-09-01T03:03:24","date_gmt":"2026-09-01T03:03:24","guid":{"rendered":"https:\/\/www.europesays.com\/es\/741346\/"},"modified":"2026-09-01T03:03:24","modified_gmt":"2026-09-01T03:03:24","slug":"valencia-basket-cuatro-jugadoras-del-valencia-basket-mas-awa-fam-en-la-lista-definitiva-para-el-mundial","status":"publish","type":"post","link":"https:\/\/www.europesays.com\/es\/741346\/","title":{"rendered":"VALENCIA BASKET: Cuatro jugadoras del Valencia Basket, m\u00e1s Awa Fam, en la lista definitiva para el Mundial"},"content":{"rendered":"<p class=\"ft-text\"><strong>El Valencia Basket contar\u00e1 con cuatro representantes en la selecci\u00f3n espa\u00f1ola<\/strong> que <a class=\"ft-link ft-link--decoration\" href=\"https:\/\/www.superdeporte.es\/valencia-basket\/2026\/08\/30\/espana-tumba-china-zhang-ziyu-awa-fam-baloncesto-mundial-133788381.html\" rel=\"nofollow noopener\" target=\"_blank\">desde este viernes, afrontar\u00e1 el Mundial de Baloncesto.<\/a> <strong>Raquel Carrera, Helena Pueyo, Elena Buenavida y Alicia Fl\u00f3rez <\/strong>han entrado en <strong>la lista definitiva de 12 elegidas por el seleccionador, <\/strong><a class=\"ft-link ft-link--decoration\" href=\"https:\/\/www.superdeporte.es\/tags\/miguel-mendez\/\" rel=\"nofollow noopener\" target=\"_blank\">Miguel M\u00e9ndez,<\/a> mientras la tambi\u00e9n taronja, Mar\u00eda Ara\u00fajo, que ha realizado toda la fase de preparaci\u00f3n con el equipo espa\u00f1ol se queda fuera finalmente y no viajar\u00e1 a Alemania. A las cuatro taronja se une tambi\u00e9n la valenciana <a class=\"ft-link ft-link--decoration\" href=\"https:\/\/www.superdeporte.es\/tags\/awa-fam\/\" rel=\"nofollow noopener\" target=\"_blank\">Awa Fam<\/a>, que tras finalizar su etapa en el Valencia Basket juega en los Seattle Storm de la WNBA.<\/p>\n<p class=\"ft-text\"><strong>Tras un mes de preparaci\u00f3n y tras el \u00faltimo torneo de la Gira \u2018Volvemos a So\u00f1ar\u2019, el seleccionador Miguel M\u00e9ndez ha dado la lista definitiva con las 12 jugadoras <\/strong>que estar\u00e1n en la <a class=\"ft-link ft-link--decoration\" href=\"https:\/\/www.superdeporte.es\/videos\/baloncesto\/2026\/08\/22\/amistoso-espana-nigeria-previo-mundial-helena-pueyo-valencia-basket-133558281.html\" rel=\"nofollow noopener\" target=\"_blank\">Copa del Mundo de Alemania que se disputar\u00e1 del 4 al 13 de septiembre.<\/a> La lista est\u00e1 formada por 8 de las Subcampeonas de Europa del pasado verano, a las que se unen Mar\u00eda Conde, Maite Cazorla, Megan Gustafson y Alicia Fl\u00f3rez, que jugar\u00e1 su primera competici\u00f3n oficial con la Selecci\u00f3n. Fl\u00f3rez es una de las grandes novedades en el equipo espa\u00f1ol. La base taronja se ha ganado finalmente el puesto en la lista definitiva y estar\u00e1 en Alemania.<\/p>\n<p class=\"ft-text\"><strong>Con la presencia de cuatro jugadoras taronja, el Valencia Basket acapara un tercio del equipo espa\u00f1ol<\/strong>, compuesto por 12 jugadoras, lo que demuestra el gran potencial del equipo valenciano, ganador de las cuatro \u00faltimas ediciones de la Liga Femenina Endesa y por tanto, dominador del baloncesto femenino espa\u00f1ol.<\/p>\n<p>Jugadoras del Valencia Basket en la selecci\u00f3n<\/p>\n<p class=\"ft-text\"><strong>Raquel Carrera<\/strong> \u2014 p\u00edvot, dorsal <strong>14<\/strong>.<\/p>\n<p class=\"ft-text\"><strong>Helena Pueyo<\/strong> \u2014 alero, dorsal <strong>13<\/strong>.<\/p>\n<p class=\"ft-text\"><strong>Alicia Fl\u00f3rez<\/strong> \u2014 escolta\/base, dorsal <strong>18<\/strong>.<\/p>\n<p class=\"ft-text\"><strong>Elena Buenavida<\/strong> \u2014 escolta, dorsal <strong>6<\/strong>.<\/p>\n<p>El viernes, debut ante la anfitriona<\/p>\n<p class=\"ft-text\"><strong>Espa\u00f1a debutar\u00e1 el viernes contra las anfitrionas, Alemania (17:45 horas).<\/strong> Un d\u00eda despu\u00e9s, jugar\u00e1 contra Mal\u00ed (11:30 horas) y cerrar\u00e1 la fase de grupos contra Jap\u00f3n el lunes 7 de septiembre (17:50 horas). Todos los partidos podr\u00e1n seguirse en directo por Teledeporte y por Movistar Plus.<\/p>\n<p class=\"ft-text\"><strong>Un Mundial al que la Selecci\u00f3n Femenina vuelve 8 a\u00f1os despu\u00e9s y en el que luchar\u00e1 por conseguir su cuarta medalla de la historia.<\/strong> La capitana <a class=\"ft-link ft-link--decoration\" href=\"https:\/\/www.superdeporte.es\/tags\/alba-torrens\/\" rel=\"nofollow noopener\" target=\"_blank\">Alba Torrens <\/a>es la \u00fanica jugadora que ha participado en una cita mundialista con un balance de 3 participaciones y 3 medallas. El resto del equipo lo har\u00e1 por primera vez.<\/p>\n<p class=\"ft-text\">La Selecci\u00f3n llega al Mundial tras un mes de preparaci\u00f3n en el que se ha enfrentado a Alemania, Nigeria, B\u00e9lgica, Mali y China, con un balance de 6 victorias en 6 partidos, por lo que llega al Mundial invicta.<\/p>\n<p class=\"ft-text\"><strong>La sede de Endesa en Madrid<\/strong> acogi\u00f3 el acto de despedida del equipo que el viernes debutar\u00e1 en el Mundial de Alemania. <\/p>\n<p>Mar\u00eda Ara\u00fajo, una de las \u00faltimas descartadas<\/p>\n<p class=\"ft-text\">Despu\u00e9s de los <strong>descartes<\/strong> de Txell Alarc\u00f3n y Carolina Guerrero hace un par de semanas, los \u00faltimos han sido<strong> Andrea Vilar\u00f3, Irati Etxarri,<\/strong><a class=\"ft-link ft-link--decoration\" href=\"https:\/\/www.superdeporte.es\/tags\/maria-araujo\/\" rel=\"nofollow noopener\" target=\"_blank\"><strong> Mar\u00eda Ara\u00fajo,<\/strong><\/a><strong> Aina Ayuso, Lola Pendande, Nerea Hermosa y Marta Garc\u00eda.<\/strong><\/p>\n<p class=\"ft-text\"><strong>El Seleccionador nacional ha explicado<\/strong> que \u201chemos pasado un d\u00eda tenso, el de hacer el equipo definitivo que nos representar\u00e1 en el Mundial. Ha sido especialmente dif\u00edcil por el nivel de todas las jugadoras que han estado aqu\u00ed y aunque la gente se lo pueda imaginar yo creo que no se imagina las vueltas que le hemos dado. Dentro de las posibles estructuras de equipo, hemos elegido la que mejor nos va a representar en un Mundial. Muy agradecido a todas las jugadoras por el compromiso que han mostrado, especialmente este a\u00f1o, que es nuevo para todos. Hemos intentado hacerlo de la mejor manera posible y ha estado muy bien gracias, sobre todo, a su talante y profesionalidad\u201d.<\/p>\n","protected":false},"excerpt":{"rendered":"El Valencia Basket contar\u00e1 con cuatro representantes en la selecci\u00f3n espa\u00f1ola que desde este viernes, afrontar\u00e1 el Mundial&hellip;\n","protected":false},"author":2,"featured_media":741347,"comment_status":"","ping_status":"","sticky":false,"template":"","format":"standard","meta":{"footnotes":""},"categories":[269],"tags":[1660,58050,41699,37961,299,1918,298,954,168,37322,25,24,41700,8913,1070,37323,23,167,235,2916,4847],"class_list":["post-741346","post","type-post","status-publish","format-standard","has-post-thumbnail","category-baloncesto","tag-alemania","tag-alicia-florez","tag-awa","tag-awa-fam","tag-baloncesto","tag-basket","tag-basketball","tag-cuatro","tag-deportes","tag-elena-buenavida","tag-es","tag-espana","tag-fam","tag-jugadoras","tag-mundial","tag-raquel-carrera","tag-spain","tag-sports","tag-valencia","tag-valencia-basket","tag-wnba"],"share_on_mastodon":{"url":"https:\/\/pubeurope.com\/@es\/117193566422917151","error":""},"_links":{"self":[{"href":"https:\/\/www.europesays.com\/es\/wp-json\/wp\/v2\/posts\/741346","targetHints":{"allow":["GET"]}}],"collection":[{"href":"https:\/\/www.europesays.com\/es\/wp-json\/wp\/v2\/posts"}],"about":[{"href":"https:\/\/www.europesays.com\/es\/wp-json\/wp\/v2\/types\/post"}],"author":[{"embeddable":true,"href":"https:\/\/www.europesays.com\/es\/wp-json\/wp\/v2\/users\/2"}],"replies":[{"embeddable":true,"href":"https:\/\/www.europesays.com\/es\/wp-json\/wp\/v2\/comments?post=741346"}],"version-history":[{"count":0,"href":"https:\/\/www.europesays.com\/es\/wp-json\/wp\/v2\/posts\/741346\/revisions"}],"wp:featuredmedia":[{"embeddable":true,"href":"https:\/\/www.europesays.com\/es\/wp-json\/wp\/v2\/media\/741347"}],"wp:attachment":[{"href":"https:\/\/www.europesays.com\/es\/wp-json\/wp\/v2\/media?parent=741346"}],"wp:term":[{"taxonomy":"category","embeddable":true,"href":"https:\/\/www.europesays.com\/es\/wp-json\/wp\/v2\/categories?post=741346"},{"taxonomy":"post_tag","embeddable":true,"href":"https:\/\/www.europesays.com\/es\/wp-json\/wp\/v2\/tags?post=741346"}],"curies":[{"name":"wp","href":"https:\/\/api.w.org\/{rel}","templated":true}]}}