{"id":741354,"date":"2026-09-01T03:08:44","date_gmt":"2026-09-01T03:08:44","guid":{"rendered":"https:\/\/www.europesays.com\/es\/741354\/"},"modified":"2026-09-01T03:08:44","modified_gmt":"2026-09-01T03:08:44","slug":"el-chapulin-colorado-tendra-pelicula-sobre-el-origen-del-personaje-anuncia-roberto-gomez-fernandez","status":"publish","type":"post","link":"https:\/\/www.europesays.com\/es\/741354\/","title":{"rendered":"El Chapul\u00edn Colorado tendr\u00e1 pel\u00edcula sobre el origen del personaje anuncia Roberto G\u00f3mez Fern\u00e1ndez"},"content":{"rendered":"<p>\u00abS\u00edganme los buenos\u00bb. <a href=\"https:\/\/rpp.pe\/tv\/streaming\/el-chavo-del-8-cuando-regresa-a-la-television-y-donde-verlo-los-episodios-completos-de-serie-chapulin-colorado-mexico-noticia-1586321\" title=\"El Chapul\u00edn Colorado\" rel=\"noopener nofollow\" target=\"_blank\">El Chapul\u00edn Colorado<\/a> tendr\u00e1 una nueva pel\u00edcula sobre el origen del personaje creado por <a href=\"https:\/\/rpp.pe\/tv\/streaming\/chespirito-sin-querer-queriendo-capitulo-8-cuando-y-a-que-hora-se-estrena-en-sudamerica-mexico-y-usa-en-final-de-temporada-serie-hbo-max-noticia-1647505\" title=\"Roberto G\u00f3mez Bola\u00f1os\" rel=\"follow noopener nofollow\" target=\"_blank\">Roberto G\u00f3mez Bola\u00f1os<\/a>, Chespirito, anunci\u00f3 su hijo <a href=\"https:\/\/rpp.pe\/famosos\/celebridades\/roberto-gomez-fernandez-defiende-serie-chespirito-sin-querer-queriendo-e-inclusion-de-florinda-meza-noticia-1644361\" title=\"Roberto G\u00f3mez Fern\u00e1ndez\" rel=\"follow noopener nofollow\" target=\"_blank\">Roberto G\u00f3mez Fern\u00e1ndez<\/a> en la alfombra roja en los Premios CANACINE el \u00faltimo mi\u00e9rcoles 27 de agosto.<\/p>\n<p>El productor mexicano confirm\u00f3 que \u00abya se est\u00e1 trabajando\u00bb en un largometraje sobre el querido personaje que se hizo famoso en televisi\u00f3n, en Latinoam\u00e9rica y el mundo por su car\u00e1cter noble, torpe y valiente ante el llamado de los m\u00e1s necesitados.<\/p>\n<p>De acuerdo con informaci\u00f3n de El Espectador, si bien <a href=\"https:\/\/rpp.pe\/tv\/streaming\/hbo-max-llevara-a-la-pantalla-la-serie-biografica-de-chespirito-noticia-1485869\" title=\"G\u00f3mez Fern\u00e1ndez\" rel=\"follow noopener nofollow\" target=\"_blank\">G\u00f3mez Fern\u00e1ndez<\/a> \u00abmantuvo en secreto muchos detalles\u00bb del esperado filme sobre El chapul\u00edn colorado, se supo que la trama explorar\u00e1 \u00abel origen del personaje\u00bb.<\/p>\n<p>\u00abDe ah\u00ed venimos, se est\u00e1 trabajando en eso y pues ya pronto lista para entrar a producirse\u00bb, respondi\u00f3 al ser consultado sobre una nueva producci\u00f3n.<\/p>\n<p>Cabe resaltar que, hasta el momento, se desconoce quien interpretar\u00e1 al ic\u00f3nico h\u00e9roe de las antenitas de vinil y el chipote chill\u00f3n. No obstante, \u00abtodo indica que no ser\u00e1 una pel\u00edcula animada\u00bb.<\/p>\n<p>\u00ab<strong>Roberto G\u00f3mez Fern\u00e1ndez<\/strong> ha mencionado que la idea es llevar a <a href=\"https:\/\/rpp.pe\/famosos\/celebridades\/murio-arturo-garcia-tenorio-actor-de-carrusel-y-el-chapulin-colorado-noticia-1598384\" title=\"El Chapul\u00edn Colorado\" rel=\"follow noopener nofollow\" target=\"_blank\">El Chapul\u00edn Colorado<\/a> a la pantalla grande en una pel\u00edcula de acci\u00f3n real, lo que significa que habr\u00e1 que encontrar a un nuevo actor que se haga cargo de uno de los personajes m\u00e1s ic\u00f3nicos que interpret\u00f3 <a href=\"https:\/\/rpp.pe\/famosos\/celebridades\/chespirito-video-y-fotos-nunca-vistas-de-roberto-gomez-bolanos-y-graciela-fernandez-salen-a-la-luz-noticia-1649642\" title=\"Roberto G\u00f3mez Bola\u00f1os\" rel=\"follow noopener nofollow\" target=\"_blank\">Roberto G\u00f3mez Bola\u00f1os<\/a>\u00ab, sostuvo el citado medio colombiano.<\/p>\n<p>Por su parte, el hijo del hist\u00f3rico director, guionista y comediante mexicano precis\u00f3: \u00abEs el origen (del h\u00e9roe), creo que no ser\u00e1 animaci\u00f3n y (el int\u00e9rprete) ser\u00e1 alguien que sea merecedor de ese puesto\u00bb.<\/p>\n<p>        <img decoding=\"async\" src=\"https:\/\/www.europesays.com\/es\/wp-content\/uploads\/2026\/09\/162516_1902631.jpg\"   alt=\"Roberto G\u00f3mez Fern\u00e1ndez anunci\u00f3 que \" se=\"\" est=\"\" trabajando=\"\" en=\"\" una=\"\" pel=\"\" sobre=\"\" chapul=\"\" colorado=\"\" title=\"Roberto G\u00f3mez Fern\u00e1ndez anunci\u00f3 que \" loading=\"lazy\"\/><\/p>\n<p>    Roberto G\u00f3mez Fern\u00e1ndez anunci\u00f3 que \u00abse est\u00e1 trabajando\u00bb en una pel\u00edcula sobre &#8216;El Chapul\u00edn Colorado&#8217;. |<br \/>\n    Fuente: EFE   <\/p>\n<p>El Chapul\u00edn Colorado, la exitosa serie de Roberto G\u00f3mez Bola\u00f1os<\/p>\n<p><a href=\"https:\/\/rpp.pe\/tv\/streaming\/el-chavo-del-8-cuando-regresa-a-la-television-y-donde-verlo-los-episodios-completos-de-serie-chapulin-colorado-mexico-noticia-1586321\" title=\"El Chapul\u00edn Colorado\" rel=\"follow nofollow noopener\" target=\"_blank\">El Chapul\u00edn Colorado<\/a> es una famosa serie de televisi\u00f3n de comedia mexicana creada por el productor, guionista, actor y comediante mexicano <a href=\"https:\/\/rpp.pe\/famosos\/celebridades\/se-viraliza-video-del-incomodo-encuentro-entre-la-exesposa-de-chespirito-y-florinda-meza-noticia-1645905\" title=\"Roberto G\u00f3mez Bola\u00f1os\" rel=\"follow nofollow noopener\" target=\"_blank\">Roberto G\u00f3mez Bola\u00f1os<\/a>.<\/p>\n<p>La serie fue transmitida por primera vez en M\u00e9xico el de 3 diciembre de 1970 como parte del programa Los Supergenios De La Mesa Cuadrada. Tres a\u00f1os despu\u00e9s, <a href=\"https:\/\/rpp.pe\/tv\/mundo\/que-no-panda-el-cunico-el-chavo-del-8-y-el-chapulin-colorado-regresan-a-la-television-tras-una-larga-ausencia-noticia-1582950\" title=\"El Chapul\u00edn Colorado\" rel=\"follow nofollow noopener\" target=\"_blank\">El Chapul\u00edn Colorado<\/a> pudo tener su propio programa en Televisa para luego ser parte de la serie Chespirito hasta 1992.<\/p>\n<p>Teniendo su propio c\u00f3mic y l\u00ednea de juguetes, el personaje tambi\u00e9n logr\u00f3 tener una serie animada en el 2015.<\/p>\n<p>Entre las frases m\u00e1s conocida de <a href=\"https:\/\/rpp.pe\/tv\/streaming\/chespirito-sin-querer-queriendo-tendra-segunda-temporada-esto-respondio-el-hijo-de-roberto-gomez-bolanos-noticia-1644673\" title=\"El Chapul\u00edn Colorado\" rel=\"follow nofollow noopener\" target=\"_blank\">El Chapul\u00edn Colorado<\/a> est\u00e1n: \u00ab\u00a1No contaban con mi astucia!\u00bb, \u00abS\u00edganme los buenos\u00bb, \u00abCalma, calma, que no panda el c\u00fanico\u00bb, \u00abLo sospech\u00e9 desde un principio\u00bb, \u00abSe aprovechan de mi nobleza\u00bb, \u00abTodos mis movimientos est\u00e1n fr\u00edamente calculados\u00bb, entre otras.<\/p>\n<p>En 1987, el propio <strong>Roberto G\u00f3mez Bola\u00f1os<\/strong> dio una entrevista al programa argentino La noticia rebelde donde explic\u00f3 el sentido filos\u00f3fico de El Chapul\u00edn Colorado en comparaci\u00f3n con otros superh\u00e9roes como Superman y Batman.<\/p>\n<p>\u00abH\u00e9roe es el Chapul\u00edn Colorado, y esto es serio. El hero\u00edsmo no consiste en carecer de miedo sino en superarlo. Aquellos no tienen miedo, <strong>Batman<\/strong>, <strong>Superman<\/strong>, son todopoderosos, no pueden tener miedo. <a href=\"https:\/\/rpp.pe\/famosos\/celebridades\/esteban-valdes-hijo-de-ramon-valdes-dice-que-florinda-meza-fue-la-razon-del-alejamiento-de-su-padre-con-roberto-gomez-bolanos-noticia-1648837\" title=\"El Chapul\u00edn Colorado\" rel=\"follow nofollow noopener\" target=\"_blank\">El Chapul\u00edn Colorado<\/a> se muere de miedo, es torpe, d\u00e9bil, tonto, y consciente de esas deficiencias se enfrenta al problema\u00bb, declar\u00f3.<\/p>\n<p>            <a href=\"https:\/\/www.whatsapp.com\/channel\/0029VZztxLS3gvWYKY1YWN1I\" class=\"button button--whatsapp button--nothov button--block flex-1\" rel=\"noopener noreferrer nofollow\" target=\"_blank\"><\/p>\n<p>              \u00danete a nuestro canal en WhatsApp<br \/>\n            <\/a><br \/>\n            <a href=\"https:\/\/news.google.com\/publications\/CAAiEPS-1PTwo1fhyncujsNXKmcqFAgKIhD0vtT08KNX4cp3Lo7DVypn?hl=es-419&amp;gl=PE&amp;ceid=PE%3Aes-419\" class=\"button button--transparent button--outline button--nothov button--block flex-1\" rel=\"noopener noreferrer nofollow\" target=\"_blank\"><\/p>\n<p>                  Siguenos en<br \/>\n                  <img decoding=\"async\" src=\"https:\/\/s2.rpp-noticias.io\/static\/dist\/img\/logo-googlenews.svg\" width=\"131\" height=\"20\" alt=\"Google News\" loading=\"lazy\"\/><\/p>\n<p>            <\/a><\/p>\n","protected":false},"excerpt":{"rendered":"\u00abS\u00edganme los buenos\u00bb. El Chapul\u00edn Colorado tendr\u00e1 una nueva pel\u00edcula sobre el origen del personaje creado por Roberto&hellip;\n","protected":false},"author":2,"featured_media":741355,"comment_status":"","ping_status":"","sticky":false,"template":"","format":"standard","meta":{"footnotes":""},"categories":[171],"tags":[3005,177,131534,146,147,25,24,101542,131572,131571,23,214],"class_list":["post-741354","post","type-post","status-publish","format-standard","has-post-thumbnail","category-tv","tag-chespirito","tag-cine","tag-el-chapulin-colorado","tag-entertainment","tag-entretenimiento","tag-es","tag-espana","tag-mxico","tag-roberto-gmez-bolaos","tag-roberto-gmez-fernndez","tag-spain","tag-tv"],"share_on_mastodon":{"url":"https:\/\/pubeurope.com\/@es\/117193586733827447","error":""},"_links":{"self":[{"href":"https:\/\/www.europesays.com\/es\/wp-json\/wp\/v2\/posts\/741354","targetHints":{"allow":["GET"]}}],"collection":[{"href":"https:\/\/www.europesays.com\/es\/wp-json\/wp\/v2\/posts"}],"about":[{"href":"https:\/\/www.europesays.com\/es\/wp-json\/wp\/v2\/types\/post"}],"author":[{"embeddable":true,"href":"https:\/\/www.europesays.com\/es\/wp-json\/wp\/v2\/users\/2"}],"replies":[{"embeddable":true,"href":"https:\/\/www.europesays.com\/es\/wp-json\/wp\/v2\/comments?post=741354"}],"version-history":[{"count":0,"href":"https:\/\/www.europesays.com\/es\/wp-json\/wp\/v2\/posts\/741354\/revisions"}],"wp:featuredmedia":[{"embeddable":true,"href":"https:\/\/www.europesays.com\/es\/wp-json\/wp\/v2\/media\/741355"}],"wp:attachment":[{"href":"https:\/\/www.europesays.com\/es\/wp-json\/wp\/v2\/media?parent=741354"}],"wp:term":[{"taxonomy":"category","embeddable":true,"href":"https:\/\/www.europesays.com\/es\/wp-json\/wp\/v2\/categories?post=741354"},{"taxonomy":"post_tag","embeddable":true,"href":"https:\/\/www.europesays.com\/es\/wp-json\/wp\/v2\/tags?post=741354"}],"curies":[{"name":"wp","href":"https:\/\/api.w.org\/{rel}","templated":true}]}}