{"id":741356,"date":"2026-09-01T03:12:24","date_gmt":"2026-09-01T03:12:24","guid":{"rendered":"https:\/\/www.europesays.com\/es\/741356\/"},"modified":"2026-09-01T03:12:24","modified_gmt":"2026-09-01T03:12:24","slug":"el-malaga-cf-ficha-en-propiedad-al-central-juan-berrocal","status":"publish","type":"post","link":"https:\/\/www.europesays.com\/es\/741356\/","title":{"rendered":"El M\u00e1laga CF ficha en propiedad al central Juan Berrocal"},"content":{"rendered":"<p class=\"ft-text\">El tramo final del mercado del <strong>M\u00e1laga CF<\/strong> est\u00e1 siendo fren\u00e9tico. <a class=\"ft-link ft-link--decoration\" href=\"https:\/\/www.laopiniondemalaga.es\/malagacf\/2026\/08\/31\/malaga-cf-cierra-fichajes-cajuste-aznou-133811045.html\" target=\"_blank\" rel=\"nofollow noopener\">Adam Aznou, Jens Cajuste&#8230;<\/a> y ahora el club blanquiazul acaba de cerrar la llegada de<strong> Juan Berrocal<\/strong>, central de <strong>27 a\u00f1os<\/strong> del <strong>Getafe<\/strong>. Al futbolista le quedaba solo un a\u00f1o en el equipo azul\u00f3n y llegar\u00e1 en propiedad a <strong>La Rosaleda <\/strong>en estas \u00faltimas horas de ventana de fichajes, seg\u00fan adelant\u00f3 Matteo Moretto y pudo confirmar este peri\u00f3dico. Se har\u00e1 oficial en cuanto pase el reconocimiento m\u00e9dico y estampe su firma en el contrato.<\/p>\n<p class=\"ft-text\">La situaci\u00f3n en el centro de la zaga ha hecho reaccionar a la direcci\u00f3n deportiva blanquiazul encabezada por <strong>Loren Juarros<\/strong>. <strong>Fernando Calero y Murillo <\/strong>est\u00e1n lesionados y no volver\u00e1n, como m\u00ednimo, hasta despu\u00e9s del primer par\u00f3n. Se espera algo antes a Calero que a Murillo. El papel de titulares lo est\u00e1n asumiendo <strong>Einar Galilea y Recio<\/strong>, con <strong>\u00c1lex Pastor<\/strong>, tras un a\u00f1o lesionado, como \u00fanico central en la rec\u00e1mara. La llegada de Berrocal dar\u00e1 tranquilidad en la parcela donde pod\u00eda haber m\u00e1s dudas y complicaciones a nivel de efectivos. Berrocal es diestro, pero puede jugar en <strong>ambos perfiles<\/strong>, otro punto a favor para su fichaje.<\/p>\n<p>Paso por Estados Unidos<\/p>\n<p class=\"ft-text\"><strong>Berrocal<\/strong>, procedente del Getafe, jug\u00f3 la pasada temporada a pr\u00e9stamo en el <strong>Atlanta United <\/strong>estadounidense. All\u00ed disput\u00f3 <strong>22 partidos<\/strong>. Ahora, el equipo madrile\u00f1o no contaba con \u00e9l y el M\u00e1laga CF ha aparecido para hacerse con sus servicios.<\/p>\n<p class=\"ft-text\">El central jerezano ya son\u00f3 en <strong>2021<\/strong> para llegar al equipo blanquiazul, cuando estaba en Segunda, pero finalmente la operaci\u00f3n no cristaliz\u00f3 y acab\u00f3 en el <strong>Sporting de Gij\u00f3n<\/strong>.<\/p>\n","protected":false},"excerpt":{"rendered":"El tramo final del mercado del M\u00e1laga CF est\u00e1 siendo fren\u00e9tico. Adam Aznou, Jens Cajuste&#8230; y ahora el&hellip;\n","protected":false},"author":2,"featured_media":741357,"comment_status":"","ping_status":"","sticky":false,"template":"","format":"standard","meta":{"footnotes":""},"categories":[93],"tags":[9039,1512,13103,168,25,24,1750,409,3855,23,167],"class_list":["post-741356","post","type-post","status-publish","format-standard","has-post-thumbnail","category-deportes","tag-berrocal","tag-central","tag-cf","tag-deportes","tag-es","tag-espana","tag-ficha","tag-juan","tag-malaga","tag-spain","tag-sports"],"share_on_mastodon":{"url":"https:\/\/pubeurope.com\/@es\/117193601355435491","error":""},"_links":{"self":[{"href":"https:\/\/www.europesays.com\/es\/wp-json\/wp\/v2\/posts\/741356","targetHints":{"allow":["GET"]}}],"collection":[{"href":"https:\/\/www.europesays.com\/es\/wp-json\/wp\/v2\/posts"}],"about":[{"href":"https:\/\/www.europesays.com\/es\/wp-json\/wp\/v2\/types\/post"}],"author":[{"embeddable":true,"href":"https:\/\/www.europesays.com\/es\/wp-json\/wp\/v2\/users\/2"}],"replies":[{"embeddable":true,"href":"https:\/\/www.europesays.com\/es\/wp-json\/wp\/v2\/comments?post=741356"}],"version-history":[{"count":0,"href":"https:\/\/www.europesays.com\/es\/wp-json\/wp\/v2\/posts\/741356\/revisions"}],"wp:featuredmedia":[{"embeddable":true,"href":"https:\/\/www.europesays.com\/es\/wp-json\/wp\/v2\/media\/741357"}],"wp:attachment":[{"href":"https:\/\/www.europesays.com\/es\/wp-json\/wp\/v2\/media?parent=741356"}],"wp:term":[{"taxonomy":"category","embeddable":true,"href":"https:\/\/www.europesays.com\/es\/wp-json\/wp\/v2\/categories?post=741356"},{"taxonomy":"post_tag","embeddable":true,"href":"https:\/\/www.europesays.com\/es\/wp-json\/wp\/v2\/tags?post=741356"}],"curies":[{"name":"wp","href":"https:\/\/api.w.org\/{rel}","templated":true}]}}