{"id":741358,"date":"2026-09-01T03:14:23","date_gmt":"2026-09-01T03:14:23","guid":{"rendered":"https:\/\/www.europesays.com\/es\/741358\/"},"modified":"2026-09-01T03:14:23","modified_gmt":"2026-09-01T03:14:23","slug":"esther-palomera-y-gonzalo-miro-estrenan-la-nueva-etapa-de-malas-lenguas-en-rtve-continuamos-con-nuestro-rigor-y-nuestra-lucha-contra-los-bulos","status":"publish","type":"post","link":"https:\/\/www.europesays.com\/es\/741358\/","title":{"rendered":"Esther Palomera y Gonzalo Mir\u00f3 estrenan la nueva etapa de &#8216;Malas lenguas&#8217; en RTVE: \u00abContinuamos con nuestro rigor y nuestra lucha contra los bulos\u00bb"},"content":{"rendered":"<p class=\"article-text\">\n        Este lunes 31 de agosto ha arrancado<strong> la temporada televisiva 2026-2027<\/strong> con novedades importantes en <strong>RTVE<\/strong>. La principal, m\u00e1s all\u00e1 del <a href=\"https:\/\/www.eldiario.es\/vertele\/noticias\/telediario-rtve-estrena-imagen-nuevo-plato-cabecera-renovada-grafismos-vanguardia_1_13477085.html\" target=\"_blank\" data-mrf-recirculation=\"links-noticia\" class=\"link\" rel=\"nofollow noopener\">cambio de imagen de los Telediarios<\/a>, ha sido el estreno de la nueva etapa de <strong>Malas lenguas<\/strong> con el debut de <strong>Esther Palomera<\/strong> como presentadora junto a <strong>Gonzalo Mir\u00f3<\/strong> en <strong>La 2<\/strong>.\n    <\/p>\n<p>    <a href=\"https:\/\/www.eldiario.es\/vertele\/analisis\/nuestros-7-deseos-temporada-2026-2027-tv-adelanto-prime-time-claves-ganar-audiencia_1_13470322.html\" data-mrf-recirculation=\"saber-mas\" data-dl-event=\"saber-mas\" rel=\"nofollow noopener\" target=\"_blank\"><\/p>\n<p class=\"know-more__title\">Nuestros 7 deseos para la temporada 2026-2027 en TV: del adelanto del prime time a otras claves para ganar audiencia<\/p>\n<p>            <img decoding=\"async\" class=\"lazy\" loading=\"lazy\" data-src=\"https:\/\/static.eldiario.es\/clip\/8ad776eb-fe09-4bf7-ae95-98b17703a888_16-9-aspect-ratio_default_0.jpg\" src=\"data:image\/svg+xml,%3Csvg xmlns=\" http:=\"\" viewbox=\"0 0 880 495\" alt=\"Nuestros 7 deseos para la temporada 2026-2027 en TV: del adelanto del prime time a otras claves para ganar audiencia\"\/><\/p>\n<p>                        <\/a><\/p>\n<p class=\"article-text\">\n         La periodista, <a href=\"https:\/\/www.eldiario.es\/autores\/esther_palomera\/\" target=\"_blank\" data-mrf-recirculation=\"links-noticia\" class=\"link\" rel=\"nofollow noopener\">adjunta al director de elDiario.es<\/a>, se ha iniciado en este rol <strong>tras ser colaboradora<\/strong> durante el periplo de Jes\u00fas Cintora, que ahora conduce <strong>Ma\u00f1aneros 360<\/strong> con Adela Gonz\u00e1lez. Lo ha hecho acompa\u00f1ada de Mir\u00f3, con quien ha compartido funciones <strong>durante el bloque del magac\u00edn de actualidad en La 2<\/strong>. En el tramo de La 1, tambi\u00e9n este lunes ha empezado su labor <strong>Ana Hinestrosa<\/strong>, que llega a TVE tras <a href=\"https:\/\/www.eldiario.es\/vertele\/noticias\/canal-sur-despide-conocidas-presentadoras-dejan-cadena-motivos-distintos_1_13406742.html\" target=\"_blank\" data-mrf-recirculation=\"links-noticia\" class=\"link\" rel=\"nofollow noopener\">su salida de Canal Sur<\/a>.\n    <\/p>\n<p class=\"article-text\">\n        \u201c<strong>Empezamos una nueva etapa de la mano de Esther Palomera, bienvenida<\/strong>. Es una nueva etapa, pero continuamos con nuestro rigor, nuestra lucha contra los bulos y nuestra manera de contar la actualidad\u201d, ha comenzado diciendo Gonzalo Mir\u00f3 al inicio del programa, que ha arrancado su escaleta conectando con Ceuta y su enviado especial <strong>Arnau Mart\u00ednez<\/strong>.\n    <\/p>\n<p class=\"article-text\">\n        En el sumario, la presentadora ha introducido las claves de<a href=\"https:\/\/www.eldiario.es\/politica\/sanchez-anuncia-rey-felipe-vi-ira-ceuta-hay-razones-suficientes_1_13475926.html\" target=\"_blank\" data-mrf-recirculation=\"links-noticia\" class=\"link\" rel=\"nofollow noopener\"> la entrevista que ha ofrecido Pedro S\u00e1nchez<\/a> este lunes en la Cadena SER, donde ha hablado sobre la crisis migratoria. Entre los temas del d\u00eda tambi\u00e9n se ha abordado la reacci\u00f3n del presidente del Gobierno al \u00e1tico comprado por la Comunidad de Madrid, y como plato principal han presentado una entrevista exclusiva al ministro <strong>\u00d3scar Puente<\/strong>.\n    <\/p>\n<blockquote class=\"twitter-tweet\" data-lang=\"es\"><p><a href=\"https:\/\/twitter.com\/X\/status\/2094453289987322073?ref_src=twsrc%5Etfw\" rel=\"nofollow noopener\" target=\"_blank\"><\/p><\/blockquote>\n<p class=\"article-text\">\n        Ya en la mesa, Palomera y Mir\u00f3 han abordado con sus colaboradores del d\u00eda<strong> las amenazas de Marcos de Quinto de cerrar RTVE<\/strong>, en una entrevista reciente al reportero Arnau Mart\u00ednez. \u201cUno m\u00e1s que quiere cerrar RTVE\u201d, ha comentado la presentadora. \u201cIntenta amedrentar al reportero y carga contra esta casa y contra la libertad, porque lo que m\u00e1s le molesta al fascista es la libertad\u201d, ha valorado<strong> Sarah Santaolalla<\/strong>,<strong> <\/strong>cuyo <a href=\"https:\/\/www.eldiario.es\/vertele\/noticias\/septima-cierra-fichaje-sarah-santaolalla-presentadora-propio-programa-nuevo-canal-tdt_1_13472876.html\" data-mrf-recirculation=\"links-noticia\" class=\"link\" rel=\"nofollow noopener\" target=\"_blank\">fichaje por La S\u00e9ptima ya es oficial<\/a>.\n    <\/p>\n<p class=\"article-text\">\n        Gonzalo Mir\u00f3, por su parte, ha recordado que \u201c<strong>no es la primera vez que los ultras amenazan con cerrar esta casa<\/strong>\u201d. \u201cIgual tenemos que darle las gracias por no amenazar con que va a entrar con motosierras o lanzallamas\u201d, ha ironizado, dando paso a un v\u00eddeo que recopila las amenazas que pol\u00edticos de derecha y ultraderecha han vertido contra la p\u00fablica.\n    <\/p>\n<p>    Nueva etapa en los magacines de RTVE<\/p>\n<p class=\"article-text\">\n        Malas lenguas ha iniciado esta nueva etapa con cambio de rostros despu\u00e9s de un verano de <strong>reajustes en todos los magacines principales de RTVE<\/strong>. Tras <a href=\"https:\/\/www.eldiario.es\/vertele\/noticias\/javier-ruiz-confirma-marcha-mananeros-360-rtve-fichaje-la-septima-placer-servirles-trinchera_1_13432722.html\" target=\"_blank\" data-mrf-recirculation=\"links-noticia\" class=\"link\" rel=\"nofollow noopener\">la salida de Javier Ruiz rumbo a La S\u00e9ptima<\/a>, la p\u00fablica ha reestructurado las &#8216;piezas&#8217; para el curso 26-27: <strong>Silvia Intxaurrondo<\/strong> abre las ma\u00f1anas al frente de <strong>La hora de La 1<\/strong> para dar paso despu\u00e9s a<strong> Jes\u00fas Cintora y Adela Gonz\u00e1lez<\/strong>, nuevo d\u00fao de<strong> Ma\u00f1aneros 360<\/strong>.\n    <\/p>\n<p>    <a href=\"https:\/\/www.eldiario.es\/vertele\/noticias\/telediario-rtve-estrena-imagen-nuevo-plato-cabecera-renovada-grafismos-vanguardia_1_13477085.html\" data-mrf-recirculation=\"saber-mas-abajo\" data-dl-event=\"saber-mas-abajo\" rel=\"nofollow noopener\" target=\"_blank\"><\/p>\n<p class=\"know-more__title\">El Telediario de RTVE estrena imagen: as\u00ed es el nuevo plat\u00f3, su cabecera renovada y los grafismos de vanguardia\n<\/p>\n<p>            <img decoding=\"async\" class=\"lazy\" loading=\"lazy\" data-src=\"https:\/\/static.eldiario.es\/clip\/b6e4b7e3-e076-4037-adab-85d0e1fb61fb_16-9-aspect-ratio_default_0.jpg\" src=\"data:image\/svg+xml,%3Csvg xmlns=\" http:=\"\" viewbox=\"0 0 880 495\" alt=\"El Telediario de RTVE estrena imagen: as\u00ed es el nuevo plat\u00f3, su cabecera renovada y los grafismos de vanguardia\"\/><\/p>\n<p>                        <\/a><\/p>\n<p class=\"article-text\">\n        En la franja vespertina, el mencionado <strong>Malas lenguas <\/strong>est\u00e1 ahora presentado por <strong>Gonzalo Mir\u00f3<\/strong> junto a <strong>Esther Palomera<\/strong> (La 2) y <strong>Ana Hinestrosa<\/strong> (La 1), mientras que <strong>Directo al grano<\/strong> lo lideran<strong> Marta Flich y Mart\u00edn Barreiro<\/strong> y <strong>Aqu\u00ed la Tierra<\/strong> sigue con <strong>Jacob Petrus <\/strong>de lunes a viernes, y <strong>Marc Santandreu<\/strong> los domingos.\n    <\/p>\n<p>                                        <script async src=\"https:\/\/platform.twitter.com\/widgets.js\" charset=\"utf-8\"><\/script><\/p>\n","protected":false},"excerpt":{"rendered":"Este lunes 31 de agosto ha arrancado la temporada televisiva 2026-2027 con novedades importantes en RTVE. La principal,&hellip;\n","protected":false},"author":2,"featured_media":741359,"comment_status":"","ping_status":"","sticky":false,"template":"","format":"standard","meta":{"footnotes":""},"categories":[91],"tags":[23659,131573,146,147,25,24,5975,1582,314,4799,9463,591,9462,10288,795,93156,3485,518,23],"class_list":["post-741358","post","type-post","status-publish","format-standard","has-post-thumbnail","category-entretenimiento","tag-bulos","tag-continuamos","tag-entertainment","tag-entretenimiento","tag-es","tag-espana","tag-esther","tag-estrenan","tag-etapa","tag-gonzalo","tag-lenguas","tag-lucha","tag-malas","tag-miro","tag-nueva","tag-palomera","tag-rigor","tag-rtve","tag-spain"],"share_on_mastodon":{"url":"https:\/\/pubeurope.com\/@es\/117193609632241926","error":""},"_links":{"self":[{"href":"https:\/\/www.europesays.com\/es\/wp-json\/wp\/v2\/posts\/741358","targetHints":{"allow":["GET"]}}],"collection":[{"href":"https:\/\/www.europesays.com\/es\/wp-json\/wp\/v2\/posts"}],"about":[{"href":"https:\/\/www.europesays.com\/es\/wp-json\/wp\/v2\/types\/post"}],"author":[{"embeddable":true,"href":"https:\/\/www.europesays.com\/es\/wp-json\/wp\/v2\/users\/2"}],"replies":[{"embeddable":true,"href":"https:\/\/www.europesays.com\/es\/wp-json\/wp\/v2\/comments?post=741358"}],"version-history":[{"count":0,"href":"https:\/\/www.europesays.com\/es\/wp-json\/wp\/v2\/posts\/741358\/revisions"}],"wp:featuredmedia":[{"embeddable":true,"href":"https:\/\/www.europesays.com\/es\/wp-json\/wp\/v2\/media\/741359"}],"wp:attachment":[{"href":"https:\/\/www.europesays.com\/es\/wp-json\/wp\/v2\/media?parent=741358"}],"wp:term":[{"taxonomy":"category","embeddable":true,"href":"https:\/\/www.europesays.com\/es\/wp-json\/wp\/v2\/categories?post=741358"},{"taxonomy":"post_tag","embeddable":true,"href":"https:\/\/www.europesays.com\/es\/wp-json\/wp\/v2\/tags?post=741358"}],"curies":[{"name":"wp","href":"https:\/\/api.w.org\/{rel}","templated":true}]}}