{"id":741376,"date":"2026-09-01T03:29:24","date_gmt":"2026-09-01T03:29:24","guid":{"rendered":"https:\/\/www.europesays.com\/es\/741376\/"},"modified":"2026-09-01T03:29:24","modified_gmt":"2026-09-01T03:29:24","slug":"de-vitoria-a-triunfar-en-redes-asi-es-la-vida-de-belen-santo-ainara-quesada-e-inaki-ibaibarriaga","status":"publish","type":"post","link":"https:\/\/www.europesays.com\/es\/741376\/","title":{"rendered":"De Vitoria a triunfar en redes: as\u00ed es la vida de Bel\u00e9n Santo, Ainara Quesada e I\u00f1aki Ibaibarriaga"},"content":{"rendered":"<p>\n        Dentro del mundo de la publicidad y las relaciones p\u00fablicas, <strong>el <\/strong><strong>influencer <\/strong><strong>marketing es una rama que ha cogido mucho peso en los \u00faltimos a\u00f1os<\/strong>. Cada vez son m\u00e1s las <strong>marcas que conf\u00edan en los creadores de contenido para crear fotos y v\u00eddeos con sus productos y promocionarlos as\u00ed en sus redes sociales<\/strong>. Sin embargo, empezar a subir v\u00eddeos siendo de una ciudad peque\u00f1a como <a href=\"https:\/\/www.noticiasdealava.eus\/gasteiz\/2026\/08\/17\/vitoria-tendra-arboles-colegios-parques-11444424.html\" title=\"Vitoria\" target=\"_blank\" class=\"link copy\" rel=\"nofollow noopener\"><strong>Vitoria<\/strong><\/a>, no es nada f\u00e1cil.\n<\/p>\n<p class=\"article-body__text \">\n        Todav\u00eda hay marcas que mantienen una actitud m\u00e1s reticente hac\u00eda este tipo de <strong>estrategias digitales<\/strong>. Aunque<strong> cada vez la conciencia es mayor<\/strong>, las marcas locales siguen optando por la publicidad tradicional, ya sea por costumbre, o por falta de conocimiento hacia estas nuevas t\u00e9cnicas. De esta manera,<strong> vivir como creador de contenido en ciudades peque\u00f1as como Gasteiz se convierte en todo un reto<\/strong>.\n<\/p>\n<p class=\"article-body__text \">\n        <strong>Bien lo saben <\/strong><strong>influencers <\/strong><strong>gasteiztarras como Bel\u00e9n Santo (<\/strong><a href=\"https:\/\/www.instagram.com\/santobelen_\/\" title=\"@santobelen_\" rel=\"nofollow noopener\" class=\"link copy\" target=\"_blank\"><strong>@santobelen_<\/strong><\/a><strong>), Ainara Quesada (<\/strong><a href=\"https:\/\/www.instagram.com\/ainaraquesada__\/\" title=\"@ainaraquesada__\" rel=\"nofollow noopener\" class=\"link copy\" target=\"_blank\"><strong>@ainaraquesada__<\/strong><\/a><strong>) o I\u00f1aki Ibaibarriaga (<\/strong><a href=\"https:\/\/www.instagram.com\/guk_green\/\" title=\"@guk_green\" rel=\"nofollow noopener\" class=\"link copy\" target=\"_blank\"><strong>@guk_green<\/strong><\/a><strong>), quienes a d\u00eda de hoy tienen millones de seguidores y son reconocidos all\u00e1 donde van.<\/strong>\n<\/p>\n<p class=\"article-body__text \">\n        Los comienzos nunca suelen ser f\u00e1ciles y la mayor\u00eda de las veces todo empieza como algo natural e improvisado.\n<\/p>\n<p>  Bel\u00e9n Santo (@santobelen_)<\/p>\n<p class=\"article-photo__footer\">\n            Bel\u00e9n Santo, creadora de contenido en redes sociales            @santobelen_        <\/p>\n<p class=\"article-body__text \">\n        Bel\u00e9n Santo comenz\u00f3 a subir v\u00eddeos a Tik Tok <strong>en el a\u00f1o 2021, de manera espont\u00e1nea y por pura diversi\u00f3n<\/strong>. A d\u00eda de hoy, sigue manteniendo esa esencia y <strong>planta el m\u00f3vil en cualquier sitio <\/strong>cuando tiene una idea o quiere grabar un v\u00eddeo.\n<\/p>\n<p class=\"article-body__text \">\n        \u00abSinceramente me importaba poco lo que me dijeran, yo<strong> empec\u00e9 con 22 a\u00f1os, entonces ah\u00ed ya ten\u00eda la cabeza bastante amueblada. Igual si lo llego a hacer con 16, s\u00ed que me habr\u00eda muerto de la verg\u00fcenza <\/strong>porque s\u00e9 que a muchas personas les ha pasado\u00bb, asume Bel\u00e9n al hablar de su alrededor, mencionando tambi\u00e9n que siempre fue apoyada por su gente m\u00e1s cercana.\n<\/p>\n<p class=\"article-body__text \">\n        Destaca por su<strong> tono natural y de comedia cotidiana<\/strong>, y cuenta con m\u00e1s de un mill\u00f3n de seguidores por sus<strong> reflexiones y an\u00e9cdotas<\/strong> sobre su trabajo y situaciones del d\u00eda a d\u00eda.\n<\/p>\n<p>  Ainara Quesada (@ainaraquesada__)<\/p>\n<p class=\"article-photo__footer\">\n            La influencer vitoriana Ainara Quesada            Cedidas        <\/p>\n<p class=\"article-body__text \">\n        Ainara Quesada empez\u00f3 a subir v\u00eddeos en la antigua plataforma de <strong>Musical.ly, hoy conocida como Tik Tok, con tan solo 14 a\u00f1os<\/strong>. \u00abAunque me encantaba bailar,<strong> era muy vergonzosa,<\/strong> entonces al grabarme en mi cuarto sola, encontr\u00e9 mi lugar seguro\u00bb.\n<\/p>\n<p class=\"article-body__text \">\n        Posteriormente, estuvo dos a\u00f1os sin subir nada a redes sociales debido a<strong> la presi\u00f3n que le generaban las cr\u00edticas y el reconocimiento en el instituto<\/strong>. Sin embargo, m\u00e1s tarde volvi\u00f3 y se atrevi\u00f3 a subir m\u00e1s contenido, que <strong>a d\u00eda de hoy le ha generado m\u00e1s de un mill\u00f3n de seguidores. <\/strong>\n<\/p>\n<p class=\"article-body__text \">\n        Tambi\u00e9n en <strong>Instagram<\/strong>, ahora <strong>centra su perfil en el \u00e1mbito del estilo de vida y la belleza <\/strong>destacando por sus populares v\u00eddeos de Get Ready With Me (GRWM), rutinas de maquillaje, tutoriales y combinaciones de moda.\n<\/p>\n<p>  I\u00f1aki Ibaibarriaga (@guk_green)<\/p>\n<p class=\"article-photo__footer\">\n            I\u00f1aki Ibaibarriaga, creador de contenido gasteiztarra            Cedida        <\/p>\n<p class=\"article-body__text \">\n        <strong>I\u00f1aki Ibaibarriaga<\/strong> tiene m\u00e1s de doscientos mil seguidores entre Instagram y Tik Tok. Comenz\u00f3 a hacer v\u00eddeos en la <strong>pandemia para gestionar las redes sociales del negocio de sus padres <\/strong><a href=\"https:\/\/www.noticiasdealava.eus\/gasteiz\/2026\/08\/31\/lagranjadevitoria.com\" title=\"La Granja de Vitoria\" class=\"link copy\" rel=\"nofollow noopener\" target=\"_blank\"><strong>La Granja de Vitoria<\/strong><\/a>, una granja escuela y casa rural en Hueto Arriba, con un entorno muy familiar. \u00abEmpec\u00e9 a hacer yo las fotos porque a mis padres no se les daba tan bien, pero vi que ten\u00eda mucho \u00e9xito y <strong>pens\u00e9 que era una buena manera de ayudar a los negocios durante esa \u00e9poca tan dif\u00edcil<\/strong>\u00ab.\n<\/p>\n<p class=\"article-body__text \">\n        Su usuario, Guk Green, es un juego de palabras que por un lado indica <strong>comunidad <\/strong>(guk=nosotros en euskera), y por otro lado hace referencia a <strong>Gasteiz <\/strong>(green, en referencia a Green Capital). Aunque el creador de contenido al principio s\u00f3lo sub\u00eda fotos de la ciudad, pronto implement\u00f3 el formato v\u00eddeo, aunque al principio no mostraba su cara.\n<\/p>\n<p>  Trasladarse a la gran ciudad<\/p>\n<p class=\"article-body__text \">\n        <strong>Los eventos de las marcas m\u00e1s conocidas habitualmente son en grandes ciudades como Madrid o Barcelona<\/strong>, por lo que tener la facilidad para trasladarse se convierte en algo imprescindible. As\u00ed, <strong>muchos creadores de contenido acaban movi\u00e9ndose a la gran ciudad <\/strong>una vez empiezan a colaborar con grandes marcas a nivel nacional o internacional.\n<\/p>\n<p class=\"article-body__text \">\n        <strong>Ainara Quesada<\/strong>, hace un a\u00f1o <strong>tom\u00f3 la decisi\u00f3n de mudarse a Madrid<\/strong> para continuar con su carrera como creadora de contenido y poder estar en el epicentro de todas las grandes marcas. \u00abYo cuando trabajaba en Gasteiz<strong> ten\u00eda que estar pidi\u00e9ndole cambiar el turno a mis compa\u00f1eras para poder irme a Madrid<\/strong> a un evento que duraba una hora y por el que luego perd\u00eda el resto de d\u00eda\u00bb, confirma Ainara.\n<\/p>\n<p class=\"article-body__text \">\n        La influencer explica que aunque<strong> se pueda crear contenido desde la capital alavesa como hacen otras compa\u00f1eras de profesi\u00f3n,<\/strong> existe una gran <strong>limitaci\u00f3n <\/strong>en cuanto a <strong>colaboraciones con marcas y eventos. <\/strong>\n<\/p>\n<p class=\"article-body__text \">\n        En su caso, <strong>mudarse a la gran ciudad le abri\u00f3 m\u00e1s puertas <\/strong>no s\u00f3lo en el mundo de las<strong> redes sociales, sino tambi\u00e9n en el del modelaje<\/strong>. Tras su primer mes viviendo en Madrid, dio el paso a<strong> trabajar junto a una agencia de modelos y adentrarse en otra profesi\u00f3n que admiraba<\/strong>.\n<\/p>\n<p class=\"article-body__text \">\n        Aunque ambas disciplinas le exigen <strong>disciplina <\/strong>y <strong>constancia<\/strong>, Ainara asegura que \u00aben el mundo del modelaje te bajan los pies a la tierra y eres una trabajadora m\u00e1s, aunque en el de influencer te hacen m\u00e1s la pelota\u00bb.\n<\/p>\n<p class=\"article-body__text \">\n        A pesar de haber compaginado esta profesi\u00f3n siendo <strong>camarera o vendedora en una tienda de chuches, Bel\u00e9n Santo tambi\u00e9n tom\u00f3 la decisi\u00f3n de trasladarse a Madrid<\/strong> cuando pudo dedicarse \u00fanicamente a las redes.\n<\/p>\n<p class=\"article-body__text \">\n        \u00abTodo est\u00e1 muy centralizado en Madrid y yo <strong>pasaba demasiado tiempo en el autob\u00fas<\/strong>\u00ab, indica la creadora entre risas, mencionando ir\u00f3nicamente que pronto ser\u00eda una pasajera VIP. <strong>\u00abGasteiz es mi casa, pero tambi\u00e9n he construido mi familia en Madrid y en un futuro cercano me veo aqu\u00ed\u00bb.<\/strong>\n<\/p>\n<p>         \u00abLos vitorianos somos unos enamorados de nuestra ciudad y yo siempre he recibido mucho cari\u00f1o\u00bb<\/p>\n<p class=\"article-quote__author\">I\u00f1aki Ibaibarriaga @guk_green &#8211; Creador de contenido en redes sociales<\/p>\n<p class=\"article-body__text \">\n        Sin embargo, tambi\u00e9n hay otros creadores de contenido como<strong> I\u00f1aki Ibaibarriaga (@guk_green) <\/strong>que <strong>apuestan por su ciudad natal e impulsan a las marcas locales a desarrollar estrategias de marketing mediante las redes sociales. <\/strong>\u00abLos vitorianos somos unos enamorados de nuestra ciudad y yo siempre he recibido mucho cari\u00f1o\u00bb, comenta I\u00f1aki.\n<\/p>\n<p class=\"article-body__text \">\n        Al hablar de la <strong>cultura vasca<\/strong>, los n\u00fameros empezaron a aumentar y<strong> las invitaciones y colaboraciones de las marcas hicieron que su perfil creciese.<\/strong> Con la <strong>txapela como icono de identidad<\/strong>, I\u00f1aki se posiciona como <strong>uno de los creadores de contenido m\u00e1s reconocidos de la ciudad al que muchas marcas acuden.<\/strong>\n<\/p>\n<p class=\"article-body__text \">\n        Sin embargo, \u00e9l asegura que la mayor\u00eda de su contenido no relacionado con marcas:<strong> \u00abMis cuatro pilares son la cultura vasca, la gastronom\u00eda, las rutas y las recetas\u00bb.<\/strong>\n<\/p>\n<p>  Una ola de odio<\/p>\n<p class=\"article-body__text \">\n        <strong>Poder vivir de este trabajo no es nada f\u00e1cil. <\/strong>Cada vez hay m\u00e1s <strong>competencia <\/strong>y al mismo tiempo, lo que hoy es <strong>viral<\/strong>, ma\u00f1ana no lo es. Adem\u00e1s, los<strong> v\u00eddeos cada vez son m\u00e1s cortos y r\u00e1pidos <\/strong>y la gente se olvida de lo que acaba de ver.  Aun as\u00ed, <strong>las cifras hablan por s\u00ed solas<\/strong>. La cantidad de <strong>clicks <\/strong>y de <strong>compras <\/strong>que se consiguen gracias a las colaboraciones con influencers demuestran que <strong>su trabajo funciona<\/strong>.\n<\/p>\n<p class=\"article-body__text \">\n        No s\u00f3lo eso, sino que tambi\u00e9n <strong>ayudan a que la marca se posicione de una manera espec\u00edfica en la cabeza del consumidor.<\/strong> Es por ello, que<strong> elegir al creador de contenido adecuado no es una decisi\u00f3n que pueda tomarse al azar; ya que debe haber una estrategia detr\u00e1s. <\/strong>\n<\/p>\n<p>         \u00abNunca voy a decir que sea un trabajo complicado, pero exige una creatividad constante para pensar ideas\u00bb<\/p>\n<p class=\"article-quote__author\">Bel\u00e9n Santo @santobelen_ &#8211; Creadora de contenido en redes sociales<\/p>\n<p class=\"article-body__text \">\n        <strong>De no ser as\u00ed, <\/strong>crear contenido con influencers tambi\u00e9n<strong> puede acabar volvi\u00e9ndose en contra<\/strong>. Las <strong>pol\u00e9micas <\/strong>est\u00e1n a la orden del d\u00eda y el <strong>odio en redes <\/strong>tambi\u00e9n ha ido creciendo en la \u00faltima d\u00e9cada.\n<\/p>\n<p class=\"article-body__text \">\n        <strong>Ainara Quesada <\/strong>cuenta con m\u00e1s de un mill\u00f3n de seguidores en la plataforma de <strong>Tik Tok<\/strong>. Una red social donde, tal y como confirma ella,<strong> existe una reciente ola odio. <\/strong>\n<\/p>\n<p class=\"article-body__text \">\n        A pesar de que todav\u00eda le sorprende y le cuesta recibir<strong> comentarios ofensivos a trav\u00e9s de la pantalla,<\/strong> Ainara explica que<strong> ese tipo de mensajes \u00abnunca suelen decir ninguna verdad\u00bb,<\/strong> haciendo referencia a las cr\u00edticas. \u00abTengo la suerte de tener<strong> una comunidad de seguidores bastante sana, porque adem\u00e1s yo intento no meterme en ning\u00fan l\u00edo e intento ser respetuosa siempre\u00bb.<\/strong>\n<\/p>\n<p class=\"article-body__text \">\n        A\u00fan as\u00ed, la creadora de contenido tambi\u00e9n tiene sus<strong> l\u00edmites en cuanto a la exposici\u00f3n <\/strong>en redes se refiere, y<strong> trata de mantener a las personas de su entorno a las que no le gustan las redes sociales fuera de la pantalla. <\/strong>\u00abMi abuela es la que m\u00e1s disfruta de mi entorno cuando salimos bailando juntas\u00bb, explica Ainara entre risas.\n<\/p>\n<p class=\"article-body__text \">\n        Bel\u00e9n Santo coincide al mencionar la <strong>suerte <\/strong>que tiene con su <strong>gran comunidad. \u00ab<\/strong>Nunca voy a decir que sea un trabajo complicado, pero exige una creatividad constante para pensar ideas\u00bb, menciona la influencer.\n<\/p>\n<p class=\"article-body__text \">\n        A pesar de ser consciente de ello, <strong>tambi\u00e9n hay d\u00edas en los que recibe comentarios hirientes por parte de <\/strong><strong>haters<\/strong><strong>, aunque ella tiene claro que ese perfil \u00abson personas que odian a todo el mundo\u00bb. <\/strong>\n<\/p>\n<p class=\"article-body__text \">\n        Para poder<strong> hacer frente a la opini\u00f3n p\u00fablica, <\/strong>Bel\u00e9n tambi\u00e9n resalta el trabajo que ha llevado a cabo junto a su <strong>psic\u00f3loga. \u00abHe aprendido a vivir con ello, es un gaje del oficio\u00bb<\/strong>. Adem\u00e1s, coincide en que hay parte de su <strong>intimidad <\/strong>que guarda para su vida privada.\n<\/p>\n<blockquote class=\"tiktok-embed\" cite=\"https:\/\/www.tiktok.com\/@santobelen_\/video\/7641951979681402134\" data-video-id=\"7641951979681402134\" style=\"max-width: 605px;min-width: 325px;\"><p>  <a target=\"_blank\" title=\"@santobelen_\" href=\"https:\/\/www.tiktok.com\/@santobelen_?refer=embed\" rel=\"nofollow noopener\">@santobelen_<\/a>  <a target=\"_blank\" title=\"\u266c sonido original - BELU\" href=\"https:\/\/www.tiktok.com\/music\/sonido-original-7641951977087060758?refer=embed\" rel=\"nofollow noopener\">\u266c sonido original &#8211; BELU<\/a>  <\/p><\/blockquote>\n<p class=\"article-body__text \">\n        Sin embargo, durante este \u00faltimos a\u00f1os tambi\u00e9n ha aprendido a <strong>contar algunas de las cosas malas que le pasan como otra forma de conectar y ayudar a su comunidad. <\/strong>\n<\/p>\n<p class=\"article-body__text \">\n        \u00abYo antes era el t\u00edpico chaval que quer\u00eda agradar a todo el mundo y, <strong>gracias a los <\/strong><strong>haters<\/strong><strong>, he aprendido a vivir mi vida sin que me preocupe lo que los dem\u00e1s me digan<\/strong>\u00ab, menciona <strong>I\u00f1aki <\/strong>d\u00e1ndole la vuelta a la situaci\u00f3n.\n<\/p>\n<p>  Un futuro de oportunidades<\/p>\n<p class=\"article-body__text \">\n        Los reconocidos creadores de contenido <strong>gasteiztarras <\/strong>ofrecen<strong> algunos consejos para todas aquellas personas que quieran comenzar a subir v\u00eddeos a redes sociales <\/strong>pero no se atrevan a dar el paso.\n<\/p>\n<p>        \u00abTener tus propias ideas y no intentar ser un personaje es fundamental\u00bb<\/p>\n<p class=\"article-quote__author\">Ainara Quesada @ainaraquesada__ &#8211; Creadora de contenido en redes sociales<\/p>\n<p class=\"article-body__text \">\n        <strong>Bel\u00e9n Santo <\/strong>menciona que<strong> el primer paso es empezar y ser constante <\/strong>hasta conseguir lo que quieres. \u00ab<strong>Es muy importante ser natural, hoy en d\u00eda se est\u00e1 perdiendo eso en redes sociales <\/strong>y es muy importante que la gente se pueda<strong> sentir identificada contigo <\/strong>para poder conectar\u00bb, destaca por otro lado la influencer.\n<\/p>\n<p class=\"article-body__text \">\n        <strong>De la misma manera, I\u00f1aki <\/strong>explica que<strong> \u00abla persona que m\u00e1s te juzgas eres t\u00fa, no hay que pens\u00e1rselo mucho\u00bb<\/strong>. <strong>Ainara, tambi\u00e9n coincide, <\/strong>resaltando la importancia de <strong>empezar a hacerlo por diversi\u00f3n:<\/strong> \u00abTener tus propias ideas y no intentar ser un personaje es fundamental\u00bb. Cabe mencionar, que la creadora de contenido <strong>estuvo 7 a\u00f1os subiendo v\u00eddeos antes de empezar a vivir de ello. <\/strong>\n<\/p>\n<p class=\"article-body__text \">\n        As\u00ed, los tres creadores de contenido son el ejemplo de que <strong>Vitoria <\/strong>tambi\u00e9n es una <strong>cuna de talento y posicionan a la ciudad como referente dentro del actual ecosistema digital.<\/strong>\n<\/p>\n<p>            <script async src=\"\/\/www.instagram.com\/embed.js\"><\/script><script async src=\"\/\/www.tiktok.com\/embed.js\"><\/script><\/p>\n","protected":false},"excerpt":{"rendered":"Dentro del mundo de la publicidad y las relaciones p\u00fablicas, el influencer marketing es una rama que ha&hellip;\n","protected":false},"author":2,"featured_media":741377,"comment_status":"","ping_status":"","sticky":false,"template":"","format":"standard","meta":{"footnotes":""},"categories":[174],"tags":[131576,131575,131574,255,13085,10750,7436,3008,146,147,25,24,256,3934,131577,66011,2183,4536,23,5889,2177],"class_list":["post-741376","post","type-post","status-publish","format-standard","has-post-thumbnail","category-famosos","tag-ainara-quesada","tag-belen-santo","tag-belu","tag-celebrities","tag-contenido","tag-creadores","tag-crear","tag-de","tag-entertainment","tag-entretenimiento","tag-es","tag-espana","tag-famosos","tag-gasteiz","tag-guk-green","tag-hate","tag-influencers","tag-instagram","tag-spain","tag-tiktok","tag-vitoria"],"share_on_mastodon":{"url":"https:\/\/pubeurope.com\/@es\/117193668407483621","error":""},"_links":{"self":[{"href":"https:\/\/www.europesays.com\/es\/wp-json\/wp\/v2\/posts\/741376","targetHints":{"allow":["GET"]}}],"collection":[{"href":"https:\/\/www.europesays.com\/es\/wp-json\/wp\/v2\/posts"}],"about":[{"href":"https:\/\/www.europesays.com\/es\/wp-json\/wp\/v2\/types\/post"}],"author":[{"embeddable":true,"href":"https:\/\/www.europesays.com\/es\/wp-json\/wp\/v2\/users\/2"}],"replies":[{"embeddable":true,"href":"https:\/\/www.europesays.com\/es\/wp-json\/wp\/v2\/comments?post=741376"}],"version-history":[{"count":0,"href":"https:\/\/www.europesays.com\/es\/wp-json\/wp\/v2\/posts\/741376\/revisions"}],"wp:featuredmedia":[{"embeddable":true,"href":"https:\/\/www.europesays.com\/es\/wp-json\/wp\/v2\/media\/741377"}],"wp:attachment":[{"href":"https:\/\/www.europesays.com\/es\/wp-json\/wp\/v2\/media?parent=741376"}],"wp:term":[{"taxonomy":"category","embeddable":true,"href":"https:\/\/www.europesays.com\/es\/wp-json\/wp\/v2\/categories?post=741376"},{"taxonomy":"post_tag","embeddable":true,"href":"https:\/\/www.europesays.com\/es\/wp-json\/wp\/v2\/tags?post=741376"}],"curies":[{"name":"wp","href":"https:\/\/api.w.org\/{rel}","templated":true}]}}