{"id":741378,"date":"2026-09-01T03:33:41","date_gmt":"2026-09-01T03:33:41","guid":{"rendered":"https:\/\/www.europesays.com\/es\/741378\/"},"modified":"2026-09-01T03:33:41","modified_gmt":"2026-09-01T03:33:41","slug":"olivia-bay-me-presente-a-operacion-triunfo-sin-expectativas-y-quiza-por-eso-disfrute-tanto-de-todo-lo-que-vino-despues","status":"publish","type":"post","link":"https:\/\/www.europesays.com\/es\/741378\/","title":{"rendered":"Olivia Bay: \u00abMe present\u00e9 a Operaci\u00f3n Triunfo sin expectativas y quiz\u00e1 por eso disfrut\u00e9 tanto de todo lo que vino despu\u00e9s\u00bb"},"content":{"rendered":"<p>Su segundo puesto en la \u00faltima edici\u00f3n de Operaci\u00f3n Triunfo (Prime Video) pronostica una carrera que habr\u00e1 que seguir con mucha atenci\u00f3n. <strong>Olivia Bay<\/strong> (Madrid, 2005) se form\u00f3 en teatro musical, pero a d\u00eda de hoy lo tiene claro: \u201cMe veo m\u00e1s como cantante; lo disfruto mucho\u201d.<\/p>\n<p>Pregunta: Has contado que llegaste a OT sin saber muy bien d\u00f3nde te met\u00edas.<\/p>\n<p><strong>Respuesta: <\/strong>No hab\u00eda visto el programa, as\u00ed que me present\u00e9 a las audiciones sin expectativas. <strong>Fue una sorpresa.<\/strong> Como no ten\u00eda nada en mente, todo me sorprend\u00eda.\u00a0<\/p>\n<p><img loading=\"lazy\" decoding=\"async\" src=\"https:\/\/www.europesays.com\/es\/wp-content\/uploads\/2026\/09\/olivia-bay-numero-julio-agosto_ab87ad2d_260707124932_1212x1575.webp\" alt=\"Olivia Bay n\u00famero Julio-agosto\" class=\"lazyload\" width=\"1212\" height=\"1575\" data-aspectratio=\"1212\/1575\"\/>&#13;Daniel Rojas<\/p>\n<p>Chaqueta beige con cintura ajustada y mangas globo; minifalda beige en conjunto con volante; camisa blanca de algod\u00f3n sin mangas con cuello de nudo y sandalias blancas de cu\u00f1a tipo lounge. Todo, de la colecci\u00f3n Prefall de Louis Vuitton.<\/p>\n<p>P: Y la aventura te gust\u00f3 tanto que tu primer \u00e1lbum est\u00e1 a punto de caramelo.<\/p>\n<p><strong>R: <\/strong>Mi \u00faltimo sencillo se llama Sin miedo a caer y el disco saldr\u00e1 cuanto antes. Compongo con ayuda de otros. <strong>Me encanta hacer las cosas por m\u00ed misma, pero no ten\u00eda mucha experiencia.<\/strong> Estoy aprendiendo.\u00a0<\/p>\n<p><img loading=\"lazy\" decoding=\"async\"   src=\"https:\/\/www.europesays.com\/es\/wp-content\/uploads\/2026\/09\/looks-otono_0fabbccc_260825131622_640x640.webp\" alt=\"looks otono\" class=\"lazyload\" width=\"640\" height=\"640\" data-aspectratio=\"640\/640\"\/>P: Viviste en Suecia y en la India. Tambi\u00e9n da curr\u00edculum.<\/p>\n<p><strong>R: <\/strong>El trabajo de mi padre nos llev\u00f3 a ambos sitios, pero de Suecia no me acuerdo porque era un beb\u00e9. <strong>En la India estuve cuatro a\u00f1os en los que hablaba ingl\u00e9s e iba a un colegio americano.<\/strong> Al llegar a Espa\u00f1a fue un poco shock, porque en India los ni\u00f1os en la escuela nos d\u00e1bamos la mano, cant\u00e1bamos&#8230; Aqu\u00ed era todo muy fr\u00edo; necesit\u00e9 mucho apoyo.\u00a0<\/p>\n<p>P: Y de ah\u00ed pasamos a Londres&#8230;<\/p>\n<p><strong>R: <\/strong>Me mud\u00e9 para estudiar <a href=\"https:\/\/www.instyle.es\/lifestyle\/10-peliculas-musicales-que-no-dejaras-cantar-mamma-mia-wicked_67740\" rel=\"nofollow noopener\" target=\"_blank\">teatro musical<\/a> porque sent\u00eda que all\u00ed hab\u00eda muchas oportunidades. <strong>Audicion\u00e9 para muchas escuelas y me cogieron en la primera. <\/strong>Y fue una experiencia superguay; estoy enamorada de Londres.\u00a0<\/p>\n<p><img loading=\"lazy\" decoding=\"async\" src=\"https:\/\/www.europesays.com\/es\/wp-content\/uploads\/2026\/09\/olivia-bay-numero-julio-agosto_2aae8d77_260707125034_1050x1575.webp\" alt=\"Olivia Bay n\u00famero Julio Agosto\" class=\"lazyload\" width=\"1050\" height=\"1575\" data-aspectratio=\"1050\/1575\"\/>&#13;Daniel Rojas<\/p>\n<p>Sudadera gris con correas de cuero; pantalones cortos Monogram color khaki con efecto invertido; camisa blanca de algod\u00f3n sin mangas con cuello de nudo. Todo, de la colecci\u00f3n Prefall de Louis Vuitton. Zapatilla deportiva LV Sneakerina en piel; bolso Express y pendiente de bot\u00f3n Color Blossom BB Star, en oro amarillo y sodalita, de la colecci\u00f3n Color Blossom Sodalite. De Louis Vuitton.<\/p>\n<p>P: \u00bfDe Louis Vuitton tambi\u00e9n est\u00e1s enamorada?<\/p>\n<p><strong>R: <\/strong>Me encanta la marca; es muy top. <strong>Para m\u00ed representa lujo, glamour y elegancia.<\/strong> \u00a1Perfecta!<\/p>\n<p>P: Hablando de moda y sobre todo de estilo, \u00bfcomo definir\u00edas el tuyo?<\/p>\n<p><strong>R: <\/strong>No lo s\u00e9. Ahora estoy en proceso de querer cambiar mi forma de vestir para construir algo m\u00e1s mi identidad; <strong>pretendo marcar mi estilo un poco m\u00e1s.<\/strong> Con ayuda, porque no soy nada buena en eso, aunque s\u00ed guardo un <a href=\"https:\/\/www.instyle.es\/belleza\/cortes-pelo-populares-pinterest-mujeres-50_71751\" rel=\"nofollow noopener\" target=\"_blank\">moodboard en Pinterest con inspiraciones<\/a>. <strong>Me encantan los looks de Olivia Rodrigo, <\/strong>por ejemplo, as\u00ed como chic y cool.\u00a0<\/p>\n<p><img loading=\"lazy\" decoding=\"async\" src=\"https:\/\/www.europesays.com\/es\/wp-content\/uploads\/2026\/09\/olivia-bay-numero-julio-agosto_5944c11c_260707125123_1260x1575.webp\" alt=\"Olivia Bay n\u00famero julio agosto\" class=\"lazyload\" width=\"1260\" height=\"1575\" data-aspectratio=\"1260\/1575\"\/>&#13;Daniel Rojas<\/p>\n<p>Chaleco de cuero en beige champagne con botones plateados; minifalda de cuero en beige champagne.\u00a0De la colecci\u00f3n Prefall de Louis Vuitton. Bolso Side Trunk en piel karung y pendiente de bot\u00f3n Color Blossom BB Star, en oro amarillo y sodalita, de la coolecci\u00f3n Color Blossom Sodalite. De Louis Vuitton.<\/p>\n<p>P: \u00bfY en qu\u00e9 eres buena?<\/p>\n<p><strong>R: <\/strong>Me encanta actuar, aunque he descubierto que prefiero el cine al teatro (mi sue\u00f1o de peque\u00f1a era hacer una pel\u00edcula musical). <strong>Y me gusta hacerme el maquillaje. <\/strong>Siempre intento que sea natural, porque en el momento en el que me marco mucho el ojo, por ejemplo, siento que me estoy pasando.\u00a0<\/p>\n<p>P: \u00bfC\u00f3mo se presenta tu verano?<\/p>\n<p><strong>R: <\/strong>Estaremos con <strong>la gira de OT hasta septiembre<\/strong> y, si por mi fuera, no acabar\u00eda nunca. Te digo m\u00e1s: prefiero que no haya descansos porque me aburro con facilidad. Y aparte es que me gusta mucho lo que hago&#8230;\u00a0<\/p>\n","protected":false},"excerpt":{"rendered":"Su segundo puesto en la \u00faltima edici\u00f3n de Operaci\u00f3n Triunfo (Prime Video) pronostica una carrera que habr\u00e1 que&hellip;\n","protected":false},"author":2,"featured_media":741379,"comment_status":"","ping_status":"","sticky":false,"template":"","format":"standard","meta":{"footnotes":""},"categories":[171],"tags":[146,147,25,24,23,214],"class_list":["post-741378","post","type-post","status-publish","format-standard","has-post-thumbnail","category-tv","tag-entertainment","tag-entretenimiento","tag-es","tag-espana","tag-spain","tag-tv"],"share_on_mastodon":{"url":"https:\/\/pubeurope.com\/@es\/117193685292785304","error":""},"_links":{"self":[{"href":"https:\/\/www.europesays.com\/es\/wp-json\/wp\/v2\/posts\/741378","targetHints":{"allow":["GET"]}}],"collection":[{"href":"https:\/\/www.europesays.com\/es\/wp-json\/wp\/v2\/posts"}],"about":[{"href":"https:\/\/www.europesays.com\/es\/wp-json\/wp\/v2\/types\/post"}],"author":[{"embeddable":true,"href":"https:\/\/www.europesays.com\/es\/wp-json\/wp\/v2\/users\/2"}],"replies":[{"embeddable":true,"href":"https:\/\/www.europesays.com\/es\/wp-json\/wp\/v2\/comments?post=741378"}],"version-history":[{"count":0,"href":"https:\/\/www.europesays.com\/es\/wp-json\/wp\/v2\/posts\/741378\/revisions"}],"wp:featuredmedia":[{"embeddable":true,"href":"https:\/\/www.europesays.com\/es\/wp-json\/wp\/v2\/media\/741379"}],"wp:attachment":[{"href":"https:\/\/www.europesays.com\/es\/wp-json\/wp\/v2\/media?parent=741378"}],"wp:term":[{"taxonomy":"category","embeddable":true,"href":"https:\/\/www.europesays.com\/es\/wp-json\/wp\/v2\/categories?post=741378"},{"taxonomy":"post_tag","embeddable":true,"href":"https:\/\/www.europesays.com\/es\/wp-json\/wp\/v2\/tags?post=741378"}],"curies":[{"name":"wp","href":"https:\/\/api.w.org\/{rel}","templated":true}]}}