{"id":741384,"date":"2026-09-01T03:38:16","date_gmt":"2026-09-01T03:38:16","guid":{"rendered":"https:\/\/www.europesays.com\/es\/741384\/"},"modified":"2026-09-01T03:38:16","modified_gmt":"2026-09-01T03:38:16","slug":"belen-esteban-revoluciona-las-redes-con-un-desnudo-integral-en-plena-polemica-con-juls-la-hija-de-jesulin-para-52-anos-ni-tan-mal","status":"publish","type":"post","link":"https:\/\/www.europesays.com\/es\/741384\/","title":{"rendered":"Bel\u00e9n Esteban revoluciona las redes con un desnudo integral en plena pol\u00e9mica con Juls, la hija de Jesul\u00edn: \u00abPara 52 a\u00f1os, ni tan mal\u00bb"},"content":{"rendered":"<p class=\"c-paragraph\"><a href=\"https:\/\/www.heraldo.es\/noticias\/ocio-y-cultura\/2026\/07\/20\/belen-esteban-destapa-momentos-surrealistas-seguidores-senora-vino-casa-maletas-mucha-pena-2038659.html\" title=\"Bel\u00e9n Esteban destapa su an\u00e9cdota m\u00e1s surrealista: &quot;Una se\u00f1ora vino a mi casa con sus maletas. Me dio mucha pena&quot;\" rel=\"nofollow noopener\" target=\"_blank\">Bel\u00e9n Esteban ha generado un notable revuelo<\/a> en redes sociales al compartir una fotograf\u00eda en la que aparece completamente desnuda. La imagen, tomada en una piscina de Alcal\u00e1, Tenerife, durante sus vacaciones, ha sido publicada en un contexto de\u00a0<b>guerra medi\u00e1tica con Julia Janeiro<\/b>, la hija de su ex, Jesul\u00edn de Ubrique, y Mar\u00eda Jos\u00e9 Campanario.<\/p>\n<p class=\"c-paragraph\">La colaboradora de televisi\u00f3n acompa\u00f1\u00f3 la instant\u00e1nea con el texto: \u00abFinal del verano 2026. Para 52 a\u00f1os, ni tan mal\u00bb, haciendo referencia a su edad. Adem\u00e1s, Esteban a\u00f1adi\u00f3 la canci\u00f3n \u00abMi forma de ser\u00bb de Olga Ta\u00f1\u00f3n, aclarando que\u00a0<b>\u00abEsta canci\u00f3n no va para dar de que hablar, la pongo porque me encanta\u00bb<\/b>, en lo que muchos interpretaron como una alusi\u00f3n a la pol\u00e9mica.<\/p>\n<p class=\"c-paragraph\">Este posado veraniego se produce en un momento de tensi\u00f3n con la familia Janeiro. La controversia se intensific\u00f3 tras unas declaraciones de Bel\u00e9n Esteban a su regreso de las vacaciones, donde respondi\u00f3 a las \u00faltimas pol\u00e9micas que la han enfrentado con\u00a0<b>Juls y otras personalidades como Beatriz Trapote<\/b>.<\/p>\n<p>El origen de la pol\u00e9mica con Julia Janeiro<\/p>\n<p class=\"c-paragraph\">La disputa con Julia Janeiro, conocida como Juls, se inici\u00f3 cuando Bel\u00e9n Esteban public\u00f3 una fotograf\u00eda de su hija Andrea en redes sociales. El mensaje que acompa\u00f1aba la imagen,\u00a0<b>\u00abMi ni\u00f1a, lo que m\u00e1s quiero en mi vida, t\u00fa no eres nepo baby, otras s\u00ed\u00bb<\/b>, provoc\u00f3 diversas reacciones y fue interpretado por la hija de Jesul\u00edn de Ubrique como un ataque directo.<\/p>\n<p class=\"c-paragraph\">La creadora de contenido no dud\u00f3 en contratacar de forma p\u00fablica, recordando que la propia Bel\u00e9n Esteban construy\u00f3 gran parte de su fama y trayectoria medi\u00e1tica a costa de hablar de su padre durante d\u00e9cadas. En su respuesta, <b>Juls defini\u00f3 a la tertuliana de \u00abmeme televisivo\u00bb<\/b> y sentenci\u00f3 que, si se iba a cuestionar el m\u00e9rito de los llamados nepo babies, Esteban entraba en esa misma categor\u00eda, ya que su carrera se hab\u00eda cimentado por completo sobre los hombros medi\u00e1ticos de su padre.<\/p>\n<p class=\"c-paragraph\">Lejos de avivar el fuego, Bel\u00e9n Esteban prefiri\u00f3 quitarle hierro al asunto y reaccionar con total serenidad. La colaboradora asegur\u00f3 encontrarse completamente calmada frente a los ataques y manifest\u00f3 su orgullo al llevar la etiqueta de icono de internet,<b> \u00abt\u00fa me ves enfadada? Estoy muy tranquila. A m\u00ed me encanta ser un meme televisivo\u00bb<\/b>. De hecho, la \u00abprincesa del pueblo\u00bb se tom\u00f3 la provocaci\u00f3n con humor, admitiendo que el comentario de Juls le hab\u00eda resultado genuinamente divertido y que la joven le parec\u00eda \u00abmuy graciosa\u00bb.<\/p>\n<p>Informaci\u00f3n generada con ayuda de Inteligencia Artificial<\/p>\n<p> <a class=\"enlace-texto-ia\" href=\"https:\/\/www.heraldo.es\/noticias\/comunicacion\/2023\/11\/23\/compromiso-heraldo-innovacion-precision-informativa-1691520.html\" rel=\"nofollow noopener\" target=\"_blank\">Saber m\u00e1s<\/a><\/p>\n","protected":false},"excerpt":{"rendered":"Bel\u00e9n Esteban ha generado un notable revuelo en redes sociales al compartir una fotograf\u00eda en la que aparece&hellip;\n","protected":false},"author":2,"featured_media":741385,"comment_status":"","ping_status":"","sticky":false,"template":"","format":"standard","meta":{"footnotes":""},"categories":[91],"tags":[3848,14979,146,147,25,24,16142,3983,223,37458,5570,110310,5670,1526,2311,35473,23],"class_list":["post-741384","post","type-post","status-publish","format-standard","has-post-thumbnail","category-entretenimiento","tag-belen","tag-desnudo","tag-entertainment","tag-entretenimiento","tag-es","tag-espana","tag-esteban","tag-hija","tag-hub-ia","tag-integran","tag-jesulin","tag-juls","tag-plena","tag-polemica","tag-redes","tag-revoluciona","tag-spain"],"share_on_mastodon":{"url":"https:\/\/pubeurope.com\/@es\/117193703678421669","error":""},"_links":{"self":[{"href":"https:\/\/www.europesays.com\/es\/wp-json\/wp\/v2\/posts\/741384","targetHints":{"allow":["GET"]}}],"collection":[{"href":"https:\/\/www.europesays.com\/es\/wp-json\/wp\/v2\/posts"}],"about":[{"href":"https:\/\/www.europesays.com\/es\/wp-json\/wp\/v2\/types\/post"}],"author":[{"embeddable":true,"href":"https:\/\/www.europesays.com\/es\/wp-json\/wp\/v2\/users\/2"}],"replies":[{"embeddable":true,"href":"https:\/\/www.europesays.com\/es\/wp-json\/wp\/v2\/comments?post=741384"}],"version-history":[{"count":0,"href":"https:\/\/www.europesays.com\/es\/wp-json\/wp\/v2\/posts\/741384\/revisions"}],"wp:featuredmedia":[{"embeddable":true,"href":"https:\/\/www.europesays.com\/es\/wp-json\/wp\/v2\/media\/741385"}],"wp:attachment":[{"href":"https:\/\/www.europesays.com\/es\/wp-json\/wp\/v2\/media?parent=741384"}],"wp:term":[{"taxonomy":"category","embeddable":true,"href":"https:\/\/www.europesays.com\/es\/wp-json\/wp\/v2\/categories?post=741384"},{"taxonomy":"post_tag","embeddable":true,"href":"https:\/\/www.europesays.com\/es\/wp-json\/wp\/v2\/tags?post=741384"}],"curies":[{"name":"wp","href":"https:\/\/api.w.org\/{rel}","templated":true}]}}