{"id":741392,"date":"2026-09-01T03:42:17","date_gmt":"2026-09-01T03:42:17","guid":{"rendered":"https:\/\/www.europesays.com\/es\/741392\/"},"modified":"2026-09-01T03:42:17","modified_gmt":"2026-09-01T03:42:17","slug":"pp-y-vox-se-enrocan-en-valladolid-y-se-niegan-a-reconocer-la-violencia-de-genero-en-su-protocolo-de-vivienda-social","status":"publish","type":"post","link":"https:\/\/www.europesays.com\/es\/741392\/","title":{"rendered":"PP y Vox se enrocan en Valladolid y se niegan a reconocer la violencia de g\u00e9nero en su protocolo de vivienda social"},"content":{"rendered":"<p class=\"article-text\">\n        A mitad de reuni\u00f3n y sin votar como quer\u00eda el equipo de gobierno municipal de Valladolid. As\u00ed ha concluido este lunes el Consejo Municipal de la Mujer, convocado de manera extraordinaria despu\u00e9s de que trascendiera que <a href=\"https:\/\/www.eldiario.es\/castilla-y-leon\/politica\/pp-vox-eliminan-victimas-violencia-genero-protocolo-acceso-alquiler-social-valladolid_1_13456573.html\" target=\"_blank\" data-mrf-recirculation=\"links-noticia\" class=\"link\" rel=\"nofollow noopener\">se hab\u00eda eliminado la violencia de g\u00e9nero del protocolo de acceso a vivienda social<\/a> de la Sociedad Municipal de Suelo y Vivienda de Valladolid (VIVA). En este acto se ha restringido a la prensa, seg\u00fan han denunciado el Grupo Socialista y el Foro Feminista. Despu\u00e9s de dos horas de debate sobre los conceptos de violencia dom\u00e9stica y violencia de g\u00e9nero, m\u00e1s de diez agrupaciones se han levantado a mitad de la reuni\u00f3n, en la que hay representados una treintena de colectivos. \u00bfEl detonante? Una votaci\u00f3n que algunos colectivos han considerado que pretend\u00eda utilizar pol\u00edticamente al Consejo.\n    <\/p>\n<p>    <a href=\"https:\/\/www.eldiario.es\/castilla-y-leon\/provincias\/valladolid\/valladolid-instalara-bandera-espana-150-metros-cuadrados-simbolizar-compromiso-lucha-cancer_1_13415829.html\" data-mrf-recirculation=\"saber-mas\" data-dl-event=\"saber-mas\" rel=\"nofollow noopener\" target=\"_blank\"><\/p>\n<p class=\"know-more__title\">El Ayuntamiento de Valladolid de PP y Vox izar\u00e1 una bandera espa\u00f1ola de 150 metros cuadrados para luchar \u00abcontra el c\u00e1ncer\u201d<\/p>\n<p>            <img decoding=\"async\" class=\"lazy\" loading=\"lazy\" data-src=\"https:\/\/static.eldiario.es\/clip\/dd36de6e-32ea-4426-a888-8c4531fb60a3_16-9-aspect-ratio_default_0_x223y827.jpg\" src=\"data:image\/svg+xml,%3Csvg xmlns=\" http:=\"\" viewbox=\"0 0 880 495\" alt=\"El Ayuntamiento de Valladolid de PP y Vox izar\u00e1 una bandera espa\u00f1ola de 150 metros cuadrados para luchar &quot;contra el c\u00e1ncer\u201d\"\/><\/p>\n<p>                        <\/a><\/p>\n<p class=\"article-text\">\n        Despu\u00e9s de que Vox impidiera una votaci\u00f3n formal de cinco puntos -con un texto propuesto por el PSOE- y de que pretendiera que el Consejo Municipal -\u00f3rgano de participaci\u00f3n, consultivo, informativo y asesor en el \u00e1mbito municipal- votara pedir al Gobierno de Espa\u00f1a m\u00e1s fondos para el Pacto de Estado de violencia de g\u00e9nero, una de las participantes ha ironizado precisamente con esta cuesti\u00f3n: que, si quer\u00edan eliminar el concepto de &#8216;violencia de g\u00e9nero&#8217; por qu\u00e9 no propon\u00edan modificar el nombre del Pacto de Estado. Un tono que no ha gustado a los concejales presentes, el responsable de Servicios Sociales, Rodrigo Nieto (PP) y la concejala de Educaci\u00f3n y Cultura, Irene Carvajal (Vox), que ha venido por primera vez, seg\u00fan fuentes del Consejo.\n    <\/p>\n<p class=\"article-text\">\n        La discrepancia ha concluido con la marcha de varios colectivos como la Asociaci\u00f3n Vecinal Rondilla, la Federaci\u00f3n de Asociaciones Vecinales de Valladolid Antonio Machado, Adavasymt, el Foro Feminista, la Universidad de Valladolid (ha acudido una representante de la Unidad de Igualdad), la C\u00e1tedra de G\u00e9nero de la Universidad de Valladolid, la asociaci\u00f3n Asies, UGT, CCOO, PSOE y Toma La Palabra. El Foro Feminista se re\u00fane esta tarde para ver si todo el trabajo \u201cmerece la pena seguir aportando\u201d en el Consejo Municipal de la Mujer.\n    <\/p>\n<p>    Una votaci\u00f3n forzada<\/p>\n<p class=\"article-text\">\n        El ambiente ya era tirante cuando ha empezado esta reuni\u00f3n de car\u00e1cter urgente y extraordinario, que pretend\u00eda informar sobre <a href=\"https:\/\/smviva.com\/protocolo-de-acceso-a-la-vivienda\/\" target=\"_blank\" rel=\"nofollow noopener\" data-mrf-recirculation=\"links-noticia\" class=\"link\">el protocolo nuevo<\/a>. El anterior protocolo (aprobado en 2024 por PP y Vox) planteaba que las v\u00edctimas de violencia de g\u00e9nero obten\u00edan 1,5 puntos, mientras que ahora eso ha sido remplazado por \u201cv\u00edctima de violencia dom\u00e9stica o en el \u00e1mbito familiar, terrorismo en los 5 a\u00f1os anteriores a la presentaci\u00f3n de la solicitud\u201d (1 punto).\n    <\/p>\n<p class=\"article-text\">\n        En este punto ha comenzado un debate terminol\u00f3gico y conceptual, en el que la concejala de Vox ha insistido en que la violencia dom\u00e9stica incluye a las mujeres v\u00edctimas de violencia de g\u00e9nero, a pesar de que ambos son dos tipos de violencias que est\u00e1n tipificadas de maneras distintas. \u201cLo que nos han explicado no es v\u00e1lido. Zarandona [el concejal de Urbanismo] dice que es para dar m\u00e1s agilidad a los plazos y que el texto no sea tan farragoso, y que en la violencia dom\u00e9stica se incluye a las v\u00edctimas de violencia machista y le hemos dicho que no\u201d, protesta la representante de CCOO en el Consejo, Yolanda Mart\u00edn.\n    <\/p>\n<p class=\"article-text\">\n        \u201cNos han mareado y ninguneado, trat\u00e1ndonos como tontas y haci\u00e9ndonos confundir la terminolog\u00eda cuando los t\u00e9rminos jur\u00eddicos son muy claros\u201d, protesta la representante de UGT. \u201cHan cambiado el protocolo porque quieren y pueden, pero no porque este cambio lo mejore\u201d, coinciden varias de las participantes en el Consejo de este lunes.\n    <\/p>\n<p class=\"article-text\">\n        Entonces, la socialista Rafi Romero ha propuesto que se votaran cinco puntos sobre los que, aparentemente, hab\u00eda cierto consenso: rechazar la eliminaci\u00f3n de la referencia espec\u00edfica a las v\u00edctimas de violencia de g\u00e9nero, que este fuera un criterio espec\u00edfico de prioridad, solicitar un informe jur\u00eddico y un informe de impacto de g\u00e9nero y establecer un mecanismo de seguimiento semestral de impacto de este nuevo protocolo sobre las v\u00edctimas de esta violencia machista.\n    <\/p>\n<p>            <img decoding=\"async\" class=\"lazy\" loading=\"lazy\" data-src=\"https:\/\/static.eldiario.es\/clip\/70bce301-47c7-4eb8-89d2-15b8c7dca74d_16-9-discover-aspect-ratio_default_0.jpg\" src=\"data:image\/svg+xml,%3Csvg xmlns=\" http:=\"\" viewbox=\"0 0 1200 675\" alt=\"Las portavoces de entidades que han abandonado el Consejo Municipal y dos miembros del Consejo de la Juventud y la Subdelegaci\u00f3n del Gobierno, que no han dejado la reuni\u00f3n pero s\u00ed se han solidarizado.\"\/><\/p>\n<p class=\"article-text\">\n        \u201cNos han dicho que iban a incluir el sentimiento del Consejo, pero nosotras quer\u00edamos votarlo aunque sabemos que las resoluciones no son vinculantes\u201d, defiende la directora de la C\u00e1tedra de G\u00e9nero de la Universidad de Valladolid, Dunia Etura.\n    <\/p>\n<p class=\"article-text\">\n        A pesar de que las t\u00e9cnicas de Igualdad no han puesto objeciones a que se produjera una votaci\u00f3n, la concejala de Vox se ha negado, por lo que se ha realizado una votaci\u00f3n informal a mano alzada apoyando estos cinco puntos, con 21 votos a favor: 19 entidades sociales y los dos partidos de la oposici\u00f3n (no todos los miembros del Consejo tienen derecho a voto). \u201cTres veces hemos votado y no hab\u00eda manera\u201d, protesta una de los miembros del Consejo.\n    <\/p>\n<p>    V\u00edctimas de violencia dom\u00e9stica y\/o de g\u00e9nero<\/p>\n<p class=\"article-text\">\n        Tambi\u00e9n se ha pedido que la inclusi\u00f3n de las v\u00edctimas de violencia dom\u00e9stica no fuera excluyente y que se a\u00f1adiera tambi\u00e9n a las mujeres v\u00edctimas de violencia de g\u00e9nero, un extremo que ni PP ni Vox han querido votar. Sin embargo, los concejales s\u00ed ve\u00edan oportuno votar la reclamaci\u00f3n de m\u00e1s fondos del Gobierno procedentes del Pacto de Estado. \u201cAhora lo que vamos a hacer es levantarnos\u201d, ha protestado una de las integrantes, a lo que se han sumado otras portavoces de las asociaciones.\n    <\/p>\n<p class=\"article-text\">\n        \u201cNos hemos levantado porque no se nos estaba escuchando y se obviaba nuestra opini\u00f3n. \u00bfNos utilizan para hacer pol\u00edtica? Nos levantamos y nos vamos\u201d, ha reprochado la portavoz de UGT. \u201cNos hemos levantado porque no se pod\u00eda aguantar. No vamos a dar ni un paso atr\u00e1s\u201d, suscribe Conchi Minayo, portavoz de Adavasymt. En un audio enviado a los medios, el concejal de Personas Mayores, Familia y Servicios Sociales, Rodrigo Nieto (PP), ha lamentado que \u201ccuando se trata de solicitar al gobierno\u201d, algunas asociaciones \u201cse han marchado y no han querido dar la cara\u201d. Desde el Consejo de la Mujer explican que los fondos del Pacto de Estado se reparten entre todos los Ayuntamientos y en base al n\u00famero de v\u00edctimas de violencia de g\u00e9nero\n    <\/p>\n<p>    El futuro plan de Igualdad<\/p>\n<p class=\"article-text\">\n        La portavoz de Valladolid Toma La Palabra, Roc\u00edo Anguita, ha afirmado que esta es \u201cla primera piedra\u201d de este gobierno en contra de las pol\u00edticas de Igualdad. \u201cVeremos hasta d\u00f3nde quiere llegar el equipo de gobierno, apretado claramente por la extrema derecha\u201d, ha augurado en un audio remitido a los medios.\n    <\/p>\n<p class=\"article-text\">\n        \u201cNos tememos el nuevo reglamento del Consejo de las Mujeres, que lo quer\u00edan modificar, y el del plan de Igualdad. La situaci\u00f3n es muy grave\u201d, ha protestado la portavoz del Foro Feminista, Nina Infante.\n    <\/p>\n<p class=\"article-text\">\n        UGT lo considera \u201cun intento de manipulaci\u00f3n\u201d. \u201cIrene Carvajal jam\u00e1s ha venido, hoy s\u00ed le interesaba venir. Otra veces viene otro concejal de Vox y a los dos minutos se levanta&#8230; pero hoy s\u00ed\u201d, insiste la sindicalista. Yolanda Mart\u00edn, que tambi\u00e9n es la portavoz de la Coordinadora de Mujeres, ha rechazado que \u201cse invisibilice\u201d este tipo de violencia y ha considerado que es \u201cuna cuesti\u00f3n puramente ideol\u00f3gica\u201d y no t\u00e9cnica.\n    <\/p>\n<p>    Valoraci\u00f3n de las propuestas<\/p>\n<p class=\"article-text\">\n        Rodrigo Nieto ha insistido en que el nuevo protocolo protege a las v\u00edctimas de violencia de g\u00e9nero y se aumenten los par\u00e1metros, aunque ha asegurado que se har\u00e1 \u201cuna valoraci\u00f3n\u201d de las propuestas que se han hecho, a pesar de que no se han votado.\n    <\/p>\n<p>    <a href=\"https:\/\/www.eldiario.es\/castilla-y-leon\/politica\/pp-vox-eliminan-victimas-violencia-genero-protocolo-acceso-alquiler-social-valladolid_1_13456573.html\" data-mrf-recirculation=\"saber-mas-abajo\" data-dl-event=\"saber-mas-abajo\" rel=\"nofollow noopener\" target=\"_blank\"><\/p>\n<p class=\"know-more__title\">PP y Vox eliminan a las v\u00edctimas de violencia de g\u00e9nero del protocolo de acceso a alquiler social en Valladolid<\/p>\n<p>            <img decoding=\"async\" class=\"lazy\" loading=\"lazy\" data-src=\"https:\/\/static.eldiario.es\/clip\/3b63beb9-9380-47d9-a978-7bde6c674efa_16-9-aspect-ratio_default_0_x790y258.jpg\" src=\"data:image\/svg+xml,%3Csvg xmlns=\" http:=\"\" viewbox=\"0 0 880 495\" alt=\"PP y Vox eliminan a las v\u00edctimas de violencia de g\u00e9nero del protocolo de acceso a alquiler social en Valladolid\"\/><\/p>\n<p>                        <\/a><\/p>\n<p class=\"article-text\">\n        En ampliaci\u00f3n\n    <\/p>\n","protected":false},"excerpt":{"rendered":"A mitad de reuni\u00f3n y sin votar como quer\u00eda el equipo de gobierno municipal de Valladolid. As\u00ed ha&hellip;\n","protected":false},"author":2,"featured_media":741393,"comment_status":"","ping_status":"","sticky":false,"template":"","format":"standard","meta":{"footnotes":""},"categories":[8],"tags":[17,18,131578,25,24,13,14,8169,11,19,20,9,10808,10,15,16,956,28545,3725,2930,23,12,21,22,1607,432,3633,624],"class_list":["post-741392","post","type-post","status-publish","format-standard","has-post-thumbnail","category-espana","tag-breaking-news","tag-breakingnews","tag-enrocan","tag-es","tag-espana","tag-featured-news","tag-featurednews","tag-genero","tag-headlines","tag-latest-news","tag-latestnews","tag-news","tag-niegan","tag-noticias","tag-noticias-destacadas","tag-noticiasdestacadas","tag-pp","tag-protocolo","tag-reconocer","tag-social","tag-spain","tag-titulares","tag-ultimas-noticias","tag-ultimasnoticias","tag-valladolid","tag-violencia","tag-vivienda","tag-vox"],"share_on_mastodon":{"url":"https:\/\/pubeurope.com\/@es\/117193719747612566","error":""},"_links":{"self":[{"href":"https:\/\/www.europesays.com\/es\/wp-json\/wp\/v2\/posts\/741392","targetHints":{"allow":["GET"]}}],"collection":[{"href":"https:\/\/www.europesays.com\/es\/wp-json\/wp\/v2\/posts"}],"about":[{"href":"https:\/\/www.europesays.com\/es\/wp-json\/wp\/v2\/types\/post"}],"author":[{"embeddable":true,"href":"https:\/\/www.europesays.com\/es\/wp-json\/wp\/v2\/users\/2"}],"replies":[{"embeddable":true,"href":"https:\/\/www.europesays.com\/es\/wp-json\/wp\/v2\/comments?post=741392"}],"version-history":[{"count":0,"href":"https:\/\/www.europesays.com\/es\/wp-json\/wp\/v2\/posts\/741392\/revisions"}],"wp:featuredmedia":[{"embeddable":true,"href":"https:\/\/www.europesays.com\/es\/wp-json\/wp\/v2\/media\/741393"}],"wp:attachment":[{"href":"https:\/\/www.europesays.com\/es\/wp-json\/wp\/v2\/media?parent=741392"}],"wp:term":[{"taxonomy":"category","embeddable":true,"href":"https:\/\/www.europesays.com\/es\/wp-json\/wp\/v2\/categories?post=741392"},{"taxonomy":"post_tag","embeddable":true,"href":"https:\/\/www.europesays.com\/es\/wp-json\/wp\/v2\/tags?post=741392"}],"curies":[{"name":"wp","href":"https:\/\/api.w.org\/{rel}","templated":true}]}}