{"id":741400,"date":"2026-09-01T03:53:28","date_gmt":"2026-09-01T03:53:28","guid":{"rendered":"https:\/\/www.europesays.com\/es\/741400\/"},"modified":"2026-09-01T03:53:28","modified_gmt":"2026-09-01T03:53:28","slug":"jane-fonda-actriz-e-hija-de-henry-fonda-87-anos-solo-vi-a-mi-padre-llorar-dos-veces-en-toda-mi-vida-radio-mitre","status":"publish","type":"post","link":"https:\/\/www.europesays.com\/es\/741400\/","title":{"rendered":"Jane Fonda, actriz e hija de Henry Fonda, 87 a\u00f1os: \u201cSolo vi a mi padre llorar dos veces en toda mi vida\u201d \u2013 Radio Mitre"},"content":{"rendered":"<p><img decoding=\"async\" fetchpriority=\"high\" data-chromatic=\"ignore\" alt=\"Jane Fonda rememora la distancia afectiva de su infancia y la reconciliaci\u00f3n en \u2018En el estanque dorado\u2019 que modific\u00f3 su mirada sobre el tiempo.\" class=\"c-image\" loading=\"eager\" src=\"https:\/\/www.europesays.com\/es\/wp-content\/uploads\/2026\/09\/RMY76BLTQJAYDORHQP6JMWLHSI.jpg\"  width=\"800\" height=\"588\"\/>Jane Fonda, actriz e hija de Henry Fonda, 87 a\u00f1os: \u00abSolo vi a mi padre llorar dos veces en toda mi vida\u00bb <\/p>\n<p class=\"c-paragraph\"><a href=\"https:\/\/radiomitre.cienradios.com\/celebrities\/jane-fonda-actriz-de-88-anos-me-levanto-a-las-530-y-hago-ejercicio-todos-los-dias-alterno-la-parte-superior-e-inferior-del-cuerpo-para-fortalecerlo\/\" target=\"_blank\" rel=\"noreferrer nofollow noopener\" title=\"https:\/\/radiomitre.cienradios.com\/celebrities\/jane-fonda-actriz-de-88-anos-me-levanto-a-las-530-y-hago-ejercicio-todos-los-dias-alterno-la-parte-superior-e-inferior-del-cuerpo-para-fortalecerlo\/\"><b>Jane Fonda<\/b><\/a>, la actriz de 87 a\u00f1os e hija del legendario Henry Fonda, record\u00f3 la frialdad afectiva que marc\u00f3 su infancia y su vida adulta. En una entrevista recuper\u00f3 un resumen \u00edntimo: <b>\u201cSolo vi a mi padre llorar dos veces en toda mi vida\u201d<\/b>, una confesi\u00f3n que dej\u00f3 claro el abismo emocional entre ambos.<\/p>\n<p class=\"c-paragraph\">Mientras Henry era una figura central del Hollywood cl\u00e1sico, en casa no se mostr\u00f3 cercano. Fonda explic\u00f3 c\u00f3mo esa falta de espejo afectivo socav\u00f3 su autoestima. Ella sentenci\u00f3 con crudeza: <b>\u201cSi tienes un padre que no es capaz de aparecer, que no es capaz de reflejarte a trav\u00e9s de los ojos del amor, eso tiene un gran impacto en tu autoestima\u201d<\/b>.<\/p>\n<p>Las dos ocasiones<\/p>\n<p class=\"c-paragraph\">En el podcast y en otras entrevistas, Jane describi\u00f3 la primera escena que la sorprendi\u00f3: <b>su padre, solo en el jard\u00edn, apoyado en una manguera, rompiendo a llorar al enterarse de la muerte de Franklin D. Roosevelt<\/b>. Ella se qued\u00f3 observando sin que \u00e9l supiera que lo hac\u00eda. Aquella imagen qued\u00f3 grabada en su memoria y la marc\u00f3.<\/p>\n<p class=\"c-paragraph\">Mucho tiempo despu\u00e9s, padre e hija coincidieron en el rodaje de En el estanque dorado (1981), donde lograron limar asperezas. Jane relat\u00f3 c\u00f3mo, en un momento clave, le dijo: <b>\u201cMe disculp\u00e9 por no ser una mejor hija\u201d<\/b>. Tras escucharla, Henry empez\u00f3 a llorar; ella, consciente de su incomodidad, le dej\u00f3 solo.<\/p>\n<p><img decoding=\"async\" fetchpriority=\"high\" data-chromatic=\"ignore\" alt=\"Jane Fonda rememora la distancia afectiva de su infancia y la reconciliaci\u00f3n en \u2018En el estanque dorado\u2019 que modific\u00f3 su mirada sobre el tiempo.\" class=\"c-image\" loading=\"eager\" src=\"https:\/\/www.europesays.com\/es\/wp-content\/uploads\/2026\/09\/RMY76BLTQJAYDORHQP6JMWLHSI.jpg\"  width=\"800\" height=\"588\"\/>Jane Fonda, actriz e hija de Henry Fonda, 87 a\u00f1os: \u00abSolo vi a mi padre llorar dos veces en toda mi vida\u00bb Lecciones y el \u2018tercer acto\u2019<\/p>\n<p class=\"c-paragraph\">El acercamiento final alter\u00f3 su mirada sobre el paso del tiempo y la muerte. <a href=\"https:\/\/radiomitre.cienradios.com\/curiosidades\/jane-fonda-actriz-87-anos-he-descubierto-que-cuando-vives-la-vejez-en-lugar-de-mirarla-desde-fuera-el-miedo-se-disipa\/\" target=\"_blank\" rel=\"noreferrer nofollow noopener\" title=\"https:\/\/radiomitre.cienradios.com\/curiosidades\/jane-fonda-actriz-87-anos-he-descubierto-que-cuando-vives-la-vejez-en-lugar-de-mirarla-desde-fuera-el-miedo-se-disipa\/\">Jane <\/a>cont\u00f3 que <b>ver a su padre en los \u00faltimos a\u00f1os le dio otra perspectiva<\/b>: \u201cVi a mi padre morir y supe que no tengo miedo de eso\u201d, y decidi\u00f3, con 59 a\u00f1os, vivir su <b>\u201ctercer acto\u201d<\/b> para evitar <b>\u201cgrandes remordimientos\u201d<\/b>.<\/p>\n<p class=\"c-paragraph\"><a href=\"https:\/\/radiomitre.cienradios.com\/curiosidades\/la-serie-para-mayores-de-60-que-explota-en-netflix-y-no-es-apta-para-menores-de-edad\/\" target=\"_blank\" rel=\"noreferrer nofollow noopener\" title=\"https:\/\/radiomitre.cienradios.com\/curiosidades\/la-serie-para-mayores-de-60-que-explota-en-netflix-y-no-es-apta-para-menores-de-edad\/\">Jane<\/a>, famosa por papeles como Barbarella o por su activismo, admite que la ausencia afectiva y el suicidio de su madre dejaron huella. Esa mezcla de fama y heridas personales nutrir\u00eda buena parte de su carrera y de su mirada p\u00fablica, una trayectoria en la que aprendi\u00f3 a confrontar el pasado sin histrionismos.<\/p>\n<p class=\"c-paragraph\">Al cierre, <b>Jane Fonda subray\u00f3 que la reconciliaci\u00f3n tard\u00eda no borr\u00f3 los dolores, pero s\u00ed le permiti\u00f3 ordenar prioridades.<\/b> Hoy, la actriz mira el envejecimiento con menos miedo y m\u00e1s intenci\u00f3n de enmendar lo posible en vida. Su relato es un recordatorio de c\u00f3mo las conversaciones pendientes pueden cambiar el balance emocional.<\/p>\n","protected":false},"excerpt":{"rendered":"Jane Fonda, actriz e hija de Henry Fonda, 87 a\u00f1os: \u00abSolo vi a mi padre llorar dos veces&hellip;\n","protected":false},"author":2,"featured_media":741401,"comment_status":"","ping_status":"","sticky":false,"template":"","format":"standard","meta":{"footnotes":""},"categories":[174],"tags":[255,146,147,25,24,256,131579,39489,23],"class_list":["post-741400","post","type-post","status-publish","format-standard","has-post-thumbnail","category-famosos","tag-celebrities","tag-entertainment","tag-entretenimiento","tag-es","tag-espana","tag-famosos","tag-henry-fonda","tag-jane-fonda","tag-spain"],"share_on_mastodon":{"url":"https:\/\/pubeurope.com\/@es\/117193763108618790","error":""},"_links":{"self":[{"href":"https:\/\/www.europesays.com\/es\/wp-json\/wp\/v2\/posts\/741400","targetHints":{"allow":["GET"]}}],"collection":[{"href":"https:\/\/www.europesays.com\/es\/wp-json\/wp\/v2\/posts"}],"about":[{"href":"https:\/\/www.europesays.com\/es\/wp-json\/wp\/v2\/types\/post"}],"author":[{"embeddable":true,"href":"https:\/\/www.europesays.com\/es\/wp-json\/wp\/v2\/users\/2"}],"replies":[{"embeddable":true,"href":"https:\/\/www.europesays.com\/es\/wp-json\/wp\/v2\/comments?post=741400"}],"version-history":[{"count":0,"href":"https:\/\/www.europesays.com\/es\/wp-json\/wp\/v2\/posts\/741400\/revisions"}],"wp:featuredmedia":[{"embeddable":true,"href":"https:\/\/www.europesays.com\/es\/wp-json\/wp\/v2\/media\/741401"}],"wp:attachment":[{"href":"https:\/\/www.europesays.com\/es\/wp-json\/wp\/v2\/media?parent=741400"}],"wp:term":[{"taxonomy":"category","embeddable":true,"href":"https:\/\/www.europesays.com\/es\/wp-json\/wp\/v2\/categories?post=741400"},{"taxonomy":"post_tag","embeddable":true,"href":"https:\/\/www.europesays.com\/es\/wp-json\/wp\/v2\/tags?post=741400"}],"curies":[{"name":"wp","href":"https:\/\/api.w.org\/{rel}","templated":true}]}}