{"id":741402,"date":"2026-09-01T03:56:42","date_gmt":"2026-09-01T03:56:42","guid":{"rendered":"https:\/\/www.europesays.com\/es\/741402\/"},"modified":"2026-09-01T03:56:42","modified_gmt":"2026-09-01T03:56:42","slug":"la-terraza-del-verano-que-costumbres-han-conquistado-a-sophie-gray-desde-que-llego-a-andalucia","status":"publish","type":"post","link":"https:\/\/www.europesays.com\/es\/741402\/","title":{"rendered":"La terraza del verano: \u00bfQu\u00e9 costumbres han conquistado a Sophie Gray desde que lleg\u00f3 a Andaluc\u00eda?"},"content":{"rendered":"<p class=\"paragraph-atom &#10;        A-500-300-700-N A-550-300-700-N--md  \">\n                    En esta<strong> Terraza del verano<\/strong> abordamos uno de los grandes dilemas de las vacaciones: \u00bfes posible cuidarse sin renunciar a disfrutar? Un divertido debate enfrentar\u00e1 a quienes defienden mantener los buenos h\u00e1bitos durante todo el a\u00f1o con quienes creen que el verano tambi\u00e9n est\u00e1 para darse alg\u00fan capricho.\n            <\/p>\n<p class=\"paragraph-atom &#10;        A-500-300-700-N A-550-300-700-N--md  \">\n                    Adem\u00e1s, el <strong>chef Bosco Ben\u00edtez <\/strong>pone la nota saludable con un batido refrescante y rico en prote\u00ednas, una receta perfecta para cuidarse sin renunciar al sabor.\n            <\/p>\n<p class=\"paragraph-atom &#10;        A-500-300-700-N A-550-300-700-N--md  \">\n                    Pero lo mejor llega con la m\u00fasica que vuelve a ser protagonista con Erika Leiva y Soraya. Ambas cantantes nos interpretan, en directo, algunos de los \u00e9xitos del momento, como<strong> Baile inolvidable, de Bad Bunny, y Si antes te hubiera conocido, de Karol G.<\/strong>\n            <\/p>\n<p class=\"paragraph-atom &#10;        A-500-300-700-N A-550-300-700-N--md  \">\n                    Y la mirada internacional llega de la mano de<strong> Sophie Gray, <\/strong>que cuenta c\u00f3mo vive los veranos andaluces una estadounidense enamorada de nuestra tierra y qu\u00e9 costumbres la han conquistado desde que lleg\u00f3 a Andaluc\u00eda.\n            <\/p>\n<p class=\"paragraph-atom &#10;        A-500-300-700-N A-550-300-700-N--md  \">\n                    <strong>\u00a1No te lo pierdas!<\/strong>\n            <\/p>\n","protected":false},"excerpt":{"rendered":"En esta Terraza del verano abordamos uno de los grandes dilemas de las vacaciones: \u00bfes posible cuidarse sin&hellip;\n","protected":false},"author":2,"featured_media":741403,"comment_status":"","ping_status":"","sticky":false,"template":"","format":"standard","meta":{"footnotes":""},"categories":[171],"tags":[21073,77006,146,147,25,24,3767,3575,29369,23,214],"class_list":["post-741402","post","type-post","status-publish","format-standard","has-post-thumbnail","category-tv","tag-conquistado","tag-costumbres","tag-entertainment","tag-entretenimiento","tag-es","tag-espana","tag-gray","tag-han","tag-sophie","tag-spain","tag-tv"],"share_on_mastodon":{"url":"https:\/\/pubeurope.com\/@es\/117193774501708917","error":""},"_links":{"self":[{"href":"https:\/\/www.europesays.com\/es\/wp-json\/wp\/v2\/posts\/741402","targetHints":{"allow":["GET"]}}],"collection":[{"href":"https:\/\/www.europesays.com\/es\/wp-json\/wp\/v2\/posts"}],"about":[{"href":"https:\/\/www.europesays.com\/es\/wp-json\/wp\/v2\/types\/post"}],"author":[{"embeddable":true,"href":"https:\/\/www.europesays.com\/es\/wp-json\/wp\/v2\/users\/2"}],"replies":[{"embeddable":true,"href":"https:\/\/www.europesays.com\/es\/wp-json\/wp\/v2\/comments?post=741402"}],"version-history":[{"count":0,"href":"https:\/\/www.europesays.com\/es\/wp-json\/wp\/v2\/posts\/741402\/revisions"}],"wp:featuredmedia":[{"embeddable":true,"href":"https:\/\/www.europesays.com\/es\/wp-json\/wp\/v2\/media\/741403"}],"wp:attachment":[{"href":"https:\/\/www.europesays.com\/es\/wp-json\/wp\/v2\/media?parent=741402"}],"wp:term":[{"taxonomy":"category","embeddable":true,"href":"https:\/\/www.europesays.com\/es\/wp-json\/wp\/v2\/categories?post=741402"},{"taxonomy":"post_tag","embeddable":true,"href":"https:\/\/www.europesays.com\/es\/wp-json\/wp\/v2\/tags?post=741402"}],"curies":[{"name":"wp","href":"https:\/\/api.w.org\/{rel}","templated":true}]}}