{"id":741404,"date":"2026-09-01T03:59:22","date_gmt":"2026-09-01T03:59:22","guid":{"rendered":"https:\/\/www.europesays.com\/es\/741404\/"},"modified":"2026-09-01T03:59:22","modified_gmt":"2026-09-01T03:59:22","slug":"alcaraz-regresa-con-una-victoria-convincente-en-su-debut-en-el-us-open","status":"publish","type":"post","link":"https:\/\/www.europesays.com\/es\/741404\/","title":{"rendered":"Alcaraz regresa con una victoria convincente en su debut en el US Open"},"content":{"rendered":"<p>\n        El tenista<strong> <\/strong><a href=\"https:\/\/www.deia.eus\/tags\/carlos-alcaraz\/\" title=\"Carlos Alcaraz\" rel=\"nofollow noopener\" target=\"_blank\" class=\"link copy\"><strong>Carlos Alcaraz<\/strong><\/a><strong> se ha impuesto este lunes en la primera ronda del Abierto de Estados Unidos<\/strong>, \u00faltimo Grand Slam de la temporada, al ruso Roman Safiullin en tres sets (6-4, 6-4, 6-4), un partido que supuso la vuelta del tenista murciano al circuito m\u00e1s de cuatro meses despu\u00e9s de caer lesionado de su mu\u00f1eca derecha en el Conde de God\u00f3.\n<\/p>\n<p class=\"article-body__text \">\n        M\u00e1s de cuatro meses hab\u00edan pasado desde que Carlos Alcaraz no pisaba de manera competitiva una pista de tenis. Adem\u00e1s, la vuelta no era nada sencilla: <strong>primera ronda del US Open y ante un tenista inc\u00f3modo como el ruso Safiullin<\/strong>. Pero la vuelta del vigente campe\u00f3n del torneo no pudo ser m\u00e1s convincente. M\u00e1s all\u00e1 de unos primeros juegos en los que se le vio m\u00e1s fall\u00f3n de lo habitual, normal por su inactividad, los aficionados que se dieron cita en la Arthur Ashe pudieron disfrutar de un buen Alcaraz, aunque con margen evidente de mejora.\n<\/p>\n<p>  Debut en el US Open<\/p>\n<p class=\"article-body__text \">\n        La mayor de las <strong>dudas con el murciano era si la lesi\u00f3n de mu\u00f1eca<\/strong> podr\u00eda tener un efecto negativo en uno de sus mejores golpes, la derecha, pero se encarg\u00f3 de disipar dudas con m\u00e1s de 20 derechas ganadoras en el encuentro. A eso se le sum\u00f3 un alt\u00edsimo nivel al resto, quebrando el saque de Safiullin hasta en cuatro ocasiones, y un 70% de primeros saques.\n<\/p>\n<p>            <a href=\"https:\/\/www.deia.eus\/deportes\/2026\/08\/28\/alcaraz-confiesa-lidiar-pensamientos-intrusivos-11480836.html\" title=\"Alcaraz confiesa que lidiar con &quot;pensamientos intrusivos&quot; fue lo m\u00e1s duro de recuperaci\u00f3n\" class=\"new__media\" rel=\"nofollow noopener\" target=\"_blank\"><\/p>\n<p>                <img alt=\"Alcaraz confiesa que lidiar con &quot;pensamientos intrusivos&quot; fue lo m\u00e1s duro de recuperaci\u00f3n\" data-src=\"https:\/\/www.europesays.com\/es\/wp-content\/uploads\/2026\/09\/cced034c-8424-47a1-ac8b-08530c9c6fad_16-9-aspect-ratio_default_0_x1631y756.jpg\" class=\"lozad\"\/><\/p>\n<p>        <\/a><\/p>\n<p>        <a href=\"https:\/\/www.deia.eus\/deportes\/2026\/08\/28\/alcaraz-confiesa-lidiar-pensamientos-intrusivos-11480836.html\" title=\"Alcaraz confiesa que lidiar con &quot;pensamientos intrusivos&quot; fue lo m\u00e1s duro de recuperaci\u00f3n\" class=\"new__headline\" rel=\"nofollow noopener\" target=\"_blank\"><br \/>\n            Alcaraz confiesa que lidiar con \u00abpensamientos intrusivos\u00bb fue lo m\u00e1s duro de recuperaci\u00f3n<br \/>\n        <\/a><\/p>\n<p class=\"article-body__text \">\n        Eso s\u00ed, el inicio de partido no ser\u00eda sencillo para Alcaraz, al que se le notaba la falta de competitividad. Y <strong>a punto estuvo de aprovecharlos Safiullin en el primer turno de saque<\/strong> del murciano, en el que desaprovech\u00f3 una pelota de rotura. No ser\u00eda la \u00fanica del primer set, t<strong>eniendo que levantar otra en el sexto juego, pese a que el nivel del murciano fue subiendo con el paso de los juegos.<\/strong>\n<\/p>\n<blockquote class=\"twitter-tweet\" data-lang=\"es\" wp_automatic_readability=\"4.9090909090909\">\n<p lang=\"en\" dir=\"ltr\">Back like he never left \ud83e\udd0e<\/p>\n<p>Carlos Alcaraz defeats Safiullin in straight sets! <a href=\"https:\/\/t.co\/UakEeaeOqj\" rel=\"nofollow\">pic.twitter.com\/UakEeaeOqj<\/a><\/p>\n<p>\u2014 US Open Tennis (@usopen) <a href=\"https:\/\/x.com\/usopen\/status\/2094515739185053970?ref_src=twsrc%5Etfw\" rel=\"nofollow\">31 de agosto de 2026<\/a><\/p><\/blockquote>\n<p class=\"article-body__text \">\n        Los destellos del mejor Alcaraz<strong> cada vez eran m\u00e1s constantes y prueba de ello fue el primer &#8216;break&#8217; del partido, <\/strong>consumado con una derecha marca de la casa (4-3). Un juego al resto que ser\u00eda suficiente para, a la tercera, tras desaprovechar dos bolas de set al resto, adjudicarse la primera manga.<strong> Set de menos a m\u00e1s del n\u00famero tres del mundo que disipaba, <\/strong>si es que las hubiera, las dudas sobre su estado de forma.\n<\/p>\n<p class=\"article-body__text \">\n        La reacci\u00f3n del ruso llegar\u00eda en el arranque del segundo set. Seis puntos seguidos para ganar su saque y romper en blanco el de Alcaraz por primera vez en el partido. Primera situaci\u00f3n comprometida del partido para el murciano y la respuesta ser\u00eda inmejorable<strong>: dos juegos seguidos que igualaban el tanteo.<\/strong> Y como en el primer parcial, el s\u00e9ptimo juego volver\u00eda a ser clave, con otro juego al resto de Alcaraz que le permiti\u00f3, tras mantener sus saques, colocarse dos sets arriba (6-4).\n<\/p>\n<p class=\"article-body__text \">\n        Estaba firmando un gran encuentro en su retorno al circuito Carlos Alcaraz, pero le quedaba cerrarlo. Y el comienzo de tercer set ser\u00eda igual de exigente que los dos anteriores, pero esta vez sin &#8216;break&#8217; en contra tras salvar tres pelotas de rotura. S\u00ed lo har\u00eda Alcaraz en la primera oportunidad que tuvo en el siguiente juego.<strong> Una rotura que ser\u00eda suficiente para cerrar cerrar el set (6-4) y el partido (3-0).<\/strong>\n<\/p>\n<p>  <strong>Siguiente ronda<\/strong><\/p>\n<p class=\"article-body__text \">\n        En la segunda ronda,<strong> el murciano se enfrentar\u00e1 al portugu\u00e9s Jaime Faria<\/strong>, que se impuso en un maratoniano duelo de primera ronda al estadounidense Jenson Brooksby en cinco sets (6-3, 7-6(4), 4-6, 1-6, 6-2) y tres horas y 46 minutos de encuentro. El que <strong>no estar\u00e1 en la segunda ronda ser\u00e1 el ganador en Cincinnati, Arthur Fils, <\/strong>que se vio sorprendido por una gran versi\u00f3n de Stefanos Tsitsipas (4-6, 7-6(3), 6-1, 6-4), en la que fue la gran sorpresa de la jornada.\n<\/p>\n<p>            <script async src=\"https:\/\/platform.twitter.com\/widgets.js\" charset=\"utf-8\"><\/script><\/p>\n","protected":false},"excerpt":{"rendered":"El tenista Carlos Alcaraz se ha impuesto este lunes en la primera ronda del Abierto de Estados Unidos,&hellip;\n","protected":false},"author":2,"featured_media":741405,"comment_status":"","ping_status":"","sticky":false,"template":"","format":"standard","meta":{"footnotes":""},"categories":[93],"tags":[4736,34516,5437,168,25,24,2902,23,167,1261],"class_list":["post-741404","post","type-post","status-publish","format-standard","has-post-thumbnail","category-deportes","tag-alcaraz","tag-convincente","tag-debut","tag-deportes","tag-es","tag-espana","tag-regresa","tag-spain","tag-sports","tag-victoria"],"share_on_mastodon":{"url":"https:\/\/pubeurope.com\/@es\/117193786290242529","error":""},"_links":{"self":[{"href":"https:\/\/www.europesays.com\/es\/wp-json\/wp\/v2\/posts\/741404","targetHints":{"allow":["GET"]}}],"collection":[{"href":"https:\/\/www.europesays.com\/es\/wp-json\/wp\/v2\/posts"}],"about":[{"href":"https:\/\/www.europesays.com\/es\/wp-json\/wp\/v2\/types\/post"}],"author":[{"embeddable":true,"href":"https:\/\/www.europesays.com\/es\/wp-json\/wp\/v2\/users\/2"}],"replies":[{"embeddable":true,"href":"https:\/\/www.europesays.com\/es\/wp-json\/wp\/v2\/comments?post=741404"}],"version-history":[{"count":0,"href":"https:\/\/www.europesays.com\/es\/wp-json\/wp\/v2\/posts\/741404\/revisions"}],"wp:featuredmedia":[{"embeddable":true,"href":"https:\/\/www.europesays.com\/es\/wp-json\/wp\/v2\/media\/741405"}],"wp:attachment":[{"href":"https:\/\/www.europesays.com\/es\/wp-json\/wp\/v2\/media?parent=741404"}],"wp:term":[{"taxonomy":"category","embeddable":true,"href":"https:\/\/www.europesays.com\/es\/wp-json\/wp\/v2\/categories?post=741404"},{"taxonomy":"post_tag","embeddable":true,"href":"https:\/\/www.europesays.com\/es\/wp-json\/wp\/v2\/tags?post=741404"}],"curies":[{"name":"wp","href":"https:\/\/api.w.org\/{rel}","templated":true}]}}