{"id":741412,"date":"2026-09-01T04:03:23","date_gmt":"2026-09-01T04:03:23","guid":{"rendered":"https:\/\/www.europesays.com\/es\/741412\/"},"modified":"2026-09-01T04:03:23","modified_gmt":"2026-09-01T04:03:23","slug":"silvia-martinez-nueva-presidenta-de-la-teleco-parlem-en-relevo-de-ernest-perez-mas-expansion","status":"publish","type":"post","link":"https:\/\/www.europesays.com\/es\/741412\/","title":{"rendered":"Silvia Mart\u00ednez, nueva presidenta de la &#039;teleco&#039; Parlem en relevo de Ernest P\u00e9rez-Mas &#8211; Expansi\u00f3n"},"content":{"rendered":"<ol>\n<li><a href=\"https:\/\/news.google.com\/rss\/articles\/CBMijwFBVV95cUxPSElhMFlJQ3p2cl9lSjZJRk5RSWtrbDBLcDU3RDZnb203U1ZVcVp1bWEzSG5hWVFNRUUyclJ2TlBZQi0yalhnNTZfR01ndHpWZDNYQU56SWNSVFg0YXdaQVZLM0dSMlZZT2VzV0VkdUdreWJ6ZDNvcTQ0MXpMSTd3Y2NDRklEajgwMnRaNVNORdIBjwFBVV95cUxOdjB3VG5Zd3NYQjFUU3o3dG1ncEEtX1FQS2NJZzNJM2FJREkwQ0czUlNDMTI3eHR1TlB0bTVCblVKVlpuTWNUX3F4VzdnSHAyMjkzSy1nV05aWGJFOGlXUG9fOTFVTE40cTdYU2FoZXVxSWRzMEpzZEFFRVNEME03X3lrRkdYS3VCVUtNQmt4UQ?oc=5\" target=\"_blank\" rel=\"nofollow noopener\">Silvia Mart\u00ednez, nueva presidenta de la &#8216;teleco&#8217; Parlem en relevo de Ernest P\u00e9rez-Mas<\/a>&nbsp;&nbsp;Expansi\u00f3n<\/li>\n<li><a href=\"https:\/\/news.google.com\/rss\/articles\/CBMivwFBVV95cUxOY3pmMi16Z0gzTnNvTnZKWDRQNFlZRnU0Q1oyaEJhOVJ2ODBFS0hUZUM2MHBwT0xjN19mMDl1ZWd6V01SNm5aWnotSzVmMWdKeDlyOUw5WlBZeGN4U29lWGtRcjB6QTlCUmNTR0F0cG9XcERHNGkwb2VUeGF6eUlMdngzZG1KbF9xMGw1Q0RVcGx6amd0UW5KSlJyT3FOUWVTN2lwUHFHVjBvamw1Mm9Yb1V3cFJrNTRRZGdUclNhTdIBxAFBVV95cUxNcURVOWo5Vl85Nl9wY2tTMXN0aTZRUXNndU9LaHdkclA0alZiR0RESGtrdEhKb24weElxcjM1RzQ5ajgtU1ptd3R3WWNudTgxaHljTDNadGQ1elRRcG9NVlZaU1pJRUZtLWdidWlEeHpDSWtjZmppdUZNQXRHRFNTMXE2TUVzT09nZ2NQVnpKbkFWVURXMm5xQTZRd08zQ3JIQlRaeW1sb2ZwalJqSWhJZ1NuQmFTMGtoTDgyTEJGbWdQeTlY?oc=5\" target=\"_blank\" rel=\"nofollow noopener\">Inveready releva a Ernest P\u00e9rez-Mas como presidente de Parlem tras la toma de control<\/a>&nbsp;&nbsp;La Vanguardia<\/li>\n<li><a href=\"https:\/\/news.google.com\/rss\/articles\/CBMimgFBVV95cUxPdy04eXRMTnZOaHFGcmktNmhaZWdPUldaSTFJbDA0UDJGMTJHSmZmRmIxZC1lY2JPU0dIRHhaQV9xWjZSMmtSOEFWSGFrYlV1cU5KVVhCQ1E2elNkQUFFTTlJVVpRaEwyeHowNTlQdFRRUEhpT2tPeUJzZTc4UlY5UUhYdUJ4T3BMajdGODE5WENrR2dFYzZyQzVR0gGaAUFVX3lxTFBUS3hPRjZkVC1PTU9jQnNjcVRCYlIzMUE1bWZZRjY4c09mWk9GN3l3VGQ0QmJraGdiXzN4T0w1ZGZDSGZ1VDQ3UElxVU5mMnhyWERxV3dOSk8xbS04dk5fd1pXWjRxRlMzRG93ZlVHZkpNaGl5UVVYNlRpek03YVBaVkhyRmZfOFpDZzBzaWE0Vjd6Y29JT2tOaVE?oc=5\" target=\"_blank\" rel=\"nofollow noopener\">El fundador de Parlem medita su adi\u00f3s a la &#8216;teleco&#8217; del Proc\u00e9s<\/a>&nbsp;&nbsp;El Peri\u00f3dico<\/li>\n<li><a href=\"https:\/\/news.google.com\/rss\/articles\/CBMi8gFBVV95cUxPWjJqUWJLVXplNFAwQWNZYjlYZ1dtMDNacHg0dE9PRU5CUnhYN180eTZnRVJVWC00YlNlTGxaVFEwYjVySGIxY2Q2VnM0aDJhNmxLYkotRlJzU2JkTjhXUVFpTzlvTWlMVUI5TVRzNFZ0elFKWlF4VW5PRW5rQzJKQ3BWQ1E2RFlUSkZvVmx2Qkg3Y0d1MmVnUXhMcmhidDZTQTRIQktKM0FMRXNrVGg4OHJxcjY0eEpHQk04T2JuWkR1eFZIVVFkRFJteGpMMkJnVXFkWlRYeGszWHFvb2llY3hCNGVCNVd1cmlpU1Y3aVI1d9IB3AFBVV95cUxPT3QwSVpJM0x2dVpRMEIwZHg3bzY2OGx5Zk1keXhwVGhSXzc5QmEyZG43MU4xaFBUSGthRFR0VmhoN2k3U1JnOS1tU0MwcWo5Q3dmb2ZDdjFobXVmX3Z1QXVzU2VNQ1JaSk9VSW15T0VVUmlzTlVnRUZwVkgzMTJvT2I1NHRwWXRmbzNkUmtwZDhUb3ZPSk5MN2pRQ0dGSWdyM1NQaTJjQTBCX3dXdUNkVFl3UlVWUWxrQUlVTTF4WUdnY0hQOGZWQkxNVERhUmYyb2luTWRGQmVub0ot?oc=5\" target=\"_blank\" rel=\"nofollow noopener\">Inveready degrada a Ernest P\u00e9rez-Mas a vicepresidente no ejecutivo en la nueva Parlem<\/a>&nbsp;&nbsp;El Economista<\/li>\n<li><a href=\"https:\/\/news.google.com\/rss\/articles\/CBMi6gFBVV95cUxOdGZ2WWQzMUJ5czlkR09jaGhxMWhWQXNzYW9yR25lTE05b2FNMkg0TjdLWXJSNTBDTkduOFd2cWY3Q1hXX2l6blJVUmc3OG5vZm9pY3VUVy1GQ2Y5dE1NQmdkWm5zZjlzQmxoaFA5TWt6Mjc3MDJHbF9mSWZBaFFseEU5eE1uVzdwUWM3SUp4VmZHMk8zNlZ4TExvdjJadU5GakpVanhYZ0JjZlBtY09PeFdGYXc4OW4xX0pMZEVTTm9UMTNFa3hKRGd1UDlKSVFFM2U2cFptZ2xlRDNnendWN1ZaYUN5MGFUenc?oc=5\" target=\"_blank\" rel=\"nofollow noopener\">Inveready destituye a Ernest P\u00e9rez-Mas como presidente de Parlem y ejecuta la ampliaci\u00f3n de capital<\/a>&nbsp;&nbsp;Cinco D\u00edas<\/li>\n<\/ol>\n","protected":false},"excerpt":{"rendered":"Silvia Mart\u00ednez, nueva presidenta de la &#8216;teleco&#8217; Parlem en relevo de Ernest P\u00e9rez-Mas&nbsp;&nbsp;Expansi\u00f3n Inveready releva a Ernest P\u00e9rez-Mas&hellip;\n","protected":false},"author":2,"featured_media":741413,"comment_status":"","ping_status":"","sticky":false,"template":"","format":"standard","meta":{"footnotes":""},"categories":[80],"tags":[82,95,94,2308,10853,25,24,23],"class_list":["post-741412","post","type-post","status-publish","format-standard","has-post-thumbnail","category-economia","tag-business","tag-economia","tag-economy","tag-empresas","tag-empresas-tecnologia","tag-es","tag-espana","tag-spain"],"share_on_mastodon":{"url":"https:\/\/pubeurope.com\/@es\/117193802024876245","error":""},"_links":{"self":[{"href":"https:\/\/www.europesays.com\/es\/wp-json\/wp\/v2\/posts\/741412","targetHints":{"allow":["GET"]}}],"collection":[{"href":"https:\/\/www.europesays.com\/es\/wp-json\/wp\/v2\/posts"}],"about":[{"href":"https:\/\/www.europesays.com\/es\/wp-json\/wp\/v2\/types\/post"}],"author":[{"embeddable":true,"href":"https:\/\/www.europesays.com\/es\/wp-json\/wp\/v2\/users\/2"}],"replies":[{"embeddable":true,"href":"https:\/\/www.europesays.com\/es\/wp-json\/wp\/v2\/comments?post=741412"}],"version-history":[{"count":0,"href":"https:\/\/www.europesays.com\/es\/wp-json\/wp\/v2\/posts\/741412\/revisions"}],"wp:featuredmedia":[{"embeddable":true,"href":"https:\/\/www.europesays.com\/es\/wp-json\/wp\/v2\/media\/741413"}],"wp:attachment":[{"href":"https:\/\/www.europesays.com\/es\/wp-json\/wp\/v2\/media?parent=741412"}],"wp:term":[{"taxonomy":"category","embeddable":true,"href":"https:\/\/www.europesays.com\/es\/wp-json\/wp\/v2\/categories?post=741412"},{"taxonomy":"post_tag","embeddable":true,"href":"https:\/\/www.europesays.com\/es\/wp-json\/wp\/v2\/tags?post=741412"}],"curies":[{"name":"wp","href":"https:\/\/api.w.org\/{rel}","templated":true}]}}