{"id":741416,"date":"2026-09-01T04:05:30","date_gmt":"2026-09-01T04:05:30","guid":{"rendered":"https:\/\/www.europesays.com\/es\/741416\/"},"modified":"2026-09-01T04:05:30","modified_gmt":"2026-09-01T04:05:30","slug":"italia-ha-rechazado-la-entrada-a-31-viajeros-procedentes-de-espana-tras-suspender-schengen","status":"publish","type":"post","link":"https:\/\/www.europesays.com\/es\/741416\/","title":{"rendered":"Italia ha rechazado la entrada a 31 viajeros procedentes de Espa\u00f1a tras suspender Schengen"},"content":{"rendered":"<p class=\"c-paragraph\">Italia ha identificado a m\u00e1s de 180.000 viajeros procedentes de Espa\u00f1a en sus fronteras y ha<b> rechazado la entrada a 31 personas y ha detenido a otras seis <\/b>desde que el <a href=\"https:\/\/www.heraldo.es\/noticias\/nacional\/2026\/08\/31\/italia-prorroga-controles-viajes-procedentes-espana-2048378.html\" title=\"Espa\u00f1a e Italia mantedr\u00e1n 15 d\u00edas m\u00e1s los controles en sus respectivos aeropuertos tras la decisi\u00f3n del Gobierno de Meloni de prorrogarlos\" target=\"_blank\" rel=\"nofollow noopener\">Gobierno de Giorgia Meloni suspendi\u00f3 temporalmente el acuerdo de Schengen con el pa\u00eds ib\u00e9rico por la crisis migratoria en Ceuta.<\/a><\/p>\n<p class=\"c-paragraph\">Entre el 1 y el 31 de agosto, las autoridades italianas impidieron la entrada al pa\u00eds a 31 viajeros procedentes de Espa\u00f1a, <b>ocho de ellos de nacionalidad marroqu\u00ed<\/b>, seg\u00fan informaron este lunes los medios italianos citando fuentes del Ministerio del Interior.<\/p>\n<p class=\"c-paragraph\">Adem\u00e1s de las identificaciones directas en puertos y aeropuertos en el marco del operativo especial de seguridad, las fuerzas de seguridad i<b>nspeccionaron a casi 500.000 personas<\/b> mediante la verificaci\u00f3n de las listas de pasajeros.<\/p>\n<p class=\"c-paragraph\">El Gobierno italiano anunci\u00f3 este lunes la<b> pr\u00f3rroga de dos semanas de los controles migratorios a\u00e9reos y mar\u00edtimos<\/b> al justificar que \u00abpersisten los elementos\u00bb que motivaron su reintroducci\u00f3n el pasado 1 de agosto.<\/p>\n<p class=\"c-paragraph\">El ministro del Interior italiano,\u00a0Matteo\u00a0Piantedosi, <b>calific\u00f3 la medida de \u00abnecesaria\u00bb,<\/b> aunque explic\u00f3 que la ampliaci\u00f3n se ha limitado a 15 d\u00edas porque \u00abes de valorar el esfuerzo que realiza el Gobierno espa\u00f1ol, junto con la Uni\u00f3n Europea, para superar la situaci\u00f3n creada\u00bb en el enclave espa\u00f1ol en el norte de \u00c1frica.<\/p>\n<p class=\"c-paragraph\">Por su parte, el Ejecutivo espa\u00f1ol ha anunciado que <b>aplicar\u00e1 la misma reciprocidad respecto a Italia, <\/b>por lo que mantendr\u00e1 los controles a los viajeros procedentes del pa\u00eds transalpino durante otros quince d\u00edas adicionales a partir del 8 de septiembre.<\/p>\n","protected":false},"excerpt":{"rendered":"Italia ha identificado a m\u00e1s de 180.000 viajeros procedentes de Espa\u00f1a en sus fronteras y ha rechazado la&hellip;\n","protected":false},"author":2,"featured_media":741417,"comment_status":"","ping_status":"","sticky":false,"template":"","format":"standard","meta":{"footnotes":""},"categories":[8],"tags":[22655,17,18,5089,25,24,13,14,1080,11,628,19,20,9,10,15,16,11563,23,12,21,22],"class_list":["post-741416","post","type-post","status-publish","format-standard","has-post-thumbnail","category-espana","tag-22655","tag-breaking-news","tag-breakingnews","tag-entrada","tag-es","tag-espana","tag-featured-news","tag-featurednews","tag-ha","tag-headlines","tag-italia","tag-latest-news","tag-latestnews","tag-news","tag-noticias","tag-noticias-destacadas","tag-noticiasdestacadas","tag-rechazado","tag-spain","tag-titulares","tag-ultimas-noticias","tag-ultimasnoticias"],"share_on_mastodon":{"url":"https:\/\/pubeurope.com\/@es\/117193809961035151","error":""},"_links":{"self":[{"href":"https:\/\/www.europesays.com\/es\/wp-json\/wp\/v2\/posts\/741416","targetHints":{"allow":["GET"]}}],"collection":[{"href":"https:\/\/www.europesays.com\/es\/wp-json\/wp\/v2\/posts"}],"about":[{"href":"https:\/\/www.europesays.com\/es\/wp-json\/wp\/v2\/types\/post"}],"author":[{"embeddable":true,"href":"https:\/\/www.europesays.com\/es\/wp-json\/wp\/v2\/users\/2"}],"replies":[{"embeddable":true,"href":"https:\/\/www.europesays.com\/es\/wp-json\/wp\/v2\/comments?post=741416"}],"version-history":[{"count":0,"href":"https:\/\/www.europesays.com\/es\/wp-json\/wp\/v2\/posts\/741416\/revisions"}],"wp:featuredmedia":[{"embeddable":true,"href":"https:\/\/www.europesays.com\/es\/wp-json\/wp\/v2\/media\/741417"}],"wp:attachment":[{"href":"https:\/\/www.europesays.com\/es\/wp-json\/wp\/v2\/media?parent=741416"}],"wp:term":[{"taxonomy":"category","embeddable":true,"href":"https:\/\/www.europesays.com\/es\/wp-json\/wp\/v2\/categories?post=741416"},{"taxonomy":"post_tag","embeddable":true,"href":"https:\/\/www.europesays.com\/es\/wp-json\/wp\/v2\/tags?post=741416"}],"curies":[{"name":"wp","href":"https:\/\/api.w.org\/{rel}","templated":true}]}}