{"id":741418,"date":"2026-09-01T04:06:29","date_gmt":"2026-09-01T04:06:29","guid":{"rendered":"https:\/\/www.europesays.com\/es\/741418\/"},"modified":"2026-09-01T04:06:29","modified_gmt":"2026-09-01T04:06:29","slug":"la-promesa-avanza-otra-boda-mas-en-rtve-y-confirma-la-ruptura-de-una-pareja-en-sus-capitulos-de-esta-semana","status":"publish","type":"post","link":"https:\/\/www.europesays.com\/es\/741418\/","title":{"rendered":"&#8216;La Promesa&#8217; avanza otra boda (m\u00e1s) en RTVE y confirma la ruptura de una pareja en sus cap\u00edtulos de esta semana"},"content":{"rendered":"<p class=\"article-text\">\n        La <strong>temporada televisiva 2026-2027<\/strong> arranca con estabilidad para <strong>La Promesa<\/strong> en <strong>RTVE<\/strong>. El serial afronta una semana de inicio de curso manteniendo su emisi\u00f3n regular en <strong>La 1<\/strong>, con cinco nuevos cap\u00edtulos entre el <strong>lunes 31 de agosto y el viernes 4 de septiembre<\/strong>.\n    <\/p>\n<p>    <a href=\"https:\/\/www.eldiario.es\/vertele\/analisis\/nuestros-7-deseos-temporada-2026-2027-tv-adelanto-prime-time-claves-ganar-audiencia_1_13470322.html\" data-mrf-recirculation=\"saber-mas\" data-dl-event=\"saber-mas\" rel=\"nofollow noopener\" target=\"_blank\"><\/p>\n<p class=\"know-more__title\">Nuestros 7 deseos para la temporada 2026-2027 en TV: del adelanto del prime time a otras claves para ganar audiencia<\/p>\n<p>            <img decoding=\"async\" class=\"lazy\" loading=\"lazy\" data-src=\"https:\/\/static.eldiario.es\/clip\/8ad776eb-fe09-4bf7-ae95-98b17703a888_16-9-aspect-ratio_default_0.jpg\" src=\"data:image\/svg+xml,%3Csvg xmlns=\" http:=\"\" viewbox=\"0 0 880 495\" alt=\"Nuestros 7 deseos para la temporada 2026-2027 en TV: del adelanto del prime time a otras claves para ganar audiencia\"\/><\/p>\n<p>                        <\/a><\/p>\n<p class=\"article-text\">\n        En cuanto a tramas, como desvela el cl\u00e1sico <strong>avance semanal <\/strong>de la cadena p\u00fablica, la serie diaria que produce Bamb\u00fa Producciones se prepara para vivir emociones fuertes. La m\u00e1s se\u00f1alada es <strong>el anuncio de una nueva boda en palacio<\/strong>, la que unir\u00e1 a<strong> Carlo y Mar\u00eda Fern\u00e1ndez <\/strong>despu\u00e9s de que \u00e9l &#8216;hinque rodilla&#8217; en uno de los episodios de esta semana.\n    <\/p>\n<p class=\"article-text\">\n        En paralelo, los preparativos del enlace de <strong>Curro y \u00c1ngela <\/strong>siguen adelante ante la &#8216;amenaza&#8217; de revelaci\u00f3n del gran secreto, mientras<strong> Martina y Adriano <\/strong>toman la decisi\u00f3n de aceptar las condiciones de Jacobo y finalizar su relaci\u00f3n, y aparecen complicaciones tambi\u00e9n para la pareja que forman <strong>Manuel y Julieta<\/strong>.\n    <\/p>\n<p class=\"article-text\">\n        A continuaci\u00f3n, detallamos los avances oficiales de<strong> los cap\u00edtulos 895 al 899<\/strong> de La Promesa que se emitir\u00e1n esta semana en La 1:\n    <\/p>\n<p>    <strong>\u00b7 Lunes 31 de agosto &#8211; Cap\u00edtulo 895<\/strong><\/p>\n<p class=\"article-text\">\n        <strong>M\u00e1ximo reconoce ante Leocadia haber filtrado la noticia para controlar el relato<\/strong>; ella le advierte que eso lo alejar\u00e1 m\u00e1s de \u00c1ngela. Lorenzo convence a Ciro de conceder licencias a espaldas de Manuel, reparti\u00e9ndose entre ambos las ganancias. <strong>Tomasa obliga a Petra a aceptar el puesto de ama de llaves<\/strong>. Samuel se despide veladamente de Mar\u00eda, sabiendo que Carlo va a pedirle matrimonio. Teresa y Ricardo afrontan la primera comida como cocineros de emergencia; Julio les complica las cosas.<strong> <\/strong>\n    <\/p>\n<p class=\"article-text\">\n        <strong>\u00c1ngela estalla ante M\u00e1ximo al saber que fue \u00e9l quien filtr\u00f3 la noticia<\/strong>; Curro tambi\u00e9n le reprocha la maniobra. Ciro convence a Manuel de dejarle hacer trabajo de campo, obteniendo v\u00eda libre para su plan. <strong>Adriano y Martina sellan su despedida con un beso..<\/strong>. Leocadia se regodea en lo mucho que ha metido la pata M\u00e1ximo: que no est\u00e9 presente en la boda ser\u00e1 un esc\u00e1ndalo monumental. <strong>Carlo<\/strong> da el gran paso: hinca rodilla y<strong> pide matrimonio a Mar\u00eda Fern\u00e1ndez, \u00bfqu\u00e9 contestar\u00e1 ella?<\/strong>\n    <\/p>\n<p>            <img decoding=\"async\" class=\"lazy\" loading=\"lazy\" data-src=\"https:\/\/static.eldiario.es\/clip\/0282bfc9-346b-4e16-9fd3-5058b042249f_16-9-discover-aspect-ratio_default_0.jpg\" src=\"data:image\/svg+xml,%3Csvg xmlns=\" http:=\"\" viewbox=\"0 0 1200 675\" alt=\"'La Promesa' - Cap\u00edtulo 895\"\/><\/p>\n<p>    <strong>\u00b7 Martes 1 de septiembre &#8211; Cap\u00edtulo 896<\/strong><\/p>\n<p class=\"article-text\">\n        <strong>M\u00e1ximo est\u00e1 convencido de que \u00c1ngela le permitir\u00e1 acompa\u00f1arla al altar<\/strong>, pero Leocadia asegura que no ceder\u00e1. <strong>Curro y \u00c1ngela retoman los preparativos sin contar con el duque de Buenaventura: la ceremonia ser\u00e1 en Luj\u00e1n<\/strong>. M\u00e1ximo trata de imponerse y anuncia a la joven que ser\u00e1 \u00e9l quien la lleve al altar. Sin embargo, como hab\u00eda vaticinado la madre de la muchacha, ella se niega.<strong> Mar\u00eda lo tiene claro: acepta la propuesta de matrimonio de Carlo <\/strong>ante la emoci\u00f3n de Teresa y P\u00eda, que estaban espiando. \u00a1Otra boda en La Promesa! La noticia de su compromiso corre como la p\u00f3lvora en La Promesa.\n    <\/p>\n<p class=\"article-text\">\n        <strong>Por su parte, Martina y Adriano informan a Jacobo de que aceptan sus condiciones: dejan su relaci\u00f3n<\/strong>. <strong>La marcha de las cocineras es un problema. Leocadia ordena reemplazarlas<\/strong>, aunque haya que buscar en Madrid&#8230; Ciro y Lorenzo celebran el \u00e9xito del plan sin imaginar que la alegr\u00eda de Manuel se debe a que as\u00ed tendr\u00e1 tiempo a solas con Julieta. Los viajes de Ciro comienzan. <strong>Manuel y Julieta bajan la guardia: est\u00e1n a punto de besarse cuando\u2026 \u00a1el muchacho regresa!<\/strong>\n    <\/p>\n<p>            <img decoding=\"async\" class=\"lazy\" loading=\"lazy\" data-src=\"https:\/\/static.eldiario.es\/clip\/073ce8e5-2f1a-4baa-a2f2-639607278186_16-9-discover-aspect-ratio_default_0.jpg\" src=\"data:image\/svg+xml,%3Csvg xmlns=\" http:=\"\" viewbox=\"0 0 1200 675\" alt=\"'La Promesa' - Cap\u00edtulo 896\"\/><\/p>\n<p>    <strong>\u00b7 Mi\u00e9rcoles 2 de septiembre &#8211; Cap\u00edtulo 897<\/strong><\/p>\n<p class=\"article-text\">\n        <strong>Manuel y Julieta est\u00e1n a punto de besarse, pero un ruido les avisa a tiempo y logran separarse<\/strong>. Es Ciro que ha vuelto contento de una visita a una f\u00e1brica. Manuel muestra a Ciro una carta que ha recibido de To\u00f1o y Enora respecto a sus viajes\u2026 Ciro cree que ha sido descubierta su traici\u00f3n. M\u00e1ximo pide a Curro que convenza a \u00c1ngela de que lo deje llevarla al altar. El muchacho accede, aunque le advierte que, probablemente, fracasar\u00e1.\n    <\/p>\n<p class=\"article-text\">\n        <strong>Samuel confiesa a P\u00eda que la boda de Mar\u00eda le duele m\u00e1s de lo que deber\u00eda.<\/strong> De hecho, es el \u00fanico que no le ha felicitado. Martina denuncia que el servicio del duque exige que se les cocine aparte, entorpeciendo a los cocineros. M\u00e1ximo termina amenazando a Julio y Tomasa con el despido. <strong>P\u00eda conf\u00eda a Ricardo que, cuando Curro y \u00c1ngela se casen, les revelar\u00e1 la verdad sobre la muerte de Jana y la implicaci\u00f3n de Leocadia<\/strong>. Julieta y Samuel descubren el paradero de<strong> Simona y Candela: \u00a1est\u00e1n escondidas en el refugio!<\/strong>\n    <\/p>\n<p>    <strong>\u00b7 Jueves 3 de septiembre &#8211; Cap\u00edtulo 898<\/strong><\/p>\n<p class=\"article-text\">\n        <strong>Las cocineras no quieren volver mientras Julio y Tomasa permanezcan en La Promesa. <\/strong>Julieta y Samuel prometen guardar el secreto. Crist\u00f3bal obliga a los criados del duque a disculparse ante los cocineros. <strong>Alonso y Curro, por su parte, intentan convencer a \u00c1ngela de que permita a M\u00e1ximo llevarla al altar<\/strong>, pero ella contin\u00faa con su negativa. M\u00e1ximo reconoce que el esc\u00e1ndalo le cuesta negocios; y Alonso confirma que \u00c1ngela no ceder\u00e1.\n    <\/p>\n<p class=\"article-text\">\n        Martina y Mar\u00eda comparten, sin llegar a verbalizarlo, que ninguna de las dos se casa por amor. <strong>Samuel confiesa a Mar\u00eda que la boda le duele, aunque se alegra por ellos<\/strong>. Carlo se entera de la norma por la que el servicio debe esperar a que los se\u00f1ores se casen primero, pero Curro la anula. <strong>Tomasa amenaza a Petra con ensa\u00f1arse con quienes ella aprecie si no obedece<\/strong>, dejando caer que su odio tiene ra\u00edces del pasado. <strong>Ciro intenta colar a Manuel la licencia falsa entre otros documentos para que la firme. \u00bfLo conseguir\u00e1?<\/strong>\n    <\/p>\n<p>            <img decoding=\"async\" class=\"lazy\" loading=\"lazy\" data-src=\"https:\/\/static.eldiario.es\/clip\/2e21c425-ff48-4447-9ad0-a84e6e2652ac_16-9-discover-aspect-ratio_default_0.jpg\" src=\"data:image\/svg+xml,%3Csvg xmlns=\" http:=\"\" viewbox=\"0 0 1200 675\" alt=\"'La Promesa' - Cap\u00edtulo 898\"\/><\/p>\n<p>    <strong>\u00b7 Viernes 4 de septiembre &#8211; Cap\u00edtulo 899 <\/strong><\/p>\n<p class=\"article-text\">\n        <strong>Ciro no entreg\u00f3 los papeles: los nervios le traicionaron<\/strong>. Lorenzo le propone contactar con una empresa interesada en la licencia y as\u00ed ganar tiempo antes de conseguir la firma de Manuel. La empresa est\u00e1 verdaderamente interesada en la licencia. <strong>Carlo y Mar\u00eda acuerdan casarse la semana siguiente. <\/strong>Ella propone que oficie don Agapito de Villalquino para no poner a Samuel en ese compromiso. Adem\u00e1s, <strong>quiere una boda muy discreta: no quiere que vayan siquiera Curro ni Manuel.<\/strong>\n    <\/p>\n<p>    <a href=\"https:\/\/www.eldiario.es\/vertele\/noticias\/revuelta-fecha-regreso-1-nuevo-teatro-novedades-vt_1_13476218.html\" data-mrf-recirculation=\"saber-mas-abajo\" data-dl-event=\"saber-mas-abajo\" rel=\"nofollow noopener\" target=\"_blank\"><\/p>\n<p class=\"know-more__title\">&#8216;La Revuelta&#8217; anuncia con iron\u00eda su fecha de vuelta a RTVE: \u201cLos colaboradores nos distraer\u00e1n de los esc\u00e1ndalos del Gobierno\u201d\n<\/p>\n<p>            <img decoding=\"async\" class=\"lazy\" loading=\"lazy\" data-src=\"https:\/\/static.eldiario.es\/clip\/6e5d1e89-4a77-4273-b864-a74fa637fcb8_16-9-aspect-ratio_default_0.jpg\" src=\"data:image\/svg+xml,%3Csvg xmlns=\" http:=\"\" viewbox=\"0 0 880 495\" alt=\"'La Revuelta' anuncia con iron\u00eda su fecha de vuelta a RTVE: &quot;Los colaboradores nos distraer\u00e1n de los esc\u00e1ndalos del Gobierno&quot;\"\/><\/p>\n<p>                        <\/a><\/p>\n<p class=\"article-text\">\n        Curro y \u00c1ngela tienen un nuevo roce: ella lo acusa de anteponer el trabajo en Lisboa al asunto de M\u00e1ximo. Julieta visita a las cocineras y les cuenta la boda de Mar\u00eda. Se emocionan, pero no quieren volver. P\u00eda encuentra a Petra llorando y trata de ayudarla, pero esta la rechaza. Petra abronca a Teresa y Ricardo incluso sin que Tomasa est\u00e9 delante&#8230; Tomasa la escucha escondida mientras su hermana grita a P\u00eda amenaz\u00e1ndola con el despido. <strong>Manuel revela a Julieta que sabe que va al refugio y le exige una explicaci\u00f3n. \u00bfDesvelar\u00e1 la verdad?<\/strong>\n    <\/p>\n<p>            <img decoding=\"async\" class=\"lazy\" loading=\"lazy\" data-src=\"https:\/\/static.eldiario.es\/clip\/8b234da7-80c4-44ea-986d-fb074ed413c7_16-9-discover-aspect-ratio_default_0.jpg\" src=\"data:image\/svg+xml,%3Csvg xmlns=\" http:=\"\" viewbox=\"0 0 1200 675\" alt=\"'La Promesa'   Cap\u00edtulo 899\"\/><\/p>\n","protected":false},"excerpt":{"rendered":"La temporada televisiva 2026-2027 arranca con estabilidad para La Promesa en RTVE. El serial afronta una semana de&hellip;\n","protected":false},"author":2,"featured_media":741419,"comment_status":"","ping_status":"","sticky":false,"template":"","format":"standard","meta":{"footnotes":""},"categories":[5],"tags":[131580,3158,17,18,12146,1779,25,24,13,14,11,1783,19,20,9,10,15,16,2477,7376,518,24555,773,23,12,21,22],"class_list":["post-741418","post","type-post","status-publish","format-standard","has-post-thumbnail","category-titulares","tag-avance-semanal-la-1","tag-boda","tag-breaking-news","tag-breakingnews","tag-capitulos","tag-confirma","tag-es","tag-espana","tag-featured-news","tag-featurednews","tag-headlines","tag-la","tag-latest-news","tag-latestnews","tag-news","tag-noticias","tag-noticias-destacadas","tag-noticiasdestacadas","tag-pareja","tag-promesa","tag-rtve","tag-ruptura","tag-semana","tag-spain","tag-titulares","tag-ultimas-noticias","tag-ultimasnoticias"],"share_on_mastodon":{"url":"https:\/\/pubeurope.com\/@es\/117193813861141428","error":""},"_links":{"self":[{"href":"https:\/\/www.europesays.com\/es\/wp-json\/wp\/v2\/posts\/741418","targetHints":{"allow":["GET"]}}],"collection":[{"href":"https:\/\/www.europesays.com\/es\/wp-json\/wp\/v2\/posts"}],"about":[{"href":"https:\/\/www.europesays.com\/es\/wp-json\/wp\/v2\/types\/post"}],"author":[{"embeddable":true,"href":"https:\/\/www.europesays.com\/es\/wp-json\/wp\/v2\/users\/2"}],"replies":[{"embeddable":true,"href":"https:\/\/www.europesays.com\/es\/wp-json\/wp\/v2\/comments?post=741418"}],"version-history":[{"count":0,"href":"https:\/\/www.europesays.com\/es\/wp-json\/wp\/v2\/posts\/741418\/revisions"}],"wp:featuredmedia":[{"embeddable":true,"href":"https:\/\/www.europesays.com\/es\/wp-json\/wp\/v2\/media\/741419"}],"wp:attachment":[{"href":"https:\/\/www.europesays.com\/es\/wp-json\/wp\/v2\/media?parent=741418"}],"wp:term":[{"taxonomy":"category","embeddable":true,"href":"https:\/\/www.europesays.com\/es\/wp-json\/wp\/v2\/categories?post=741418"},{"taxonomy":"post_tag","embeddable":true,"href":"https:\/\/www.europesays.com\/es\/wp-json\/wp\/v2\/tags?post=741418"}],"curies":[{"name":"wp","href":"https:\/\/api.w.org\/{rel}","templated":true}]}}