{"id":741420,"date":"2026-09-01T04:14:19","date_gmt":"2026-09-01T04:14:19","guid":{"rendered":"https:\/\/www.europesays.com\/es\/741420\/"},"modified":"2026-09-01T04:14:19","modified_gmt":"2026-09-01T04:14:19","slug":"mariona-ortiz-capitana-del-casademont-zaragoza-como-una-nina-ante-el-mundial-bendita-presion","status":"publish","type":"post","link":"https:\/\/www.europesays.com\/es\/741420\/","title":{"rendered":"Mariona Ortiz, capitana del Casademont Zaragoza, como \u00abuna ni\u00f1a\u00bb ante el Mundial: \u00abBendita presi\u00f3n\u00bb"},"content":{"rendered":"<p class=\"ft-text ft-helper-closenews\">Mariona Ortiz firm\u00f3 una actuaci\u00f3n sobresaliente en la victoria de Espa\u00f1a ante China, dejando su sello tanto en la estad\u00edstica como en los momentos decisivos del encuentro<strong>. La base aragonesa termin\u00f3 con 13 puntos, 6 rebotes y 5 asistencias para alcanzar los 23 cr\u00e9ditos de valoraci\u00f3n,<\/strong> la cifra m\u00e1s alta del combinado nacional. Todo ello, <strong>con el Pr\u00edncipe Felipe volcado<\/strong>. Por tanto, la capitana del Casademont Zaragoza llega cargada de moral a la cita en Berl\u00edn.<\/p>\n<p class=\"ft-text\">Quiz\u00e1 por ello, la base asegur\u00f3 este lunes que asume la responsabilidad ante el reto mundialista como <strong>\u201cbendita presi\u00f3n\u201d, <\/strong>tras el anuncio de Miguel M\u00e9ndez, t\u00e9cnico de la selecci\u00f3n nacional femenina de baloncesto, de las doce jugadoras que participar\u00e1n en el Mundial de Alemania 2026, del 4 al 13 de septiembre. <strong>Para la catalana, el secreto de Espa\u00f1a es que tiene un \u201cgrupo humano de 10\u201d <\/strong><\/p>\n<p class=\"ft-text\">\u201c<strong>Poder ser referentes para ni\u00f1os y ni\u00f1as, ver que el baloncesto femenino vende y<\/strong> consigue cosas muy grandes es lo mas bonito\u201d, dijo ante los medios.Tras toda una carrera en la \u00e9lite, la jugadora de Casademont Zaragoza, lleva tres veranos viviendo nuevas experiencias con la absoluta en Juegos Ol\u00edmpicos, Europeo y, ahora, su primer Mundial. \u201cT<strong>engo la suerte de volver a ilusionarme, de sentirme como una ni\u00f1a otra vez\u00bb, acab\u00f3.<\/strong><\/p>\n<p>El seleccionador<\/p>\n<p class=\"ft-text\">M\u00e9ndez, por su parte, dijo que espera de su equipo qu<strong>e \u201ccada d\u00eda aparecan jugadoras nuevas\u201d y se mostr\u00f3 \u201cen tensi\u00f3n\u201d ya que, con la incorporaci\u00f3n de las cinco jugadoras de la WNBA<\/strong> la selecci\u00f3n todav\u00eda no ha podido realizar un entrenamiento al completo. Una circunstancia que afecta a casi todas las selecciones mundialistas.<\/p>\n<p class=\"ft-text\"><strong>\u201cEstos tres d\u00edas antes del debut van a ser muy importantes<\/strong> porque tenemos que meter en el equipo con mucha personalidad y muy buenas dentro de lo que ya funciona, sin desestabilizar nada de lo que ya funciona. Es toda una tarea\u201d, a\u00f1adi\u00f3.<\/p>\n<p data-close=\"closedContent\" class=\"subscribeHideForDisplay\">Suscr\u00edbete para seguir leyendo<\/p>\n","protected":false},"excerpt":{"rendered":"Mariona Ortiz firm\u00f3 una actuaci\u00f3n sobresaliente en la victoria de Espa\u00f1a ante China, dejando su sello tanto en&hellip;\n","protected":false},"author":2,"featured_media":741421,"comment_status":"","ping_status":"","sticky":false,"template":"","format":"standard","meta":{"footnotes":""},"categories":[269],"tags":[299,298,13027,2511,168,25,24,36732,5971,3073,23,167,491],"class_list":["post-741420","post","type-post","status-publish","format-standard","has-post-thumbnail","category-baloncesto","tag-baloncesto","tag-basketball","tag-capitana","tag-casademont","tag-deportes","tag-es","tag-espana","tag-mariona","tag-ortiz","tag-presion","tag-spain","tag-sports","tag-zaragoza"],"share_on_mastodon":{"url":"https:\/\/pubeurope.com\/@es\/117193845361043894","error":""},"_links":{"self":[{"href":"https:\/\/www.europesays.com\/es\/wp-json\/wp\/v2\/posts\/741420","targetHints":{"allow":["GET"]}}],"collection":[{"href":"https:\/\/www.europesays.com\/es\/wp-json\/wp\/v2\/posts"}],"about":[{"href":"https:\/\/www.europesays.com\/es\/wp-json\/wp\/v2\/types\/post"}],"author":[{"embeddable":true,"href":"https:\/\/www.europesays.com\/es\/wp-json\/wp\/v2\/users\/2"}],"replies":[{"embeddable":true,"href":"https:\/\/www.europesays.com\/es\/wp-json\/wp\/v2\/comments?post=741420"}],"version-history":[{"count":0,"href":"https:\/\/www.europesays.com\/es\/wp-json\/wp\/v2\/posts\/741420\/revisions"}],"wp:featuredmedia":[{"embeddable":true,"href":"https:\/\/www.europesays.com\/es\/wp-json\/wp\/v2\/media\/741421"}],"wp:attachment":[{"href":"https:\/\/www.europesays.com\/es\/wp-json\/wp\/v2\/media?parent=741420"}],"wp:term":[{"taxonomy":"category","embeddable":true,"href":"https:\/\/www.europesays.com\/es\/wp-json\/wp\/v2\/categories?post=741420"},{"taxonomy":"post_tag","embeddable":true,"href":"https:\/\/www.europesays.com\/es\/wp-json\/wp\/v2\/tags?post=741420"}],"curies":[{"name":"wp","href":"https:\/\/api.w.org\/{rel}","templated":true}]}}