{"id":741434,"date":"2026-09-01T04:30:18","date_gmt":"2026-09-01T04:30:18","guid":{"rendered":"https:\/\/www.europesays.com\/es\/741434\/"},"modified":"2026-09-01T04:30:18","modified_gmt":"2026-09-01T04:30:18","slug":"una-mujer-apunala-a-dos-personas-en-times-square-de-nueva-york-antes-de-morir-por-tiros-de-la-policia","status":"publish","type":"post","link":"https:\/\/www.europesays.com\/es\/741434\/","title":{"rendered":"Una mujer apu\u00f1ala a dos personas en Times Square de Nueva York antes de morir por tiros de la polic\u00eda"},"content":{"rendered":"<p style=\"\">La violencia sobrecogi\u00f3 este lunes por la tarde, a \u00faltima hora de la noche en Espa\u00f1a, a <strong>Times Square<\/strong>, el gran centro neur\u00e1lgico de Nueva York. Una mujer apu\u00f1al\u00f3 a dos personas -una falleci\u00f3, la otra result\u00f3 herida- antes de morir por disparos de  &#8230; la polic\u00eda.<\/p>\n<p class=\"v-d-p\" style=\"\">Ocurri\u00f3 cerca del cruce de la S\u00e9ptima Avenida y la calle 42, poco antes de las cuatro y media de la tarde, hora punta en Nueva York, un momento en el que se entremezclan los turistas y la salida del trabajo de los oficinistas.<\/p>\n<p class=\"v-d-p\" style=\"\">En v\u00eddeos grabados por viandantes se ve el momento en el que <strong>la mujer se enfrenta a la polic\u00eda y acaba muriendo por disparos<\/strong>. En ellos se ve a una mujer con camiseta rosa y vaqueros, que blande dos cuchillos mientras est\u00e1 rodeada por una docena de polic\u00edas, todos a una distancia prudencial.<\/p>\n<ul class=\"v-cmp-rld__u\">\n<li class=\"v-cmp-rld__l\">\n<p><a class=\"v-a-lnk\" href=\"http:\/\/www.abc.es\/internacional\/detenido-presunto-autor-tiroteo-rave-suiza-20260831133452-nt.html#vtm_modulosEngag=noticiasrelacionadas-cmp-uno:internacional:noticia:1\" data-voc-vtm-id=\"in-text-traffic\" rel=\"nofollow noopener\" target=\"_blank\"><br \/>\n<img decoding=\"async\" loading=\"lazy\" src=\"https:\/\/www.europesays.com\/es\/wp-content\/uploads\/2026\/09\/1516622171-kf5C--366x256@diario_abc.jpg\" class=\"v-a-img\" width=\"258\" height=\"180\" alt=\"Detenido el presunto autor del tiroteo en la rave de Suiza\"\/><br \/>\n<\/a><\/p>\n<\/li>\n<\/ul>\n<p class=\"v-d-p\" style=\"\">En un momento, la mujer realiza movimientos circulares con los cuchillos y empieza a trotar en direcci\u00f3n a los agentes. Algunos de ellos disparan su t\u00e1ser, una pistola paralizante de descargas el\u00e9ctricas, pero no detienen por completo a la mujer. Casi de inmediato, se escuchan varias detonaciones. La mujer se cae al suelo y se le ve una herida de disparo en la tripa. <\/p>\n<p class=\"v-d-p\" style=\"\">Las autoridades han descartado en un primer momento que se trate de un acto terrorista. Seg\u00fan &#8216;The New York Post&#8217;, la mujer, que falleci\u00f3 en su traslado al hospital, <strong>ten\u00eda un historial de problemas de salud mental<\/strong>.<\/p>\n<p class=\"v-d-p\" style=\"\">Para entonces, la mujer ya hab\u00eda atacado de forma mortal a una mujer y hab\u00eda dejado herido a un hombre. Los ataques provocaron carreras y escenas de p\u00e1nico en Times Square.<\/p>\n<p class=\"v-d-p\" style=\"\">Aliou Diaye, un vendedor de fruta que tienen su puesto en Times Square, explic\u00f3 a &#8216;The New York Times&#8217; que vio a la mujer apu\u00f1alar a su primera v\u00edctima enfrente de su negocio. <\/p>\n<p class=\"v-d-p\" style=\"\">\u00abNo dijo nada\u00bb, relat\u00f3 al diario neoyorquino. \u00abCamin\u00f3 hasta ella y la apu\u00f1al\u00f3 en el est\u00f3mago\u00bb.<\/p>\n<p class=\"v-d-p\" style=\"\">La tragedia ocurre en medio de una ca\u00edda de los cr\u00edmenes violentos en Nueva York en los \u00faltimos a\u00f1os, despu\u00e9s de que se dispararan durante la pandemia de Covid-19 y los a\u00f1os inmediatamente posteriores.<\/p>\n","protected":false},"excerpt":{"rendered":"La violencia sobrecogi\u00f3 este lunes por la tarde, a \u00faltima hora de la noche en Espa\u00f1a, a Times&hellip;\n","protected":false},"author":2,"featured_media":741435,"comment_status":"","ping_status":"","sticky":false,"template":"","format":"standard","meta":{"footnotes":""},"categories":[42],"tags":[24595,17,18,1563,13,14,11,61,62,63,64,19,20,2616,2461,9,10,15,16,795,3477,586,22034,60708,31072,12,21,22,65,66,67,5867],"class_list":["post-741434","post","type-post","status-publish","format-standard","has-post-thumbnail","category-internacional","tag-apunala","tag-breaking-news","tag-breakingnews","tag-dos","tag-featured-news","tag-featurednews","tag-headlines","tag-internacional","tag-international","tag-international-news","tag-internationalnews","tag-latest-news","tag-latestnews","tag-morir","tag-mujer","tag-news","tag-noticias","tag-noticias-destacadas","tag-noticiasdestacadas","tag-nueva","tag-personas","tag-policia","tag-square","tag-times","tag-tiros","tag-titulares","tag-ultimas-noticias","tag-ultimasnoticias","tag-world","tag-world-news","tag-worldnews","tag-york"],"share_on_mastodon":{"url":"","error":""},"_links":{"self":[{"href":"https:\/\/www.europesays.com\/es\/wp-json\/wp\/v2\/posts\/741434","targetHints":{"allow":["GET"]}}],"collection":[{"href":"https:\/\/www.europesays.com\/es\/wp-json\/wp\/v2\/posts"}],"about":[{"href":"https:\/\/www.europesays.com\/es\/wp-json\/wp\/v2\/types\/post"}],"author":[{"embeddable":true,"href":"https:\/\/www.europesays.com\/es\/wp-json\/wp\/v2\/users\/2"}],"replies":[{"embeddable":true,"href":"https:\/\/www.europesays.com\/es\/wp-json\/wp\/v2\/comments?post=741434"}],"version-history":[{"count":0,"href":"https:\/\/www.europesays.com\/es\/wp-json\/wp\/v2\/posts\/741434\/revisions"}],"wp:featuredmedia":[{"embeddable":true,"href":"https:\/\/www.europesays.com\/es\/wp-json\/wp\/v2\/media\/741435"}],"wp:attachment":[{"href":"https:\/\/www.europesays.com\/es\/wp-json\/wp\/v2\/media?parent=741434"}],"wp:term":[{"taxonomy":"category","embeddable":true,"href":"https:\/\/www.europesays.com\/es\/wp-json\/wp\/v2\/categories?post=741434"},{"taxonomy":"post_tag","embeddable":true,"href":"https:\/\/www.europesays.com\/es\/wp-json\/wp\/v2\/tags?post=741434"}],"curies":[{"name":"wp","href":"https:\/\/api.w.org\/{rel}","templated":true}]}}